{"id":71637,"date":"2025-12-11T14:24:04","date_gmt":"2025-12-11T14:24:04","guid":{"rendered":"https:\/\/www.europesays.com\/lv\/71637\/"},"modified":"2025-12-11T14:24:04","modified_gmt":"2025-12-11T14:24:04","slug":"patricija-eiduka-norvegija-izcina-29-vietu-desmit-kilometru-briva-stila-distance-lente-lv","status":"publish","type":"post","link":"https:\/\/www.europesays.com\/lv\/71637\/","title":{"rendered":"Patr\u012bcija Eiduka Norv\u0113\u0123ij\u0101 izc\u012bna 29. vietu desmit kilometru br\u012bv\u0101 stila distanc\u0113\u00a0\u2014\u00a0Lente.lv"},"content":{"rendered":"<p>Patr\u012bcijas Eidukas sniegums Pasaules kausa posm\u0101 Norv\u0113\u0123ij\u0101<\/p>\n<p>Latvijas distan\u010du sl\u0113pot\u0101ja Patr\u012bcija Eiduka sv\u0113tdien, 7. decembr\u012b, Norv\u0113\u0123ij\u0101 notieko\u0161\u0101 Pasaules kausa distan\u010du sl\u0113po\u0161anas otr\u0101 posma desmit kilometru distanc\u0113 br\u012bvaj\u0101 stil\u0101 ar atsevi\u0161\u0137u startu izc\u012bn\u012bja 29. vietu. \u0160is rezult\u0101ts apliecina sportistes neatlaid\u012bgo darbu un progresu, iez\u012bm\u0113jot vi\u0146as otro Top 30 fini\u0161u \u0161aj\u0101 sezon\u0101. Lai gan pati Eiduka nor\u0101da, ka nav piln\u012bb\u0101 apmierin\u0101ta ar sasniegto, vi\u0146a nov\u0113rt\u0113 ieg\u016bto pieredzi un j\u016bt pozit\u012bvas izmai\u0146as sav\u0101 atg\u016b\u0161an\u0101s proces\u0101.<\/p>\n<p>Sacens\u012bbu gaita un sportistes iespaidi<\/p>\n<p>Eiduka ies\u0101ka distances ar sp\u0113c\u012bgu tempu, p\u0113c pirmajiem diviem kilometriem ie\u0146emot 16. vietu. Pusdistanc\u0113 jeb piecos kilometros vi\u0146a nosl\u012bd\u0113ja uz 23. poz\u012bciju, saglab\u0101jot to ar\u012b p\u0113c septi\u0146iem kilometriem. Diem\u017e\u0113l p\u0113d\u0113j\u0101 pus\u0113 kilometra se\u0161\u0101m konkurent\u0113m izdev\u0101s apsteigt latvieti, k\u0101 rezult\u0101t\u0101 tika izc\u012bn\u012bta 29. vieta. Uzvar\u0113t\u0101jai Eiduka piek\u0101p\u0101s par min\u016bti un 13 sekund\u0113m. Sportiste atzina, ka rezult\u0101ti sievie\u0161u konkurenc\u0113 biju\u0161i neierasti bl\u012bvi, kas ir retums un rad\u012bjis nelielu izbr\u012bnu. &#8220;Nevaru teikt, ka b\u016btu priec\u012bga par rezult\u0101tu, bet kopum\u0101 sacens\u012bbas bija labas un sl\u0113pojums bija \u0101trs,&#8221; atzina Eiduka. Vi\u0146a piebilda, ka pati jutusies labi, sl\u0113pes biju\u0161as nevainojami iesm\u0113r\u0113tas un trase \u2013 diezgan smaga. &#8220;Kopum\u0101 viss ir k\u0101rt\u012bb\u0101. Varu teikt, ka esmu sp\u0113rusi v\u0113l vienu soli uz priek\u0161u sav\u0101 atg\u016b\u0161an\u0101s proces\u0101,&#8221; vi\u0146a piebilda, apliecinot savu sp\u0113c\u012bgo ment\u0101lo gatav\u012bbu un fizisko progresu.<\/p>\n<p>Karjeras sasniegumi un turpm\u0101k\u0101s perspekt\u012bvas<\/p>\n<p>\u0160is 29. vietas ieguvums ir jau 55. reize Patr\u012bcijas Eidukas karjer\u0101, kad vi\u0146a sp\u0113jusi fini\u0161\u0113t tr\u012bsdesmitniek\u0101. Latvijas, kura ir pasaules U23 vice\u010dempione, jau gatavojas n\u0101kamajiem startiem Pasaules kausa posm\u0101 Davos\u0101, \u0160veic\u0113. Tur sportiste pl\u0101no piedal\u012bties gan slidso\u013ca sprint\u0101, kas b\u016bs vi\u0146as pirmais sprints \u0161aj\u0101 sezon\u0101, gan 10 kilometru distanc\u0113 br\u012bvaj\u0101 stil\u0101. Eidukas dal\u012bba Pasaules kausa izc\u012b\u0146\u0101 ir noz\u012bm\u012bgs notikums ne tikai vi\u0146as person\u012bgajai karjerai, bet ar\u012b Latvijas sporta att\u012bst\u012bbai, sniedzot v\u0113rt\u012bgu pieredzi un iesp\u0113ju sal\u012bdzin\u0101t savu sniegumu ar pasaules elites sportistiem. Lai gan 29. vieta nav tikusi pie meda\u013c\u0101m, t\u0101 ir nep\u0101rprotama z\u012bme, ka sportiste ir uz pareiz\u0101 ce\u013ca un nep\u0101rtraukti pilnveidojas, virzoties tuv\u0101k saviem augst\u0101kajiem m\u0113r\u0137iem. Pasaules kausa noz\u012bme ir liela, un \u0161\u012b sezona sola v\u0113l daudz aizraujo\u0161u notikumu, tostarp &#8220;Tour de Ski&#8221; seri\u0101lu un Olimpisk\u0101s sp\u0113les.<\/p>\n<p>Citu sportistu rezult\u0101ti<\/p>\n<p>Sievie\u0161u sacens\u012bb\u0101s uzvaru izc\u012bn\u012bja zviedriete Eba Andersone, par div\u0101m sekund\u0113m apsteidzot savu tautieti Muu Ilaru. Amerik\u0101niete D\u017eesija Diginsa atz\u012bm\u0113j\u0101s ar savu 50. godalgu distanc\u0113. V\u012brie\u0161u konkurenc\u0113 domin\u0113ja Norv\u0113\u0123ijas sl\u0113pot\u0101ji, aiz\u0146emot pirm\u0101s septi\u0146as vietas. Uzvaru svin\u0113ja biju\u0161ais biatlonists Ein\u0101rs Hedeg\u0101rts, kur\u0161 par pussekundi apsteidza savu tautieti Andr\u0113asu Fjordenu R\u0113. Johannes Kl\u0113bo ie\u0146\u0113ma 7. vietu. Latvijas p\u0101rst\u0101vji Lauris Kaparkal\u0113js un J\u0113kabs Skolnieks ie\u0146\u0113ma attiec\u012bgi 90. un 100. vietu.<\/p>\n","protected":false},"excerpt":{"rendered":"Patr\u012bcijas Eidukas sniegums Pasaules kausa posm\u0101 Norv\u0113\u0123ij\u0101 Latvijas distan\u010du sl\u0113pot\u0101ja Patr\u012bcija Eiduka sv\u0113tdien, 7. decembr\u012b, Norv\u0113\u0123ij\u0101 notieko\u0161\u0101 Pasaules&hellip;\n","protected":false},"author":2,"featured_media":71638,"comment_status":"","ping_status":"","sticky":false,"template":"","format":"standard","meta":{"footnotes":""},"categories":[17],"tags":[8196,35,39,38,36,37,34,40,1419,2560,8094,67,620],"class_list":{"0":"post-71637","1":"post","2":"type-post","3":"status-publish","4":"format-standard","5":"has-post-thumbnail","7":"category-sports","8":"tag-distancu-sleposana","9":"tag-latvia","10":"tag-latvian","11":"tag-latviesu","12":"tag-latviesu-valoda","13":"tag-latviesuvaloda","14":"tag-latvija","15":"tag-lv","16":"tag-norvegija","17":"tag-pasaules-kauss","18":"tag-patricija-eiduka","19":"tag-sports","20":"tag-ziemas-sports"},"share_on_mastodon":{"url":"https:\/\/pubeurope.com\/@lv\/115701393965077119","error":""},"_links":{"self":[{"href":"https:\/\/www.europesays.com\/lv\/wp-json\/wp\/v2\/posts\/71637","targetHints":{"allow":["GET"]}}],"collection":[{"href":"https:\/\/www.europesays.com\/lv\/wp-json\/wp\/v2\/posts"}],"about":[{"href":"https:\/\/www.europesays.com\/lv\/wp-json\/wp\/v2\/types\/post"}],"author":[{"embeddable":true,"href":"https:\/\/www.europesays.com\/lv\/wp-json\/wp\/v2\/users\/2"}],"replies":[{"embeddable":true,"href":"https:\/\/www.europesays.com\/lv\/wp-json\/wp\/v2\/comments?post=71637"}],"version-history":[{"count":0,"href":"https:\/\/www.europesays.com\/lv\/wp-json\/wp\/v2\/posts\/71637\/revisions"}],"wp:featuredmedia":[{"embeddable":true,"href":"https:\/\/www.europesays.com\/lv\/wp-json\/wp\/v2\/media\/71638"}],"wp:attachment":[{"href":"https:\/\/www.europesays.com\/lv\/wp-json\/wp\/v2\/media?parent=71637"}],"wp:term":[{"taxonomy":"category","embeddable":true,"href":"https:\/\/www.europesays.com\/lv\/wp-json\/wp\/v2\/categories?post=71637"},{"taxonomy":"post_tag","embeddable":true,"href":"https:\/\/www.europesays.com\/lv\/wp-json\/wp\/v2\/tags?post=71637"}],"curies":[{"name":"wp","href":"https:\/\/api.w.org\/{rel}","templated":true}]}}