{"id":71639,"date":"2025-12-11T14:30:12","date_gmt":"2025-12-11T14:30:12","guid":{"rendered":"https:\/\/www.europesays.com\/lv\/71639\/"},"modified":"2025-12-11T14:30:12","modified_gmt":"2025-12-11T14:30:12","slug":"kilpa-un-sidorova-jaudigais-duets-atnes-vef-riga-pirmo-uzvaru-cempionu-liga","status":"publish","type":"post","link":"https:\/\/www.europesays.com\/lv\/71639\/","title":{"rendered":"\u0136ilpa un Sidorova jaud\u012bgais duets atnes &#8220;VEF R\u012bga&#8221; pirmo uzvaru \u010cempionu l\u012bg\u0101"},"content":{"rendered":"<p>                                <img decoding=\"async\" src=\"https:\/\/www.europesays.com\/lv\/wp-content\/uploads\/2025\/12\/kristaps-kilps-sportazinas-com-750x450.jpg\"   alt=\"Kristaps \u0136ilps\" class=\"post-featured-image\"\/><\/p>\n<p>Kristaps \u0136ilps | Foto: FIBA<\/p>\n<p>Latvijas basketbola klubs <a href=\"https:\/\/www.sportazinas.com\/atsl%C4%93gv%C4%81rdi\/vef-riga\/\" rel=\"nofollow noopener\" target=\"_blank\">\u201cVEF R\u012bga\u201d<\/a> tre\u0161dien Starptautisk\u0101s Basketbola feder\u0101cijas (FIBA) \u010cempionu l\u012bgas pamatturn\u012bra piektaj\u0101 ma\u010d\u0101 izc\u012bn\u012bja uzvaru, tiekot pie pirm\u0101 pan\u0101kuma un saglab\u0101jot cer\u012bbu sasniegt \u201cplay-in\u201d k\u0101rtu. F grupas sp\u0113l\u0113 \u201cVEF R\u012bga\u201d m\u0101j\u0101s ar <a href=\"https:\/\/www.championsleague.basketball\/en\/games\/129318-VEF-OLAJ#boxscore\" target=\"_blank\" rel=\"noreferrer noopener nofollow\">76:62<\/a> (19:20, 20:8, 18:21, 19:13) p\u0101rsp\u0113ja Ung\u0101rijas komandu \u201cSzolnoki\u201d.<\/p>\n<p>Starp uzvar\u0113t\u0101jiem rezultat\u012bv\u0101kais ar 19 punktiem un septi\u0146\u0101m atl\u0113ku\u0161aj\u0101m bumb\u0101m bija Kristaps \u0136ilps, I\u013cja Sidorovs pievienoja 17 punktus, bet Arnaldo Toro Barea iekr\u0101ja devi\u0146us punktus un 18 bumbas zem groziem. Ung\u0101rijas komand\u0101 ar 17 punktiem izc\u0113l\u0101s Ostons B\u0101rnss un Breidijs Sk\u012bns, kur\u0161 ar\u012b izc\u012bn\u012bja 11 atl\u0113ku\u0161\u0101s bumbas.<\/p>\n<p>P\u0113 neliela viesu izr\u0101viena tre\u0161\u0101s ceturtda\u013cas otraj\u0101 pus\u0113 nosl\u0113dzo\u0161\u0101s ceturtda\u013cas s\u0101kum\u0101 laukuma saimnieki atkal atguva +12, ta\u010du turpin\u0101jum\u0101 Ung\u0101rijas vien\u012bba atkal atsp\u0113l\u0113j\u0101s, samazinot \u201cvefie\u0161u\u201d p\u0101rsvaru l\u012bdz pieciem punktiem. P\u0113c 6:0 izr\u0101viena divu min\u016b\u0161u laik\u0101 \u201cVEF R\u012bga\u201d pusotru min\u016bti l\u012bdz pamatlaika beig\u0101m tika pie +11, nosarg\u0101jot p\u0101rsvaru l\u012bdz fin\u0101lsvilpei.<\/p>\n<p>Cit\u0101 F grupas ma\u010d\u0101 tre\u0161dien At\u0113nu AEK sav\u0101 laukum\u0101 ar 99:88 (27:24, 22:23, 19:16, 14:19, 17:6) papildlaik\u0101 uzvar\u0113ja Levices \u201cPatrioti\u201d. F grup\u0101 l\u012bdere ar piec\u0101m uzvar\u0101m tikpat sp\u0113l\u0113s ir At\u0113nu AEK, \u201cPatrioti\u201d un \u201cSzolniki\u201d ir divi pan\u0101kumi attiec\u012bgi piec\u0101s sp\u0113l\u0113s, bet \u201cVEF R\u012bga\u201d ir viena uzvara. Lai cer\u0113tu uz iek\u013c\u016b\u0161anu \u201cplay-in\u201d k\u0101rt\u0101 \u201cVEF R\u012bga\u201d oblig\u0101ti j\u0101izc\u012bna uzvara nosl\u0113dzo\u0161aj\u0101 grupas sp\u0113l\u0113 pret \u201cPatrioti\u201d.<\/p>\n<p>Iepriek\u0161\u0113j\u0101s \u010detr\u0101s F grupas c\u012b\u0146\u0101s \u201cVEF R\u012bga\u201d ar 53:69 piek\u0101p\u0101s At\u0113nu AEK vien\u012bba, ar 73:92 zaud\u0113ja kvalifik\u0101ciju p\u0101rvar\u0113ju\u0161ajai Slov\u0101kijas vien\u012bbai Levices \u201cPatrioti\u201d, ar 76:77 zaud\u0113ja Ung\u0101rijas komandai \u201cSzolnoki\u201d un ar 64:95 v\u0113lreiz piek\u0101p\u0101s AEK, piedz\u012bvojot \u010detrus zaud\u0113jumus p\u0113c k\u0101rtas un tikpat k\u0101 zaud\u0113jot izredzes iek\u013c\u016bt \u201cplay in\u201d k\u0101rt\u0101.<\/p>\n<p>Iepriek\u0161\u0113j\u0101 sezon\u0101 \u201cVEF R\u012bga\u201d sav\u0101 sestaj\u0101 \u010cempionu l\u012bgas sezon\u0101 netika t\u0101l\u0101k par pirmo posmu, ie\u0146emot p\u0113d\u0113jo vietu grup\u0101, kur\u0101 bija j\u0101tiekas ar AEK, Bonnas \u201cTelekom\u201d un Izra\u0113las komandu Ramatganas \u201cMaccabi\u201d, bet Ung\u0101rijas komanda FIBA Eiropas kausa grup\u0101 piedz\u012bvoja se\u0161us zaud\u0113jumu sp\u0113l\u0113s ar Saloniku PAOK, \u201cPorto\u201d no Portug\u0101les un Be\u013c\u0123ijas vien\u012bbu Haseltas \u201cHubo Limburg United\u201d un n\u0101kamaj\u0101 sacens\u012bbu k\u0101rt\u0101 neiek\u013cuva.<\/p>\n<p>Pamatturn\u012bra pirmaj\u0101 posm\u0101 32 komandas ir sadal\u012btas asto\u0146\u0101s apak\u0161grup\u0101s. Grupu uzvar\u0113t\u0101jas nodro\u0161ina vietu otraj\u0101 posm\u0101, bet v\u0113l asto\u0146as komandas tiks noskaidrotas \u201cplay-in\u201d k\u0101rt\u0101, kur\u0101 piedal\u012bsies otro un tre\u0161o vietu grup\u0101s ie\u0146\u0113mu\u0161\u0101s vien\u012bbas. P\u0113d\u0113jo vietu grup\u0101s ie\u0146\u0113mu\u0161aj\u0101m komand\u0101m turn\u012brs b\u016bs beidzies.<\/p>\n<p>Iepriek\u0161\u0113j\u0101 sezon\u0101 turn\u012br\u0101 otro gadu p\u0113c k\u0101rtas uzvar\u0113ja Malagas \u201cUnicaja\u201d, kas fin\u0101l\u0101 ar 83:67 p\u0101rsp\u0113ja Stambulas \u201cGalatasaray\u201d basketbolistus.<\/p>\n","protected":false},"excerpt":{"rendered":"Kristaps \u0136ilps | Foto: FIBA Latvijas basketbola klubs \u201cVEF R\u012bga\u201d tre\u0161dien Starptautisk\u0101s Basketbola feder\u0101cijas (FIBA) \u010cempionu l\u012bgas pamatturn\u012bra&hellip;\n","protected":false},"author":2,"featured_media":71640,"comment_status":"","ping_status":"","sticky":false,"template":"","format":"standard","meta":{"footnotes":""},"categories":[17],"tags":[35,39,38,36,37,34,40,67],"class_list":{"0":"post-71639","1":"post","2":"type-post","3":"status-publish","4":"format-standard","5":"has-post-thumbnail","7":"category-sports","8":"tag-latvia","9":"tag-latvian","10":"tag-latviesu","11":"tag-latviesu-valoda","12":"tag-latviesuvaloda","13":"tag-latvija","14":"tag-lv","15":"tag-sports"},"share_on_mastodon":{"url":"https:\/\/pubeurope.com\/@lv\/115701417659871548","error":""},"_links":{"self":[{"href":"https:\/\/www.europesays.com\/lv\/wp-json\/wp\/v2\/posts\/71639","targetHints":{"allow":["GET"]}}],"collection":[{"href":"https:\/\/www.europesays.com\/lv\/wp-json\/wp\/v2\/posts"}],"about":[{"href":"https:\/\/www.europesays.com\/lv\/wp-json\/wp\/v2\/types\/post"}],"author":[{"embeddable":true,"href":"https:\/\/www.europesays.com\/lv\/wp-json\/wp\/v2\/users\/2"}],"replies":[{"embeddable":true,"href":"https:\/\/www.europesays.com\/lv\/wp-json\/wp\/v2\/comments?post=71639"}],"version-history":[{"count":0,"href":"https:\/\/www.europesays.com\/lv\/wp-json\/wp\/v2\/posts\/71639\/revisions"}],"wp:featuredmedia":[{"embeddable":true,"href":"https:\/\/www.europesays.com\/lv\/wp-json\/wp\/v2\/media\/71640"}],"wp:attachment":[{"href":"https:\/\/www.europesays.com\/lv\/wp-json\/wp\/v2\/media?parent=71639"}],"wp:term":[{"taxonomy":"category","embeddable":true,"href":"https:\/\/www.europesays.com\/lv\/wp-json\/wp\/v2\/categories?post=71639"},{"taxonomy":"post_tag","embeddable":true,"href":"https:\/\/www.europesays.com\/lv\/wp-json\/wp\/v2\/tags?post=71639"}],"curies":[{"name":"wp","href":"https:\/\/api.w.org\/{rel}","templated":true}]}}