{"id":71649,"date":"2025-12-11T14:58:11","date_gmt":"2025-12-11T14:58:11","guid":{"rendered":"https:\/\/www.europesays.com\/lv\/71649\/"},"modified":"2025-12-11T14:58:11","modified_gmt":"2025-12-11T14:58:11","slug":"masveida-protesti-un-apsudzibas-korupcija-piespiez-bulgarijas-valdibu-atkapties","status":"publish","type":"post","link":"https:\/\/www.europesays.com\/lv\/71649\/","title":{"rendered":"Masveida protesti un aps\u016bdz\u012bbas korupcij\u0101 piespie\u017e Bulg\u0101rijas vald\u012bbu atk\u0101pties"},"content":{"rendered":"<p>Tre\u0161dienas vakar\u0101 protest\u0113t\u0101ji pie Bulg\u0101rijas parlamenta ar l\u0101zeriem projic\u0113ja uz \u0113kas uzrakstus \u201cAtk\u0101p\u0161an\u0101s\u201d, \u201cMafija \u0101r\u0101\u201d un \u201cPar god\u012bg\u0101m v\u0113l\u0113\u0161an\u0101m\u201d. Demonstr\u0101cijas notika vair\u0101k nek\u0101 25 pils\u0113t\u0101s, tostarp Plovdiv\u0101, Varn\u0101 un Burgas\u0101. Da\u017e\u0101s no t\u0101m piedal\u012bj\u0101s vair\u0101ki t\u016bksto\u0161i cilv\u0113ku, studenti un diasporas p\u0101rst\u0101vji \u0101rvalst\u012bs. Tiek l\u0113sts, ka protestos piedal\u012bjo\u0161ies 100 l\u012bdz 150 t\u016bksto\u0161i cilv\u0113ku.<\/p>\n<p>Protest\u0113t\u0101ji savu neapmierin\u0101t\u012bbu \u012bpa\u0161i v\u0113rsa pret politisko sp\u0113l\u0113t\u0101ju un ietekm\u012bgo biznesmeni Deljanu P\u0113vski, kur\u0161 iepriek\u0161 ASV un Lielbrit\u0101nij\u0101 ticis sankcion\u0113ts par korupciju. Kriti\u0137i apgalvo, ka P\u0113vski \u201cfaktiski kontrol\u0113 vald\u012bbas l\u0113mumus\u201d, izmantojot politisko ietekmi parlament\u0101.<\/p>\n<p>            <img loading=\"lazy\" decoding=\"async\" class=\"size-full wp-image-3696279 skaties-content-image\" title=\"Bulgaria Protests\" src=\"https:\/\/www.europesays.com\/lv\/wp-content\/uploads\/2025\/12\/c84f-693ac99ec0f2b-scaled.jpg\" alt=\"Bulgaria Protests\" width=\"2000\" height=\"1333\"  \/><\/p>\n<p>                FOTO: Valentina Petrova, AP<\/p>\n<p>Lai gan opoz\u012bcija bija iesniegusi k\u0101rt\u0113jo neuztic\u012bbas balsojumu Bulg\u0101rijas vald\u012bbai, \u017de\u013cazkovs atk\u0101p\u0101s tie\u0161i pirms balsojuma, atz\u012bstot, ka protesti k\u013cuvu\u0161i par skaidru sign\u0101lu. Prezidenta Rumena Radeva ieskat\u0101 t\u016bksto\u0161u cilv\u0113ku protesti pa\u0161i par sevi bija \u201ctautas neuztic\u012bbas balsojums vald\u012bbai\u201d.<\/p>\n<p>Bulg\u0101rija 1. janv\u0101r\u012b gatavojas pievienoties eirozonai, ta\u010du p\u0113d\u0113jo ned\u0113\u013cu spriedzi pastiprin\u0101ja vald\u012bbas 2026. gada bud\u017eeta pied\u0101v\u0101jums ar nodok\u013cu cel\u0161anu un soci\u0101l\u0101 finans\u0113juma izmai\u0146\u0101m, kas s\u0101kotn\u0113ji izrais\u012bja protestu vilni.<\/p>\n<p class=\"tv3-fw-500\">Zi\u0146o par k\u013c\u016bdu rakst\u0101<\/p>\n<p class=\"d-md-block d-none\">Iez\u012bm\u0113 k\u013c\u016bdaino tekstu un spied Ctrl+Enter.<\/p>\n<p class=\"d-md-none d-block\">Iez\u012bm\u0113 k\u013c\u016bdaino tekstu un zi\u0146o par to!<\/p>\n","protected":false},"excerpt":{"rendered":"Tre\u0161dienas vakar\u0101 protest\u0113t\u0101ji pie Bulg\u0101rijas parlamenta ar l\u0101zeriem projic\u0113ja uz \u0113kas uzrakstus \u201cAtk\u0101p\u0161an\u0101s\u201d, \u201cMafija \u0101r\u0101\u201d un \u201cPar god\u012bg\u0101m&hellip;\n","protected":false},"author":2,"featured_media":71650,"comment_status":"","ping_status":"","sticky":false,"template":"","format":"standard","meta":{"footnotes":""},"categories":[5],"tags":[23,28,29,18252,32,33,22,30,31,35,39,38,36,37,34,40,20,26,27,24,25,21],"class_list":{"0":"post-71649","1":"post","2":"type-post","3":"status-publish","4":"format-standard","5":"has-post-thumbnail","7":"category-aktualitates","8":"tag-aktualitates","9":"tag-breaking-news","10":"tag-breakingnews","11":"tag-bulgarijademisija","12":"tag-featured-news","13":"tag-featurednews","14":"tag-headlines","15":"tag-latest-news","16":"tag-latestnews","17":"tag-latvia","18":"tag-latvian","19":"tag-latviesu","20":"tag-latviesu-valoda","21":"tag-latviesuvaloda","22":"tag-latvija","23":"tag-lv","24":"tag-news","25":"tag-popularakas-zinas","26":"tag-popularakaszinas","27":"tag-top-stories","28":"tag-topstories","29":"tag-zinas"},"share_on_mastodon":{"url":"https:\/\/pubeurope.com\/@lv\/115701527714369127","error":""},"_links":{"self":[{"href":"https:\/\/www.europesays.com\/lv\/wp-json\/wp\/v2\/posts\/71649","targetHints":{"allow":["GET"]}}],"collection":[{"href":"https:\/\/www.europesays.com\/lv\/wp-json\/wp\/v2\/posts"}],"about":[{"href":"https:\/\/www.europesays.com\/lv\/wp-json\/wp\/v2\/types\/post"}],"author":[{"embeddable":true,"href":"https:\/\/www.europesays.com\/lv\/wp-json\/wp\/v2\/users\/2"}],"replies":[{"embeddable":true,"href":"https:\/\/www.europesays.com\/lv\/wp-json\/wp\/v2\/comments?post=71649"}],"version-history":[{"count":0,"href":"https:\/\/www.europesays.com\/lv\/wp-json\/wp\/v2\/posts\/71649\/revisions"}],"wp:featuredmedia":[{"embeddable":true,"href":"https:\/\/www.europesays.com\/lv\/wp-json\/wp\/v2\/media\/71650"}],"wp:attachment":[{"href":"https:\/\/www.europesays.com\/lv\/wp-json\/wp\/v2\/media?parent=71649"}],"wp:term":[{"taxonomy":"category","embeddable":true,"href":"https:\/\/www.europesays.com\/lv\/wp-json\/wp\/v2\/categories?post=71649"},{"taxonomy":"post_tag","embeddable":true,"href":"https:\/\/www.europesays.com\/lv\/wp-json\/wp\/v2\/tags?post=71649"}],"curies":[{"name":"wp","href":"https:\/\/api.w.org\/{rel}","templated":true}]}}