{"id":71662,"date":"2025-12-11T15:40:11","date_gmt":"2025-12-11T15:40:11","guid":{"rendered":"https:\/\/www.europesays.com\/lv\/71662\/"},"modified":"2025-12-11T15:40:11","modified_gmt":"2025-12-11T15:40:11","slug":"saeima-konceptuali-atbalsta-pretrunigi-vertetas-izmainas-darba-likuma","status":"publish","type":"post","link":"https:\/\/www.europesays.com\/lv\/71662\/","title":{"rendered":"Saeima konceptu\u0101li atbalsta pretrun\u012bgi v\u0113rt\u0113t\u0101s izmai\u0146as Darba likum\u0101"},"content":{"rendered":"<p>Skatot \u0161o likumprojektu, jau vald\u012bb\u0101 rais\u012bj\u0101s ilgsto\u0161as diskusijas, un par vair\u0101kiem jaut\u0101jumiem ministri un soci\u0101lie partneri pauda at\u0161\u0137ir\u012bgus viedok\u013cus. T\u0101 k\u0101 par visu neizdev\u0101s vienoties, darbu un diskusijas par likumprojekta iecer\u0113m tika pl\u0101nots turpin\u0101t Saeim\u0101.<\/p>\n<p>V\u0113l\u0101k ar\u012b Saeimas Soci\u0101lo un darba lietu komisij\u0101 notiku\u0161as asas debates par Darba likuma groz\u012bjumiem starp Latvijas Darba dev\u0113ju konfeder\u0101cijas (LDDK) un Latvijas Br\u012bvo arodbiedr\u012bbu savien\u012bbas (LBAS) p\u0101rst\u0101vjiem.<\/p>\n<p>Groz\u012bjumi paredz, ka darba dev\u0113ji un darbinieku p\u0101rst\u0101vji kopl\u012bgum\u0101 var\u0113s vienoties par zem\u0101ku piemaksu par virsstundu darbu, bet ne maz\u0101ku k\u0101 50% apm\u0113r\u0101, ja attiec\u012bgaj\u0101 uz\u0146\u0113mum\u0101 vai nozar\u0113 vismaz par 50% tiek paaugstin\u0101ta minim\u0101l\u0101 m\u0113ne\u0161a darba alga vai stundas likme.<\/p>\n<p>Ja valsts noteikt\u0101 minim\u0101l\u0101 alga tiek paaugstin\u0101ta un kopl\u012bgum\u0101 paredz\u0113t\u0101 alga k\u013c\u016bst zem\u0101ka par likum\u0101 noteikto minimumu, bet puses kopl\u012bgumu nepreciz\u0113, sp\u0113ku zaud\u0113s tikai t\u0101 da\u013ca, kas paredz virsstundu piemaksas samazin\u0101jumu, neietekm\u0113jot p\u0101r\u0113jos kopl\u012bguma noteikumus, paredz likumprojekts.<\/p>\n","protected":false},"excerpt":{"rendered":"Skatot \u0161o likumprojektu, jau vald\u012bb\u0101 rais\u012bj\u0101s ilgsto\u0161as diskusijas, un par vair\u0101kiem jaut\u0101jumiem ministri un soci\u0101lie partneri pauda at\u0161\u0137ir\u012bgus&hellip;\n","protected":false},"author":2,"featured_media":71663,"comment_status":"","ping_status":"","sticky":false,"template":"","format":"standard","meta":{"footnotes":""},"categories":[5],"tags":[23,28,29,4603,32,33,22,30,31,35,39,38,36,37,34,40,20,26,27,141,24,25,21],"class_list":{"0":"post-71662","1":"post","2":"type-post","3":"status-publish","4":"format-standard","5":"has-post-thumbnail","7":"category-aktualitates","8":"tag-aktualitates","9":"tag-breaking-news","10":"tag-breakingnews","11":"tag-darba-tirgus","12":"tag-featured-news","13":"tag-featurednews","14":"tag-headlines","15":"tag-latest-news","16":"tag-latestnews","17":"tag-latvia","18":"tag-latvian","19":"tag-latviesu","20":"tag-latviesu-valoda","21":"tag-latviesuvaloda","22":"tag-latvija","23":"tag-lv","24":"tag-news","25":"tag-popularakas-zinas","26":"tag-popularakaszinas","27":"tag-saeima","28":"tag-top-stories","29":"tag-topstories","30":"tag-zinas"},"share_on_mastodon":{"url":"https:\/\/pubeurope.com\/@lv\/115701692668896207","error":""},"_links":{"self":[{"href":"https:\/\/www.europesays.com\/lv\/wp-json\/wp\/v2\/posts\/71662","targetHints":{"allow":["GET"]}}],"collection":[{"href":"https:\/\/www.europesays.com\/lv\/wp-json\/wp\/v2\/posts"}],"about":[{"href":"https:\/\/www.europesays.com\/lv\/wp-json\/wp\/v2\/types\/post"}],"author":[{"embeddable":true,"href":"https:\/\/www.europesays.com\/lv\/wp-json\/wp\/v2\/users\/2"}],"replies":[{"embeddable":true,"href":"https:\/\/www.europesays.com\/lv\/wp-json\/wp\/v2\/comments?post=71662"}],"version-history":[{"count":0,"href":"https:\/\/www.europesays.com\/lv\/wp-json\/wp\/v2\/posts\/71662\/revisions"}],"wp:featuredmedia":[{"embeddable":true,"href":"https:\/\/www.europesays.com\/lv\/wp-json\/wp\/v2\/media\/71663"}],"wp:attachment":[{"href":"https:\/\/www.europesays.com\/lv\/wp-json\/wp\/v2\/media?parent=71662"}],"wp:term":[{"taxonomy":"category","embeddable":true,"href":"https:\/\/www.europesays.com\/lv\/wp-json\/wp\/v2\/categories?post=71662"},{"taxonomy":"post_tag","embeddable":true,"href":"https:\/\/www.europesays.com\/lv\/wp-json\/wp\/v2\/tags?post=71662"}],"curies":[{"name":"wp","href":"https:\/\/api.w.org\/{rel}","templated":true}]}}