{"id":71696,"date":"2025-12-11T16:28:09","date_gmt":"2025-12-11T16:28:09","guid":{"rendered":"https:\/\/www.europesays.com\/lv\/71696\/"},"modified":"2025-12-11T16:28:09","modified_gmt":"2025-12-11T16:28:09","slug":"ministrs-aptur-juras-aizsargajamo-teritoriju-dabas-aizsardzibas-planu","status":"publish","type":"post","link":"https:\/\/www.europesays.com\/lv\/71696\/","title":{"rendered":"Ministrs aptur J\u016bras aizsarg\u0101jamo teritoriju dabas aizsardz\u012bbas pl\u0101nu"},"content":{"rendered":"<p>&#8220;Mazj\u016bras zvejnieki&#8221; aicina piedal\u012bties n\u0101kamaj\u0101 sabiedriskaj\u0101 apsprie\u0161an\u0101 par topo\u0161o dabas pl\u0101nu Kolkas l\u012bbie\u0161u nam\u0101 16. decembr\u012b plkst. 13. Zvejnieki sol\u012bju\u0161i sav\u0101kt j\u016bras m\u0113slus un d\u0101v\u0101t visiem, kuri grib tos audz\u0113t m\u0101j\u0101s &#8211; vann\u0101s, burk\u0101s, t\u0113jas kr\u016bz\u0113s vai klozetpodos.<\/p>\n<p>K\u0101 zi\u0146ots, decembra s\u0101kum\u0101 DAP Salacgr\u012bvas biroj\u0101 notika aizsarg\u0101jamo j\u016bras teritoriju dabas aizsardz\u012bbas pl\u0101na sabiedrisk\u0101 apsprie\u0161ana.<\/p>\n<p>K\u0101 a\u0123ent\u016bru LETA inform\u0113ja DAP projekta &#8220;Life Reef&#8221; vad\u012bt\u0101ja Ilze Sabule, dabas aizsardz\u012bbas pl\u0101na uzdevums ir saska\u0146ot dabas aizsardz\u012bbas un saimniecisk\u0101s darb\u012bbas intereses, nodro\u0161inot dabas v\u0113rt\u012bbu saglab\u0101\u0161anu, k\u0101 ar\u012b netrauc\u0113tu att\u012bst\u012bbu.<\/p>\n<p>Aizsarg\u0101jamo j\u016bras teritoriju t\u012bkls izveidots 2010. gad\u0101 un iek\u013cauts Eiropas noz\u012bmes aizsarg\u0101jamo dabas teritoriju t\u012bkl\u0101 &#8220;Natura 2000&#8221;, lai nodro\u0161in\u0101tu j\u016bras biotopu, sugu saglab\u0101\u0161anu un migr\u0113jo\u0161o putnu baro\u0161an\u0101s un ziemo\u0161anas vietu aizsardz\u012bbu.<\/p>\n<p>Projekt\u0101 veikta j\u016bras biolo\u0123isk\u0101s daudzveid\u012bbas kart\u0113\u0161ana ekskluz\u012bv\u0101s ekonomisk\u0101s zonas \u016bde\u0146os, p\u0101rskat\u012bti pieejamie dati par Latvijai piekrit\u012bgajiem j\u016bras \u016bde\u0146iem, sniegti priek\u0161likumi aizsarg\u0101jamo j\u016bras teritoriju t\u012bkla papla\u0161in\u0101\u0161anai, vienlaikus veidojot da\u017e\u0101das funkcion\u0101l\u0101s zonas, lai nodro\u0161in\u0101tu ilgtsp\u0113j\u012bgu biolo\u0123isk\u0101s daudzveid\u012bbas saglab\u0101\u0161anu un saimniecisk\u0101s darb\u012bbas \u012bsteno\u0161anu.<\/p>\n<p>Iebildumus pret pl\u0101na projektu paudu\u0161i piekrastes zvejnieki, nor\u0101dot, ka tas nesam\u0113r\u012bgi ierobe\u017eos zvejniec\u012bbu.<\/p>\n<p>DAP rosinot b\u016btiski ierobe\u017eot zveju pla\u0161os j\u016bras apgabalos Latvijas piekrast\u0113. T\u0101d\u0113j\u0101di \u013coti negat\u012bvi tik\u0161ot ietekm\u0113ta saimniecisk\u0101 aktivit\u0101te daudzos R\u012bgas l\u012b\u010da un Baltijas j\u016bras ciematos un pils\u0113t\u0101s, kuros zveja, zivju k\u016bpin\u0101\u0161ana un apstr\u0101de ir svar\u012bgs r\u016bpals simtiem \u0123ime\u0146u, zvejnieku saimniec\u012bbu un uz\u0146\u0113mumu.<\/p>\n","protected":false},"excerpt":{"rendered":"&#8220;Mazj\u016bras zvejnieki&#8221; aicina piedal\u012bties n\u0101kamaj\u0101 sabiedriskaj\u0101 apsprie\u0161an\u0101 par topo\u0161o dabas pl\u0101nu Kolkas l\u012bbie\u0161u nam\u0101 16. decembr\u012b plkst. 13.&hellip;\n","protected":false},"author":2,"featured_media":71697,"comment_status":"","ping_status":"","sticky":false,"template":"","format":"standard","meta":{"footnotes":""},"categories":[5],"tags":[23,28,29,32,33,22,30,31,35,39,38,36,37,34,40,20,26,27,3492,24,25,21],"class_list":{"0":"post-71696","1":"post","2":"type-post","3":"status-publish","4":"format-standard","5":"has-post-thumbnail","7":"category-aktualitates","8":"tag-aktualitates","9":"tag-breaking-news","10":"tag-breakingnews","11":"tag-featured-news","12":"tag-featurednews","13":"tag-headlines","14":"tag-latest-news","15":"tag-latestnews","16":"tag-latvia","17":"tag-latvian","18":"tag-latviesu","19":"tag-latviesu-valoda","20":"tag-latviesuvaloda","21":"tag-latvija","22":"tag-lv","23":"tag-news","24":"tag-popularakas-zinas","25":"tag-popularakaszinas","26":"tag-raimonds-cudars","27":"tag-top-stories","28":"tag-topstories","29":"tag-zinas"},"share_on_mastodon":{"url":"https:\/\/pubeurope.com\/@lv\/115701881414389661","error":""},"_links":{"self":[{"href":"https:\/\/www.europesays.com\/lv\/wp-json\/wp\/v2\/posts\/71696","targetHints":{"allow":["GET"]}}],"collection":[{"href":"https:\/\/www.europesays.com\/lv\/wp-json\/wp\/v2\/posts"}],"about":[{"href":"https:\/\/www.europesays.com\/lv\/wp-json\/wp\/v2\/types\/post"}],"author":[{"embeddable":true,"href":"https:\/\/www.europesays.com\/lv\/wp-json\/wp\/v2\/users\/2"}],"replies":[{"embeddable":true,"href":"https:\/\/www.europesays.com\/lv\/wp-json\/wp\/v2\/comments?post=71696"}],"version-history":[{"count":0,"href":"https:\/\/www.europesays.com\/lv\/wp-json\/wp\/v2\/posts\/71696\/revisions"}],"wp:featuredmedia":[{"embeddable":true,"href":"https:\/\/www.europesays.com\/lv\/wp-json\/wp\/v2\/media\/71697"}],"wp:attachment":[{"href":"https:\/\/www.europesays.com\/lv\/wp-json\/wp\/v2\/media?parent=71696"}],"wp:term":[{"taxonomy":"category","embeddable":true,"href":"https:\/\/www.europesays.com\/lv\/wp-json\/wp\/v2\/categories?post=71696"},{"taxonomy":"post_tag","embeddable":true,"href":"https:\/\/www.europesays.com\/lv\/wp-json\/wp\/v2\/tags?post=71696"}],"curies":[{"name":"wp","href":"https:\/\/api.w.org\/{rel}","templated":true}]}}