{"id":71698,"date":"2025-12-11T16:30:07","date_gmt":"2025-12-11T16:30:07","guid":{"rendered":"https:\/\/www.europesays.com\/lv\/71698\/"},"modified":"2025-12-11T16:30:07","modified_gmt":"2025-12-11T16:30:07","slug":"izm-skaidro-kapec-snikus-un-apinis-nesanems-naudas-balvu","status":"publish","type":"post","link":"https:\/\/www.europesays.com\/lv\/71698\/","title":{"rendered":"IZM skaidro, k\u0101p\u0113c Snikus un Apinis nesa\u0146ems naudas balvu"},"content":{"rendered":"<p>Latvijas Nacion\u0101l\u0101 sporta padome (LNSP) tre\u0161dien, 10. decembr\u012b, atbalst\u012bja naudas balvu pie\u0161\u0137ir\u0161anu vair\u0101kiem sportistiem par izciliem sasniegumiem, kopum\u0101 813 089 eiro apm\u0113r\u0101. Par augstiem sasniegumiem pasaules \u010dempion\u0101t\u0101 naudas balva paredz\u0113ta ar\u012b parasportistei Di\u0101nai Kr\u016bmi\u0146ai. Ta\u010du parasportistiem Aigaram Apinim un Rihardam Snikum, kuri aizvad\u012btaj\u0101 sezon\u0101 ar\u012b sasniedza labus rezult\u0101tus, naudas balvas netiks pie\u0161\u0137irtas, kas izrais\u012bja vi\u0146u neapmierin\u0101t\u012bbu.<\/p>\n<p>Ministru kabineta noteikumi paredz, ka sportistiem naudas balvas pie\u0161\u0137ir par augstiem sasniegumiem ofici\u0101l\u0101s starptautiskaj\u0101s sacens\u012bb\u0101s. Sagatavojot priek\u0161likumus par naudas balvu pie\u0161\u0137ir\u0161anu, LNSP izv\u0113rt\u0113 sacens\u012bbu noz\u012bm\u012bgumu, tostarp piedal\u012bju\u0161os valstu un sportistu skaitu.<\/p>\n<p>Ta\u010du valstu skaits, kas tiek \u0146emts v\u0113r\u0101 izv\u0113rt\u0113\u0161an\u0101, vair\u0101k balst\u0101s padomes iepriek\u0161\u0113j\u0101 pieredz\u0113. P\u0113d\u0113jo piecu gadu laik\u0101 par orientieri konsekventi izmantots vismaz desmit valstu dal\u012bjums, lai nodro\u0161in\u0101tu sal\u012bdzin\u0101mu un taisn\u012bgu pr\u0113miju pie\u0161\u0137ir\u0161anu.<\/p>\n<p>\u0160ogad LNSP izv\u0113rt\u0113jusi 200 sportistu un piecu izla\u0161u rezult\u0101tus, naudas balvas pie\u0161\u0137irot 78 sportistiem. Padome l\u0113mumus pie\u0146em skaidr\u0101 tiesisk\u0101 ietvar\u0101, uzsver IZM, nor\u0101dot, ka l\u0113mumi bez juridiska pamata netiek pie\u0146emti.<\/p>\n<p>Ministrija uzsver, ka ir atv\u0113rta diskusij\u0101m par naudas balvu pie\u0161\u0137ir\u0161anas k\u0101rt\u012bbas pilnveidi, ta\u010du esot b\u016btiski, lai sist\u0113ma paliek tiesiska, caursp\u012bd\u012bga un vienl\u012bdz\u012bga gan sportistu, gan parasportistu vid\u016b. Gan sportistu izvad\u012b\u0161ana uz noz\u012bm\u012bg\u0101m sacens\u012bb\u0101m, gan sagaid\u012b\u0161ana un apbalvo\u0161ana notiek vienot\u0101 k\u0101rt\u012bb\u0101, inform\u0113 ministrija.<\/p>\n<p>Latvijas sportistu un parasportistu sasniegumi starptautiskaj\u0101s sacens\u012bb\u0101s ir b\u016btisks ieguld\u012bjums sabiedr\u012bbas iedvesmo\u0161an\u0101, un attieksme pret ab\u0101m sportistu grup\u0101m vienm\u0113r ir bijusi vienl\u012bdz\u012bga, uzsver IZM.<\/p>\n<p>K\u0101 nor\u0101da ministrija, parasportistu atbalstam, tostarp alg\u0101m, pabalstiem un pr\u0113mij\u0101m, \u0161ogad no valsts bud\u017eeta pie\u0161\u0137irti 1,016 miljoni eiro.<\/p>\n","protected":false},"excerpt":{"rendered":"Latvijas Nacion\u0101l\u0101 sporta padome (LNSP) tre\u0161dien, 10. decembr\u012b, atbalst\u012bja naudas balvu pie\u0161\u0137ir\u0161anu vair\u0101kiem sportistiem par izciliem sasniegumiem, kopum\u0101&hellip;\n","protected":false},"author":2,"featured_media":71699,"comment_status":"","ping_status":"","sticky":false,"template":"","format":"standard","meta":{"footnotes":""},"categories":[17],"tags":[2933,35,39,38,36,37,34,40,3311,4265,4534,67],"class_list":{"0":"post-71698","1":"post","2":"type-post","3":"status-publish","4":"format-standard","5":"has-post-thumbnail","7":"category-sports","8":"tag-aigars-apinis","9":"tag-latvia","10":"tag-latvian","11":"tag-latviesu","12":"tag-latviesu-valoda","13":"tag-latviesuvaloda","14":"tag-latvija","15":"tag-lv","16":"tag-paraolimpiskais-sports","17":"tag-parasports","18":"tag-rihards-snikus","19":"tag-sports"},"share_on_mastodon":{"url":"https:\/\/pubeurope.com\/@lv\/115701889295494327","error":""},"_links":{"self":[{"href":"https:\/\/www.europesays.com\/lv\/wp-json\/wp\/v2\/posts\/71698","targetHints":{"allow":["GET"]}}],"collection":[{"href":"https:\/\/www.europesays.com\/lv\/wp-json\/wp\/v2\/posts"}],"about":[{"href":"https:\/\/www.europesays.com\/lv\/wp-json\/wp\/v2\/types\/post"}],"author":[{"embeddable":true,"href":"https:\/\/www.europesays.com\/lv\/wp-json\/wp\/v2\/users\/2"}],"replies":[{"embeddable":true,"href":"https:\/\/www.europesays.com\/lv\/wp-json\/wp\/v2\/comments?post=71698"}],"version-history":[{"count":0,"href":"https:\/\/www.europesays.com\/lv\/wp-json\/wp\/v2\/posts\/71698\/revisions"}],"wp:featuredmedia":[{"embeddable":true,"href":"https:\/\/www.europesays.com\/lv\/wp-json\/wp\/v2\/media\/71699"}],"wp:attachment":[{"href":"https:\/\/www.europesays.com\/lv\/wp-json\/wp\/v2\/media?parent=71698"}],"wp:term":[{"taxonomy":"category","embeddable":true,"href":"https:\/\/www.europesays.com\/lv\/wp-json\/wp\/v2\/categories?post=71698"},{"taxonomy":"post_tag","embeddable":true,"href":"https:\/\/www.europesays.com\/lv\/wp-json\/wp\/v2\/tags?post=71698"}],"curies":[{"name":"wp","href":"https:\/\/api.w.org\/{rel}","templated":true}]}}