{"id":71704,"date":"2025-12-11T16:46:10","date_gmt":"2025-12-11T16:46:10","guid":{"rendered":"https:\/\/www.europesays.com\/lv\/71704\/"},"modified":"2025-12-11T16:46:10","modified_gmt":"2025-12-11T16:46:10","slug":"ta-liela-mera-sakrit-ar-musu-skatijumu-lente-lv","status":"publish","type":"post","link":"https:\/\/www.europesays.com\/lv\/71704\/","title":{"rendered":"t\u0101 liel\u0101 m\u0113r\u0101 sakr\u012bt ar m\u016bsu skat\u012bjumu\u00a0\u2014\u00a0Lente.lv"},"content":{"rendered":"<p>Krievijas gandar\u012bjums par ASV jauno dro\u0161\u012bbas strat\u0113\u0123iju: kop\u012bgs skat\u012bjums?<\/p>\n<p>Neskatoties uz iepriek\u0161\u0113j\u0101m spriedz\u0113m, Krievija pau\u017e man\u0101mu gandar\u012bjumu par nesen publiskoto jauno ASV nacion\u0101l\u0101s dro\u0161\u012bbas strat\u0113\u0123iju. Krem\u013ca p\u0101rst\u0101vji atzinu\u0161i, ka dokument\u0101 paustais redz\u0113jums liel\u0101 m\u0113r\u0101 sakr\u012bt ar Krievijas pa\u0161u skat\u012bjumu uz pasauli. \u0160\u012b negaid\u012bt\u0101 saska\u0146a ir izrais\u012bjusi pla\u0161as diskusijas un analiz\u0113\u0161anu starptautiskaj\u0101 politik\u0101.<\/p>\n<p>Strat\u0113\u0123ijas galvenie akcenti un Krievijas atzin\u012bba<\/p>\n<p>Jaun\u0101 ASV nacion\u0101l\u0101s dro\u0161\u012bbas strat\u0113\u0123ija, kas public\u0113ta \u0161oned\u0113\u013c, iez\u012bm\u0113 iev\u0113rojamu politikas mai\u0146u, liekot uzsvaru uz principu &#8220;Amerika pirmaj\u0101 viet\u0101&#8221; un priorit\u0101ti pie\u0161\u0137irot Rietumu puslodei. Dokument\u0101 kritiz\u0113ta Eiropas Savien\u012bbas politika vair\u0101kos jaut\u0101jumos, tostarp migr\u0101cijas, ekonomisk\u0101s regul\u0113\u0161anas un v\u0101rda br\u012bv\u012bbas jom\u0101s. T\u0101pat strat\u0113\u0123ija mudina Eiropu b\u016bt neatkar\u012bg\u0101kai un pa\u0161ai uz\u0146emties liel\u0101ku atbild\u012bbu par savu dro\u0161\u012bbu, paties\u012bb\u0101 pau\u017eot \u0161aubas par t\u0101s sp\u0113ju ilgtermi\u0146\u0101 palikt uzticamu sabiedroto.<\/p>\n<p>Krievijas diktatora Vladimira Putina preses sekret\u0101rs Dmitrijs Peskovs ir publiski paudis, ka ASV strat\u0113\u0123ijas dokument\u0101 redzam\u0101s izmai\u0146as &#8220;liel\u0101koties atbilst m\u016bsu redz\u0113jumam&#8221;. \u0160is pazi\u0146ojums ir \u012bpa\u0161i noz\u012bm\u012bgs, \u0146emot v\u0113r\u0101 v\u0113sturiski sare\u017e\u0123\u012bt\u0101s attiec\u012bbas starp ab\u0101m valst\u012bm. Krievija pat ir nov\u0113rt\u0113jusi jauno strat\u0113\u0123iju k\u0101 t\u0101du, kas &#8220;liel\u0101 m\u0113r\u0101 atbilst Krievijas v\u012bzijai&#8221;, un slav\u0113jusi Trampu k\u0101 &#8220;sp\u0113c\u012bgu&#8221; l\u012bderi.<\/p>\n<p>Eiropas ba\u017eas un main\u012bg\u0101 pasaules k\u0101rt\u012bba<\/p>\n<p>\u0160\u012b ASV nost\u0101ja pret Eiropu ir rad\u012bjusi nopietnas ba\u017eas Eiropas politiskajos l\u012bderu vid\u016b. Eiropadomes priek\u0161s\u0113d\u0113t\u0101js Antoniu Ko\u0161ta ir kritiz\u0113jis ASV par v\u0113lmi iejaukties Eiropas iek\u0161\u0113jos procesos, uzsverot, ka &#8220;ASV nevar lemt Eiropas pilso\u0146u viet\u0101, kuras partijas ir labas un kuras sliktas&#8221;. Ar\u012b citi Eiropas l\u012bderi pau\u017e skepsi, uzsverot nepiecie\u0161am\u012bbu p\u0113c cie\u0161\u0101kas saska\u0146o\u0161anas ar ASV pied\u0101v\u0101jumiem. Da\u017ei anal\u012bti\u0137i pat nor\u0101da, ka jaun\u0101 strat\u0113\u0123ija &#8220;b\u012bstami atg\u0101dina Krievijas poz\u012bciju&#8221;, faktiski mudinot Eiropu atgriezties pie sadarb\u012bbas ar Maskavu.<\/p>\n<p>Dokuments ir rad\u012bjis iespaidu, ka, samazinot savas dro\u0161\u012bbas saist\u012bbas Eirop\u0101, ASV var\u0113tu pat pal\u012bdz\u0113t Maskavai. Savuk\u0101rt Krievija, j\u016btoties dro\u0161\u0101k sav\u0101 politik\u0101, ir akt\u012bvi mudin\u0101jusi Ukrainu samierin\u0101ties ar teritorijas zaud\u0113\u0161anu, lai aptur\u0113tu karadarb\u012bbu. \u0160\u012b dinamika liecina par iev\u0113rojam\u0101m p\u0101rmai\u0146\u0101m starptautiskaj\u0101s attiec\u012bb\u0101s un potenci\u0101lu p\u0101rorient\u0113\u0161anos glob\u0101laj\u0101 varas l\u012bdzsvar\u0101.<\/p>\n<p>Strat\u0113\u0123ijas pla\u0161\u0101k\u0101 ietekme<\/p>\n<p>Jaun\u0101 ASV dro\u0161\u012bbas strat\u0113\u0123ija, kas publiski izkl\u0101sta jaunu pasaules redz\u0113jumu, ir izrais\u012bjusi at\u0161\u0137ir\u012bgas reakcijas da\u017e\u0101d\u0101s pasaules valst\u012bs. Kam\u0113r Krievija pau\u017e apmierin\u0101t\u012bbu, Eiropas valstis uztraucas par potenci\u0101laj\u0101m sek\u0101m un main\u012bgo alian\u0161u dinamiku. \u0160\u012b strat\u0113\u0123ija apliecina, ka pasaule nav statiska, un politiskie sp\u0113ki past\u0101v\u012bgi mekl\u0113 jaunus veidus, k\u0101 stiprin\u0101t savu ietekmi un nodro\u0161in\u0101t savas priorit\u0101tes.<\/p>\n","protected":false},"excerpt":{"rendered":"Krievijas gandar\u012bjums par ASV jauno dro\u0161\u012bbas strat\u0113\u0123iju: kop\u012bgs skat\u012bjums? Neskatoties uz iepriek\u0161\u0113j\u0101m spriedz\u0113m, Krievija pau\u017e man\u0101mu gandar\u012bjumu par&hellip;\n","protected":false},"author":2,"featured_media":71705,"comment_status":"","ping_status":"","sticky":false,"template":"","format":"standard","meta":{"footnotes":""},"categories":[5],"tags":[23,17502,28,29,32,33,22,11056,234,30,31,35,39,38,36,37,34,40,20,26,27,2258,24,25,235,21],"class_list":{"0":"post-71704","1":"post","2":"type-post","3":"status-publish","4":"format-standard","5":"has-post-thumbnail","7":"category-aktualitates","8":"tag-aktualitates","9":"tag-asv-drosibas-strategija","10":"tag-breaking-news","11":"tag-breakingnews","12":"tag-featured-news","13":"tag-featurednews","14":"tag-headlines","15":"tag-kremlis","16":"tag-krievija","17":"tag-latest-news","18":"tag-latestnews","19":"tag-latvia","20":"tag-latvian","21":"tag-latviesu","22":"tag-latviesu-valoda","23":"tag-latviesuvaloda","24":"tag-latvija","25":"tag-lv","26":"tag-news","27":"tag-popularakas-zinas","28":"tag-popularakaszinas","29":"tag-starptautiskas-attiecibas","30":"tag-top-stories","31":"tag-topstories","32":"tag-vladimirs-putins","33":"tag-zinas"},"share_on_mastodon":{"url":"https:\/\/pubeurope.com\/@lv\/115701952999679116","error":""},"_links":{"self":[{"href":"https:\/\/www.europesays.com\/lv\/wp-json\/wp\/v2\/posts\/71704","targetHints":{"allow":["GET"]}}],"collection":[{"href":"https:\/\/www.europesays.com\/lv\/wp-json\/wp\/v2\/posts"}],"about":[{"href":"https:\/\/www.europesays.com\/lv\/wp-json\/wp\/v2\/types\/post"}],"author":[{"embeddable":true,"href":"https:\/\/www.europesays.com\/lv\/wp-json\/wp\/v2\/users\/2"}],"replies":[{"embeddable":true,"href":"https:\/\/www.europesays.com\/lv\/wp-json\/wp\/v2\/comments?post=71704"}],"version-history":[{"count":0,"href":"https:\/\/www.europesays.com\/lv\/wp-json\/wp\/v2\/posts\/71704\/revisions"}],"wp:featuredmedia":[{"embeddable":true,"href":"https:\/\/www.europesays.com\/lv\/wp-json\/wp\/v2\/media\/71705"}],"wp:attachment":[{"href":"https:\/\/www.europesays.com\/lv\/wp-json\/wp\/v2\/media?parent=71704"}],"wp:term":[{"taxonomy":"category","embeddable":true,"href":"https:\/\/www.europesays.com\/lv\/wp-json\/wp\/v2\/categories?post=71704"},{"taxonomy":"post_tag","embeddable":true,"href":"https:\/\/www.europesays.com\/lv\/wp-json\/wp\/v2\/tags?post=71704"}],"curies":[{"name":"wp","href":"https:\/\/api.w.org\/{rel}","templated":true}]}}