{"id":71710,"date":"2025-12-11T16:52:20","date_gmt":"2025-12-11T16:52:20","guid":{"rendered":"https:\/\/www.europesays.com\/lv\/71710\/"},"modified":"2025-12-11T16:52:20","modified_gmt":"2025-12-11T16:52:20","slug":"australija-berniem-lidz-16-gadiem-aizliedz-socialos-tiklus-revolucija-vai-kluda-lente-lv","status":"publish","type":"post","link":"https:\/\/www.europesays.com\/lv\/71710\/","title":{"rendered":"Austr\u0101lij\u0101 b\u0113rniem l\u012bdz 16 gadiem aizliedz soci\u0101los t\u012bklus: Revol\u016bcija vai k\u013c\u016bda?\u00a0\u2014\u00a0Lente.lv"},"content":{"rendered":"<p>Soci\u0101lo t\u012bklu aizliegums nepilngad\u012bgajiem Austr\u0101lij\u0101: Revolucion\u0101rs solis vai nep\u0101rdom\u0101ta r\u012bc\u012bba?<\/p>\n<p>No \u0161odienas, 2025. gada 11. decembra, Austr\u0101lijas b\u0113rni, kas jaun\u0101ki par 16 gadiem, saskarsies ar jaunu realit\u0101ti \u2013 soci\u0101lie t\u012bkli vi\u0146iem b\u016bs aizliegti. \u0160is drosm\u012bgais l\u0113mums, kas st\u0101jies sp\u0113k\u0101 \u0161odien, ir izrais\u012bjis pla\u0161as debates un sa\u0146\u0113mis gan dedz\u012bgu atbalstu, gan skarbu kritiku. Vai \u0161\u012b ir nepiecie\u0161ama aizsardz\u012bba pret digit\u0101l\u0101s pasaules briesm\u0101m, vai ar\u012b tas ir p\u0101r\u0101k radik\u0101ls solis, kas ierobe\u017eos jaunie\u0161u br\u012bv\u012bbu un socializ\u0101ciju?<\/p>\n<p>Aizsardz\u012bba vai aizliegums: L\u0113muma argumenti<\/p>\n<p>L\u0113muma pie\u0146em\u0161anas pamat\u0101 ir ba\u017eas par nepilngad\u012bgo ment\u0101lo vesel\u012bbu un dro\u0161\u012bbu tie\u0161saist\u0113. Soci\u0101lie mediji, lai gan pied\u0101v\u0101 savienojumu un inform\u0101ciju, bie\u017ei vien ir ar\u012b platformas, kur\u0101s jaunie\u0161i saskaras ar kiber respektu, neatbilsto\u0161u saturu, izkrop\u013cotu \u0137erme\u0146a t\u0113lu un atkar\u012bbu izraiso\u0161u algoritmu darb\u012bbu. \u0100rsti un psihologi arvien bie\u017e\u0101k br\u012bdina par soci\u0101lo t\u012bklu negat\u012bvo ietekmi uz jaunie\u0161u pa\u0161v\u0113rt\u0113jumu, miega kvalit\u0101ti un sp\u0113ju koncentr\u0113ties.<\/p>\n<p>K\u0101 nor\u0101da soci\u0101lo zin\u0101t\u0146u p\u0113tnieki, nepilngad\u012bgo smadzenes joproj\u0101m att\u012bst\u0101s, padarot vi\u0146us \u012bpa\u0161i uz\u0146\u0113m\u012bgus pret soci\u0101lo mediju rad\u012bto spiedienu un manipul\u0101cij\u0101m. \u0160is aizliegums tiek uzskat\u012bts par profilaktisku pas\u0101kumu, lai pasarg\u0101tu jaunie\u0161us \u0161aj\u0101 kritiskaj\u0101 att\u012bst\u012bbas posm\u0101. T\u0101pat k\u0101 m\u0113s pasarg\u0101jam b\u0113rnus no alkohola vai tabakas, ar\u012b digit\u0101l\u0101s pasaules potenci\u0101lie kait\u0113jumi ir j\u0101uztver nopietni.<\/p>\n<p>Kritikas gaismas: Br\u012bv\u012bbas ierobe\u017eojumi un praktisk\u0101s probl\u0113mas<\/p>\n<p>Ta\u010du kriti\u0137i pau\u017e ba\u017eas, ka \u0161\u0101ds radik\u0101ls solis var\u0113tu b\u016bt p\u0101rm\u0113r\u012bgs. Vi\u0146i uzsver, ka soci\u0101lie t\u012bkli ir k\u013cuvu\u0161i par neat\u0146emamu m\u016bsdienu jaunie\u0161u dz\u012bves sast\u0101vda\u013cu, kalpojot ne tikai izklaidei, bet ar\u012b inform\u0101cijas ieg\u016b\u0161anai, sabiedrisko notikumu sek\u0161anai un pat m\u0101c\u012bbu procesa atbalstam. Aizliedzot tos piln\u012bb\u0101, tiek rad\u012bts risks izol\u0113t jaunie\u0161us no digit\u0101l\u0101s sabiedr\u012bbas, apgr\u016btin\u0101t vi\u0146u socializ\u0101ciju un rad\u012bt plaisu starp paaudz\u0113m.<\/p>\n<p>Ir ar\u012b praktiski jaut\u0101jumi par aizlieguma piem\u0113ro\u0161anu un uzraudz\u012bbu. K\u0101 tehnolo\u0123iski nodro\u0161in\u0101t, ka nepilngad\u012bgie nelieto soci\u0101los t\u012bklus, apiet ierobe\u017eojumus, izmantojot vec\u0101ku kontus vai citas metodes? Vai vec\u0101ki tiks iesaist\u012bti \u0161\u012b aizlieguma uzraudz\u012bb\u0101, un k\u0101da b\u016bs vi\u0146u loma? \u0160ie jaut\u0101jumi joproj\u0101m ir atkl\u0101ti un rada papildu izaicin\u0101jumus.<\/p>\n<p>Alternat\u012bvas un n\u0101kotnes perspekt\u012bvas<\/p>\n<p>Da\u017ei eksperti pied\u0101v\u0101 alternat\u012bvus risin\u0101jumus, piem\u0113ram, stingr\u0101ku vecuma p\u0101rbaudes sist\u0113mu, m\u0101rketinga ierobe\u017eojumus nepilngad\u012bgajiem paredz\u0113t\u0101m platform\u0101m un pla\u0161\u0101kas izgl\u012btojo\u0161as kampa\u0146as par digit\u0101lo dro\u0161\u012bbu un medijprat\u012bbu. Vi\u0146upr\u0101t, svar\u012bg\u0101k ir iem\u0101c\u012bt jaunie\u0161iem atbild\u012bgi lietot digit\u0101los r\u012bkus, nevis tos piln\u012bb\u0101 aizliegt. T\u0101 viet\u0101, lai b\u016btu k\u0101 aizsarg\u017eogs, soci\u0101lie t\u012bkli var\u0113tu b\u016bt k\u0101 ce\u013ca z\u012bmes, kas nor\u0101da uz dro\u0161iem mar\u0161rutiem.<\/p>\n<p>Lai gan Austr\u0101lijas l\u0113mums ir radik\u0101ls, tas liek aizdom\u0101ties par glob\u0101lo tendenci un nepiecie\u0161am\u012bbu mekl\u0113t jaunus veidus, k\u0101 pasarg\u0101t jaunie\u0161us digit\u0101laj\u0101 laikmet\u0101. Laiks r\u0101d\u012bs, vai \u0161is aizliegums dos gaid\u012btos rezult\u0101tus vai rad\u012bs jaunas probl\u0113mas. Skaidrs ir viens: diskusija par b\u0113rnu un soci\u0101lo t\u012bklu attiec\u012bb\u0101m ir tikai s\u0101kusies.<\/p>\n<p>Ietekme uz tehnolo\u0123iju uz\u0146\u0113mumiem<\/p>\n<p>\u0160is jaunais likums neap\u0161aub\u0101mi rad\u012bs iev\u0113rojamu ietekmi ar\u012b uz pa\u0161iem soci\u0101lo t\u012bklu uz\u0146\u0113mumiem. Vi\u0146iem n\u0101ksies piel\u0101goties jaunajiem noteikumiem, iesp\u0113jams, ievie\u0161ot jaunus verifik\u0101cijas meh\u0101nismus vai pat ierobe\u017eojot piek\u013cuvi sat\u012bkam Austr\u0101lijas lietot\u0101jiem, kas jaun\u0101ki par 16 gadiem. Tas var\u0113tu izrais\u012bt tehnolo\u0123iskas inov\u0101cijas, lai nodro\u0161in\u0101tu likuma iev\u0113ro\u0161anu, bet vienlaikus ar\u012b rad\u012bt ba\u017eas par datu priv\u0101tumu un piek\u013cuvi inform\u0101cijai.<\/p>\n<p>Lielajiem tehnolo\u0123iju gigantiem, kas g\u016bst ien\u0101kumus no lietot\u0101ju datu anal\u012bzes un rekl\u0101mas, \u0161is aizliegums var\u0113tu noz\u012bm\u0113t iev\u0113rojamus zaud\u0113jumus Austr\u0101lijas tirg\u016b. Tas var\u0113tu mudin\u0101t vi\u0146us p\u0101rskat\u012bt savas darb\u012bbas modeles un mekl\u0113t jaunus veidus, k\u0101 piesaist\u012bt un notur\u0113t lietot\u0101jus, vienlaikus iev\u0113rojot dro\u0161\u012bbas un aizsardz\u012bbas pras\u012bbas.<\/p>\n<p>Paaud\u017eu at\u0161\u0137ir\u012bbas un piel\u0101go\u0161an\u0101s process<\/p>\n<p>Jaunie\u0161u paaudze, kas ir uzaugusi ar soci\u0101lajiem t\u012bkliem k\u0101 neat\u0146emamu savas dz\u012bves da\u013cu, var\u0113tu saskarties ar iev\u0113rojam\u0101m gr\u016bt\u012bb\u0101m, piel\u0101gojoties \u0161ai jaunajai realit\u0101tei. Daudziem tas var\u0113tu \u0161\u0137ist k\u0101 p\u0113k\u0161\u0146s trieciens vi\u0146u soci\u0101lajai dz\u012bvei un inform\u0101cijas pl\u016bsmai. Tom\u0113r, no otras puses, tas var\u0113tu ar\u012b sniegt iesp\u0113ju atgriezties pie tradicion\u0101l\u0101k\u0101m socializ\u0101cijas form\u0101m, vair\u0101k laika pavad\u012bt kop\u0101 kl\u0101tien\u0113 un att\u012bst\u012bt citas intereses, kas nav saist\u012btas ar ekr\u0101niem.<\/p>\n<p>Vec\u0101ki un audzin\u0101t\u0101ji saskarsies ar uzdevumu pal\u012bdz\u0113t jaunie\u0161iem saprast \u0161\u012b aizlieguma iemeslus un piel\u0101goties jaunajiem apst\u0101k\u013ciem. Tas var\u0113tu b\u016bt ar\u012b veicin\u0101t\u0101js dzi\u013c\u0101k\u0101m sarun\u0101m \u0123imen\u0113s par digit\u0101l\u0101s pasaules ietekmi un vesel\u012bgu dz\u012bvesveidu kopum\u0101. K\u0101 saka k\u0101ds psihologs: &#8220;\u0160is ir izaicin\u0101jums, bet ar\u012b iesp\u0113ja stiprin\u0101t \u0123imenes saites un veidot vesel\u012bg\u0101ku paaudzi.&#8221;<\/p>\n<p>Glob\u0101lais precedents?<\/p>\n<p>Austr\u0101lijas l\u0113mums var\u0113tu kalpot par pirmo soli cit\u0101s valst\u012bs, kas apsver l\u012bdz\u012bgus pas\u0101kumus. Tehnolo\u0123iju att\u012bst\u012bbas tempam un t\u0101s ietekmei uz sabiedr\u012bbu ir nepiecie\u0161amas regul\u0113jo\u0161as reakcijas, un tas, k\u0101 Austr\u0101lija risin\u0101s \u0161o probl\u0113mu, noteikti tiks r\u016bp\u012bgi v\u0113rots no visas pasaules. Vai tas k\u013c\u016bs par glob\u0101lu precedentu, vai ar\u012b paliks k\u0101 specifisks Austr\u0101lijas gad\u012bjums, to r\u0101d\u012bs n\u0101kotne.<\/p>\n","protected":false},"excerpt":{"rendered":"Soci\u0101lo t\u012bklu aizliegums nepilngad\u012bgajiem Austr\u0101lij\u0101: Revolucion\u0101rs solis vai nep\u0101rdom\u0101ta r\u012bc\u012bba? No \u0161odienas, 2025. gada 11. decembra, Austr\u0101lijas b\u0113rni,&hellip;\n","protected":false},"author":2,"featured_media":71711,"comment_status":"","ping_status":"","sticky":false,"template":"","format":"standard","meta":{"footnotes":""},"categories":[5],"tags":[23,18265,12821,28,29,3462,32,33,22,30,31,35,39,38,36,37,34,40,4831,20,26,27,11426,24,25,21],"class_list":{"0":"post-71710","1":"post","2":"type-post","3":"status-publish","4":"format-standard","5":"has-post-thumbnail","7":"category-aktualitates","8":"tag-aktualitates","9":"tag-australijas-likumdosana","10":"tag-bernu-tiesibas","11":"tag-breaking-news","12":"tag-breakingnews","13":"tag-digitala-drosiba","14":"tag-featured-news","15":"tag-featurednews","16":"tag-headlines","17":"tag-latest-news","18":"tag-latestnews","19":"tag-latvia","20":"tag-latvian","21":"tag-latviesu","22":"tag-latviesu-valoda","23":"tag-latviesuvaloda","24":"tag-latvija","25":"tag-lv","26":"tag-nepilngadigie","27":"tag-news","28":"tag-popularakas-zinas","29":"tag-popularakaszinas","30":"tag-socialie-tikli","31":"tag-top-stories","32":"tag-topstories","33":"tag-zinas"},"share_on_mastodon":{"url":"https:\/\/pubeurope.com\/@lv\/115701975956792053","error":""},"_links":{"self":[{"href":"https:\/\/www.europesays.com\/lv\/wp-json\/wp\/v2\/posts\/71710","targetHints":{"allow":["GET"]}}],"collection":[{"href":"https:\/\/www.europesays.com\/lv\/wp-json\/wp\/v2\/posts"}],"about":[{"href":"https:\/\/www.europesays.com\/lv\/wp-json\/wp\/v2\/types\/post"}],"author":[{"embeddable":true,"href":"https:\/\/www.europesays.com\/lv\/wp-json\/wp\/v2\/users\/2"}],"replies":[{"embeddable":true,"href":"https:\/\/www.europesays.com\/lv\/wp-json\/wp\/v2\/comments?post=71710"}],"version-history":[{"count":0,"href":"https:\/\/www.europesays.com\/lv\/wp-json\/wp\/v2\/posts\/71710\/revisions"}],"wp:featuredmedia":[{"embeddable":true,"href":"https:\/\/www.europesays.com\/lv\/wp-json\/wp\/v2\/media\/71711"}],"wp:attachment":[{"href":"https:\/\/www.europesays.com\/lv\/wp-json\/wp\/v2\/media?parent=71710"}],"wp:term":[{"taxonomy":"category","embeddable":true,"href":"https:\/\/www.europesays.com\/lv\/wp-json\/wp\/v2\/categories?post=71710"},{"taxonomy":"post_tag","embeddable":true,"href":"https:\/\/www.europesays.com\/lv\/wp-json\/wp\/v2\/tags?post=71710"}],"curies":[{"name":"wp","href":"https:\/\/api.w.org\/{rel}","templated":true}]}}