{"id":71721,"date":"2025-12-11T17:00:06","date_gmt":"2025-12-11T17:00:06","guid":{"rendered":"https:\/\/www.europesays.com\/lv\/71721\/"},"modified":"2025-12-11T17:00:06","modified_gmt":"2025-12-11T17:00:06","slug":"latviesu-kamaninbraucejas-bota-un-aparjode-ieklust-labako-devitnieka-pasaules-kausa-pirmaja-posma-lente-lv","status":"publish","type":"post","link":"https:\/\/www.europesays.com\/lv\/71721\/","title":{"rendered":"Latvie\u0161u kamani\u0146brauc\u0113jas Bota un Aparjode iek\u013c\u016bst lab\u0101ko dev\u012btniek\u0101 Pasaules kausa pirmaj\u0101 posm\u0101\u00a0\u2014\u00a0Lente.lv"},"content":{"rendered":"<p>Latvie\u0161u kamani\u0146brauc\u0113ju veiksm\u012bgais starts Pasaules kaus\u0101<\/p>\n<p>Sv\u0113tdien Vinterberg\u0101 notiku\u0161aj\u0101 Pasaules kausa pirmaj\u0101 posm\u0101 kamani\u0146u sport\u0101 Latvijas d\u0101mu konkurenc\u0113 tika demonstr\u0113ts jaud\u012bgs sniegums. El\u012bna Ieva Bota un Kendija Aparjode izc\u012bn\u012bja astoto un dev\u012bto vietu attiec\u012bgi, apliecinot savu meistar\u012bbu un gatav\u012bbu \u0161ai presti\u017eajai sacens\u012bbu s\u0113rijai. \u0160is rezult\u0101ts ir gan motiv\u0113jo\u0161s, gan ar\u012b par\u0101da, ka sportistes ir uz pareiz\u0101 ce\u013ca sav\u0101 att\u012bst\u012bb\u0101.<\/p>\n<p>P\u0101r\u0113j\u0101s latvie\u0161u sportistes neatpaliek<\/p>\n<p>Lai gan Bota un Aparjode non\u0101ca lab\u0101ko desmitniek\u0101, ar\u012b p\u0101r\u0113j\u0101s Latvijas p\u0101rst\u0101ves par\u0101d\u012bja cien\u012bgu sniegumu. Zane Kaluma ie\u0146\u0113ma 16. poz\u012bciju, bet Margita Sirsni\u0146a ierindoj\u0101s 24. viet\u0101. \u0160ie rezult\u0101ti kopum\u0101 liecina par sp\u0113c\u012bgu Latvijas komandu un potenci\u0101lu n\u0101kotn\u0113 sasniegt v\u0113l augst\u0101kus rezult\u0101tus. Katra distance Pasaules kaus\u0101 ir v\u0113rt\u012bga pieredze, kas pal\u012bdz pilnveidoties un uzlabot tehniku.<\/p>\n<p>Cer\u012bbas uz turpm\u0101kiem pan\u0101kumiem<\/p>\n<p>Pasaules kausa pirmais posms ir aizvad\u012bts, un tagad visas cer\u012bbas tiek liktas uz turpm\u0101kaj\u0101m sacens\u012bb\u0101m. Sportistu m\u0113r\u0137is ir stabili uzst\u0101ties katr\u0101 posm\u0101, uzkr\u0101t punktus un pier\u0101d\u012bt sevi starptautiskaj\u0101 ar\u0113n\u0101. Kamani\u0146u sports ir s\u012bva konkurence, kur katra deta\u013ca ir svar\u012bga \u2013 no starta l\u012bdz pat fini\u0161a l\u012bnijai. Latvijas sportistes ir gatavas c\u012bn\u012bties un dot visu sevi, lai sasniegtu savus sap\u0146us un nestu godu Latvijai.<\/p>\n<p>Pasaules kausa noz\u012bme un n\u0101kotnes perspekt\u012bvas<\/p>\n<p>Pasaules kausa izc\u012b\u0146a ir ne tikai svar\u012bgs solis sportistu karjer\u0101, bet ar\u012b iesp\u0113ja iepaz\u012bstin\u0101t pla\u0161\u0101ku publiku ar \u0161o aizraujo\u0161o sporta veidu. Latvijas kamani\u0146brauc\u0113jas ir par\u0101d\u012bju\u0161as, ka vi\u0146\u0101m piem\u012bt gan talants, gan ar\u012b nepiecie\u0161amais c\u012b\u0146as spars. Cerams, ka \u0161is veiksm\u012bgais starts dos papildu motiv\u0101ciju un \u013caus sasniegt v\u0113l nebiju\u0161us augstumus n\u0101kamajos posmos un turpm\u0101kaj\u0101 karjer\u0101.<\/p>\n","protected":false},"excerpt":{"rendered":"Latvie\u0161u kamani\u0146brauc\u0113ju veiksm\u012bgais starts Pasaules kaus\u0101 Sv\u0113tdien Vinterberg\u0101 notiku\u0161aj\u0101 Pasaules kausa pirmaj\u0101 posm\u0101 kamani\u0146u sport\u0101 Latvijas d\u0101mu konkurenc\u0113&hellip;\n","protected":false},"author":2,"featured_media":71722,"comment_status":"","ping_status":"","sticky":false,"template":"","format":"standard","meta":{"footnotes":""},"categories":[17],"tags":[12708,10482,12706,35,39,38,36,37,34,1716,40,2560,67],"class_list":{"0":"post-71721","1":"post","2":"type-post","3":"status-publish","4":"format-standard","5":"has-post-thumbnail","7":"category-sports","8":"tag-elina-ieva-bota","9":"tag-kamaninu-sports","10":"tag-kendija-aparjode","11":"tag-latvia","12":"tag-latvian","13":"tag-latviesu","14":"tag-latviesu-valoda","15":"tag-latviesuvaloda","16":"tag-latvija","17":"tag-latvijas-sportisti","18":"tag-lv","19":"tag-pasaules-kauss","20":"tag-sports"},"share_on_mastodon":{"url":"https:\/\/pubeurope.com\/@lv\/115702007279919956","error":""},"_links":{"self":[{"href":"https:\/\/www.europesays.com\/lv\/wp-json\/wp\/v2\/posts\/71721","targetHints":{"allow":["GET"]}}],"collection":[{"href":"https:\/\/www.europesays.com\/lv\/wp-json\/wp\/v2\/posts"}],"about":[{"href":"https:\/\/www.europesays.com\/lv\/wp-json\/wp\/v2\/types\/post"}],"author":[{"embeddable":true,"href":"https:\/\/www.europesays.com\/lv\/wp-json\/wp\/v2\/users\/2"}],"replies":[{"embeddable":true,"href":"https:\/\/www.europesays.com\/lv\/wp-json\/wp\/v2\/comments?post=71721"}],"version-history":[{"count":0,"href":"https:\/\/www.europesays.com\/lv\/wp-json\/wp\/v2\/posts\/71721\/revisions"}],"wp:featuredmedia":[{"embeddable":true,"href":"https:\/\/www.europesays.com\/lv\/wp-json\/wp\/v2\/media\/71722"}],"wp:attachment":[{"href":"https:\/\/www.europesays.com\/lv\/wp-json\/wp\/v2\/media?parent=71721"}],"wp:term":[{"taxonomy":"category","embeddable":true,"href":"https:\/\/www.europesays.com\/lv\/wp-json\/wp\/v2\/categories?post=71721"},{"taxonomy":"post_tag","embeddable":true,"href":"https:\/\/www.europesays.com\/lv\/wp-json\/wp\/v2\/tags?post=71721"}],"curies":[{"name":"wp","href":"https:\/\/api.w.org\/{rel}","templated":true}]}}