{"id":71731,"date":"2025-12-11T17:10:23","date_gmt":"2025-12-11T17:10:23","guid":{"rendered":"https:\/\/www.europesays.com\/lv\/71731\/"},"modified":"2025-12-11T17:10:23","modified_gmt":"2025-12-11T17:10:23","slug":"tallina-un-vel-vairakas-igaunijas-pilsetas-pie-varas-nakusi-opozicijas-politiki-raksts","status":"publish","type":"post","link":"https:\/\/www.europesays.com\/lv\/71731\/","title":{"rendered":"Tallin\u0101 un v\u0113l vair\u0101k\u0101s Igaunijas pils\u0113t\u0101s pie varas n\u0101ku\u0161i opoz\u012bcijas politi\u0137i \/ Raksts"},"content":{"rendered":"<p>Igaunijas liel\u0101k\u0101s\u00a0pils\u0113tas p\u0113c pa\u0161vald\u012bbu v\u0113l\u0113\u0161an\u0101m ir ieguvu\u0161as jaunus m\u0113rus. Oktobr\u012b notiku\u0161aj\u0101s viet\u0113j\u0101s v\u0113l\u0113\u0161an\u0101s daudzviet uzvar\u0113ja opoz\u012bcij\u0101 eso\u0161\u0101s partijas. T\u0101 k\u0101 iev\u0113l\u0113tie politi\u0137i ie\u0146em amatus galvenaj\u0101s pils\u0113tu un pa\u0161vald\u012bbu iest\u0101d\u0113s, tas ietekm\u0113s ne tikai pa\u0161vald\u012bbu n\u0101kotnes virzienu, bet ar\u012b 2027. gad\u0101 gaid\u0101m\u0101s parlamenta v\u0113l\u0113\u0161anas.<\/p>\n<p style=\"margin-left:0cm; margin-right:0cm\">19. oktobr\u012b Igaunij\u0101 notika pa\u0161vald\u012bbu v\u0113l\u0113\u0161anas. Liel\u0101kaj\u0101s Igaunijas pils\u0113t\u0101s\u00a0\u2013\u00a0Tallin\u0101, Tartu, Narv\u0101 un P\u0113rnav\u0101\u00a0\u2013 uzvar\u0113ja opoz\u012bcij\u0101 eso\u0161\u0101 Centra partija un nacion\u0101lkonservat\u012bv\u0101 partija &#8220;T\u0113vzeme&#8221; (&#8220;Isamaa&#8221;).<\/p>\n<p style=\"margin-left:0cm; margin-right:0cm\">Savuk\u0101rt par Igaunijas parlament\u0101 un vald\u012bb\u0101 pie varas eso\u0161o Reformu partiju nobalsoja daudz maz\u0101k v\u0113l\u0113t\u0101ju nek\u0101 pirms \u010detriem gadiem. Reformu partija, dalot pirmo vietu ar partiju &#8220;T\u0113vzeme&#8221;,\u00a0sp\u0113ja g\u016bt balsu vair\u0101kumu Tartu.<\/p>\n<p><a id=\"1\" name=\"1\">V\u0113l\u0113t\u0101ji balso par pils\u0113tas sapulci; v\u0113l\u0101k t\u0101 iece\u013c m\u0113ru<\/a><\/p>\n<p style=\"margin-left:0cm; margin-right:0cm\">Igaunijas pa\u0161vald\u012bbu v\u0113l\u0113\u0161an\u0101s balssties\u012bgie iev\u0113l kandid\u0101tus, kuri\u00a0v\u0113l\u0101k veido pils\u0113tas sapulci, kas ir\u00a0likumdev\u0113ja. T\u0101 lemj par pa\u0161vald\u012bbas bud\u017eetu, nodok\u013ciem, nodev\u0101m un aizdevumiem, pie\u0146em att\u012bst\u012bbas pl\u0101nus un lemj par teritori\u0101laj\u0101m izmai\u0146\u0101m, k\u0101 ar\u012b risina jaut\u0101jumus, kas saist\u012bti ar izgl\u012bt\u012bbas, kult\u016bras, soci\u0101l\u0101s labkl\u0101j\u012bbas un vesel\u012bbas jom\u0101m.<\/p>\n<p style=\"margin-left:0cm; margin-right:0cm\">Pils\u0113tas sapulce iev\u0113l\u00a0t\u0101s priek\u0161s\u0113d\u0113t\u0101ju un pils\u0113tas m\u0113ru.<\/p>\n<p style=\"margin-left:0cm; margin-right:0cm\">P\u0113c mand\u0101ta ieg\u016b\u0161anas m\u0113rs uzs\u0101k viet\u0113j\u0101s vald\u012bbas izveidi. Viet\u0113jai vald\u012bbai pieder izpildvaras ties\u012bbas. T\u0101 ir atbild\u012bga par soci\u0101liem un sabiedriskiem pakalpojumiem, piem\u0113ram,\u00a0nodro\u0161ina soci\u0101lo apr\u016bpi, komun\u0101los pakalpojumus, \u016bdensapg\u0101di, sabiedrisko transportu, uztur ce\u013cus, k\u0101 ar\u012b r\u016bp\u0113jas par izgl\u012bt\u012bbas iest\u0101\u017eu, bibliot\u0113ku un ar\u012b citu iest\u0101\u017eu darbu.<\/p>\n<p style=\"margin-left:0cm; margin-right:0cm\">M\u0113rs izvirza viet\u0113j\u0101s vald\u012bbas deput\u0101tu kandid\u0101tus, kurus v\u0113l\u0101k apstiprina pils\u0113tas sapulce. Viet\u0113j\u0101s vald\u012bbas deput\u0101ti vienlaikus nedr\u012bkst ie\u0146emt ar\u012b sapulces deput\u0101tu amatu.<\/p>\n<p style=\"margin-left:0cm; margin-right:0cm\">M\u0113rs ir ar\u012b pa\u0161vald\u012bbas administr\u0101cijas vad\u012bt\u0101js.<\/p>\n<p><a name=\"2\">Tallin\u0101 koal\u012bcijas partijas vienojas m\u0113ra amatu ie\u0146emt p\u0113c k\u0101rtas <\/a><\/p>\n<p style=\"margin-left:0cm; margin-right:0cm\">Tallin\u0101 liel\u0101ko v\u0113l\u0113t\u0101ju atbalstu pa\u0161vald\u012bbas v\u0113l\u0113\u0161an\u0101s guva Centra partija un partija &#8220;T\u0113vzeme&#8221;. Centra partija ieguva 37, bet\u00a0&#8220;T\u0113vzeme&#8221; \u2013 11 vietas pils\u0113tas sapulc\u0113.<\/p>\n<p style=\"margin-left:0cm; margin-right:0cm\">Parakstot koal\u012bcijas l\u012bgumu decembr\u012b, Centra partija un &#8220;T\u0113vzeme&#8221; vienoj\u0101s, ka<\/p>\n<blockquote>\n<p style=\"margin-left:0cm; margin-right:0cm\">pirmos divus gadus Tallinas m\u0113ra amatu ie\u0146ems &#8220;T\u0113vzemes&#8221; kandid\u0101ts, savuk\u0101rt tre\u0161aj\u0101 un ceturtaj\u0101 gad\u0101 \u0161o amatu p\u0101r\u0146ems Centra partijas p\u0101rst\u0101vis.<\/p>\n<\/blockquote>\n<p style=\"margin-left:0cm; margin-right:0cm\">Tallinas pils\u0113tas sapulce \u0161oned\u0113\u013c par <a href=\"https:\/\/news.err.ee\/1609880290\/tallinn-city-council-elects-new-mayor\" target=\"_blank\" rel=\"nofollow noopener\">m\u0113ru iev\u0113l\u0113ja<\/a>\u00a0&#8220;T\u0113vzemes&#8221; p\u0101rst\u0101vi ekonomistu P\u0113teru Raudsepu. Vi\u0146\u0161 pils\u0113tas sapulces balsojum\u0101 ieguva 46 no 74 bals\u012bm. Raudseps, kuram nav politisk\u0101s pieredzes, par \u0161\u012bs partijas biedru k\u013cuva vien pag\u0101ju\u0161aj\u0101 ned\u0113\u013c\u0101.<\/p>\n<p style=\"margin-left:0cm; margin-right:0cm\">Savuk\u0101rt Tallinas pils\u0113tas sapulces priek\u0161s\u0113d\u0113t\u0101ja amatu ie\u0146ems Centra partijas priek\u0161s\u0113d\u0113t\u0101js, biju\u0161ais Tallinas m\u0113rs Mihails Kelvarts.<\/p>\n<p><a name=\"3\">Tartu un Narv\u0101 amatu saglab\u0101 l\u012bdz \u0161im eso\u0161ie m\u0113ri\u00a0\u00a0<\/a><\/p>\n<p style=\"margin-left:0cm; margin-right:0cm\">Tartu, Igaunijas otraj\u0101 liel\u0101kaj\u0101 pils\u0113t\u0101, m\u0113ra amatu saglab\u0101ja Reformu partijas p\u0101rst\u0101vis Urmass Kl\u0101ss. Pa\u0161vald\u012bbas v\u0113l\u0113\u0161an\u0101s Reformu partija un &#8220;T\u0113vzeme&#8221; katra guva 15 mand\u0101tus.<\/p>\n<blockquote>\n<p style=\"margin-left:0cm; margin-right:0cm\">Reformu partijas kandid\u0101ts Kl\u0101ss v\u0113l\u0113\u0161an\u0101s ieguva 5486, bet &#8220;T\u0113vzemes&#8221; kandid\u0101ts Teniss Lukass \u2013 4362 balsis, t\u0101d\u0113\u013c\u00a0<a href=\"https:\/\/news.err.ee\/1609836234\/urmas-klaas-to-continue-as-mayor-of-tartu\" target=\"_blank\" rel=\"nofollow noopener\">partijas vienoj\u0101s <\/a>m\u0113ra amat\u0101 p\u0101rv\u0113l\u0113t Kl\u0101su.<\/p>\n<\/blockquote>\n<p>Kl\u0101ss teica, ka Tartu v\u0113l\u0113t\u0101ji v\u0113l\u0113\u0161an\u0101s skaidri pauda savu viedokli par to, ko vi\u0146i v\u0113las redz\u0113t k\u0101 n\u0101kamo m\u0113ru.<\/p>\n<p>&#8220;Pa\u0161reiz\u0113j\u0101 situ\u0101cij\u0101 Reformu partijai un &#8220;T\u0113vzemei&#8221;\u00a0ir vien\u0101ds mand\u0101tu skaits Tartu pils\u0113tas sapulc\u0113. Tom\u0113r Tartu iedz\u012bvot\u0101ji visvair\u0101k balsu atdeva Reformu partijas m\u0113ra kandid\u0101tam,&#8221; teica Kl\u0101ss.<\/p>\n<p style=\"margin-left:0cm; margin-right:0cm\">Vi\u0146\u0161 Tartu m\u0113ra amatu ie\u0146em kop\u0161 2014. gada.<\/p>\n<p style=\"margin-left:0cm; margin-right:0cm\">Savuk\u0101rt\u00a0&#8220;T\u0113vzemes&#8221; p\u0101rst\u0101vis Teniss Lukass iecelts par Tartu pils\u0113tas sapulces priek\u0161s\u0113d\u0113t\u0101ju.<\/p>\n<p style=\"margin-left:0cm; margin-right:0cm\">Tartu pa\u0161vald\u012bbas m\u0113ra amatu ie\u0146em Jarno Laurs no partijas &#8220;Vienot\u0101 Tartu pa\u0161vald\u012bba&#8221;.<\/p>\n<p style=\"margin-left:0cm; margin-right:0cm\">Narv\u0101, kur liel\u0101k\u0101 da\u013ca iedz\u012bvot\u0101ju ir rusofoni un\/vai etniskie krievi, 12 no 31 viet\u0101m Narvas pils\u0113tas sapulc\u0113 ieguva politi\u0137a Mihaila Sta\u013c\u0146uhina vad\u012btais saraksts. Sta\u013c\u0146uhins p\u0113c v\u0113l\u0113\u0161an\u0101m izveidot koal\u012bciju pied\u0101v\u0101ja\u00a0Katri Raikas vad\u012btajam sarakstam, kur\u0161 ierindoj\u0101s tre\u0161aj\u0101 viet\u0101 ar \u010detriem mand\u0101tiem. Raika ie\u0146\u0113ma Narvas m\u0113ra amatu no 2020. gada nogales l\u012bdz 2023. gada septembrim un 2024. gada nogal\u0113 amat\u0101 atgriez\u0101s.<\/p>\n<blockquote>\n<p style=\"margin-left:0cm; margin-right:0cm\"><a href=\"https:\/\/news.err.ee\/1609860420\/raik-continues-as-mayor-with-stalnuhhin-as-council-chair-in-new-narva-coalition\" target=\"_blank\" rel=\"nofollow noopener\">Izveidojot koal\u012bciju<\/a>, abas partijas m\u0113ra amatam izvirz\u012bja\u00a0Raiku, bet par Narvas pils\u0113tas sapulces priek\u0161s\u0113d\u0113t\u0101ju \u2013\u00a0Sta\u013c\u0146uhinu.<\/p>\n<\/blockquote>\n<p style=\"margin-left:0cm; margin-right:0cm\">Vi\u0146\u0161 2022. gad\u0101 tika padz\u012bts no Centra partijas, jo p\u0113c vald\u012bbas l\u0113muma Narv\u0101 nojaukt Padomju Savien\u012bbu slavino\u0161us pieminek\u013cus\u00a0nosauca vald\u012bbas deput\u0101tus par &#8220;fa\u0161istiem&#8221;.<\/p>\n<p><a name=\"4\">Ar\u012b P\u0113rnav\u0101 m\u0113ra amatu p\u0113c k\u0101rtas ie\u0146ems divu partiju kandid\u0101ti<\/a><\/p>\n<p style=\"margin-left:0cm; margin-right:0cm\">P\u0113rnav\u0101 koal\u012bcijas l\u012bgumu parakst\u012bja piecas politisk\u0101s partijas. Starp t\u0101m ir lab\u0113j\u0101 populistisk\u0101 Igaunijas Konservat\u012bv\u0101 tautas partija (EKRE), kura v\u0113l\u0113\u0161an\u0101s ieguva visvair\u0101k balsu, Centra partija, partija &#8220;Parempoolsed&#8221;, k\u0101 ar\u012b partijas &#8220;Ar sirdi P\u0113rnav\u0101&#8221; un &#8220;P\u0113rnava apvieno&#8221;.<\/p>\n<p style=\"margin-left:0cm; margin-right:0cm\">L\u012bdz 2026. gadam <a href=\"https:\/\/news.err.ee\/1609839051\/new-parnu-coalition-deal-names-voltenberg-mayor-ekre-to-take-over-in-2026\" target=\"_blank\" rel=\"nofollow noopener\">m\u0113ra amatu ie\u0146ems<\/a> Kristela Voltenberga no partijas &#8220;Ar sirdi P\u0113rnav\u0101&#8221;, bet n\u0101kamaj\u0101 gad\u0101 to p\u0101r\u0146ems EKRE kandid\u0101ts.<\/p>\n<p><a name=\"5\">Da\u017eas pils\u0113tu sapulces steidzas paaugstin\u0101t m\u0113ru algas<\/a><\/p>\n<p style=\"margin-left:0cm; margin-right:0cm\">Viens no pirmajiem vair\u0101ku jauniev\u0113l\u0113to pils\u0113tu sapul\u010du l\u0113mumiem ir bijis <a href=\"https:\/\/news.err.ee\/1609879750\/several-newly-seated-local-councils-move-quickly-to-raise-mayors-pay\" target=\"_blank\" rel=\"nofollow noopener\">paaugstin\u0101t m\u0113ru atalgojumu<\/a>.<\/p>\n<p style=\"margin-left:0cm; margin-right:0cm\">T\u0101 k\u0101 Tallinas pils\u0113tas sapulce tikai \u0161oned\u0113\u013c par m\u0113ru iev\u0113l\u0113ja Raudsepu, vi\u0146a algas palielin\u0101jums tikai tagad non\u0101ks pa\u0161vald\u012bbas darba k\u0101rt\u012bb\u0101. Biju\u0161ais Tallinas m\u0113rs Jevge\u0146ijs Osinovskis no Soci\u0101ldemokr\u0101tisk\u0101s partijas peln\u012bja 9616 eiro m\u0113nes\u012b.<\/p>\n<p style=\"margin-left:0cm; margin-right:0cm\">Atk\u0101rtoti iev\u0113l\u0113t\u0101 Tartu pils\u0113tas m\u0113ra Kl\u0101sa m\u0113ne\u0161a atalgojums palielin\u0101sies no 7445 eiro l\u012bdz 8600 eiro, bet vi\u0146a vietnieku algas \u2013 no 6569 eiro l\u012bdz 7500 eiro. Savuk\u0101rt Tartu novada m\u0113ra Laura alga pieaugs no 4250 eiro l\u012bdz 5500 eiro.<\/p>\n<p style=\"margin-left:0cm; margin-right:0cm\">Narv\u0101 sarunas par m\u0113ra atalgojumu atliktas. Narvas m\u0113ra alga nav paaugstin\u0101ta jau vair\u0101k nek\u0101 \u010detrus gadus \u2013 Raika pelna ap 4000 eiro m\u0113nes\u012b.<\/p>\n<p>                    Valodas k\u013c\u016bda rakst\u0101?<\/p>\n<p class=\"d-none d-md-block\">Iez\u012bm\u0113jiet tekstu un spiediet Ctrl+Enter, lai nos\u016bt\u012btu labojamo teksta fragmentu redaktoram! Par faktu k\u013c\u016bd\u0101m l\u016bdzam zi\u0146ot e-past\u0101 <a href=\"https:\/\/www.lsm.lv\/cdn-cgi\/l\/email-protection\" class=\"__cf_email__\" data-cfemail=\"64160100050f070d0e05240817094a0812\" rel=\"nofollow noopener\" target=\"_blank\">[email\u00a0protected]<\/a>.<\/p>\n<p class=\"d-md-none\">Iez\u012bm\u0113jiet tekstu un spiediet uz Zi\u0146ot par k\u013c\u016bdu pogas, lai nos\u016bt\u012btu labojamo teksta fragmentu redaktoram!<\/p>\n<p>\n                    Zi\u0146ot par k\u013c\u016bdu\n                <\/p>\n","protected":false},"excerpt":{"rendered":"Igaunijas liel\u0101k\u0101s\u00a0pils\u0113tas p\u0113c pa\u0161vald\u012bbu v\u0113l\u0113\u0161an\u0101m ir ieguvu\u0161as jaunus m\u0113rus. Oktobr\u012b notiku\u0161aj\u0101s viet\u0113j\u0101s v\u0113l\u0113\u0161an\u0101s daudzviet uzvar\u0113ja opoz\u012bcij\u0101 eso\u0161\u0101s partijas.&hellip;\n","protected":false},"author":2,"featured_media":71732,"comment_status":"","ping_status":"","sticky":false,"template":"","format":"standard","meta":{"footnotes":""},"categories":[5],"tags":[23,28,29,32,33,22,30,31,35,39,38,36,37,34,40,20,26,27,24,25,21],"class_list":{"0":"post-71731","1":"post","2":"type-post","3":"status-publish","4":"format-standard","5":"has-post-thumbnail","7":"category-aktualitates","8":"tag-aktualitates","9":"tag-breaking-news","10":"tag-breakingnews","11":"tag-featured-news","12":"tag-featurednews","13":"tag-headlines","14":"tag-latest-news","15":"tag-latestnews","16":"tag-latvia","17":"tag-latvian","18":"tag-latviesu","19":"tag-latviesu-valoda","20":"tag-latviesuvaloda","21":"tag-latvija","22":"tag-lv","23":"tag-news","24":"tag-popularakas-zinas","25":"tag-popularakaszinas","26":"tag-top-stories","27":"tag-topstories","28":"tag-zinas"},"share_on_mastodon":{"url":"https:\/\/pubeurope.com\/@lv\/115702046597622899","error":""},"_links":{"self":[{"href":"https:\/\/www.europesays.com\/lv\/wp-json\/wp\/v2\/posts\/71731","targetHints":{"allow":["GET"]}}],"collection":[{"href":"https:\/\/www.europesays.com\/lv\/wp-json\/wp\/v2\/posts"}],"about":[{"href":"https:\/\/www.europesays.com\/lv\/wp-json\/wp\/v2\/types\/post"}],"author":[{"embeddable":true,"href":"https:\/\/www.europesays.com\/lv\/wp-json\/wp\/v2\/users\/2"}],"replies":[{"embeddable":true,"href":"https:\/\/www.europesays.com\/lv\/wp-json\/wp\/v2\/comments?post=71731"}],"version-history":[{"count":0,"href":"https:\/\/www.europesays.com\/lv\/wp-json\/wp\/v2\/posts\/71731\/revisions"}],"wp:featuredmedia":[{"embeddable":true,"href":"https:\/\/www.europesays.com\/lv\/wp-json\/wp\/v2\/media\/71732"}],"wp:attachment":[{"href":"https:\/\/www.europesays.com\/lv\/wp-json\/wp\/v2\/media?parent=71731"}],"wp:term":[{"taxonomy":"category","embeddable":true,"href":"https:\/\/www.europesays.com\/lv\/wp-json\/wp\/v2\/categories?post=71731"},{"taxonomy":"post_tag","embeddable":true,"href":"https:\/\/www.europesays.com\/lv\/wp-json\/wp\/v2\/tags?post=71731"}],"curies":[{"name":"wp","href":"https:\/\/api.w.org\/{rel}","templated":true}]}}