{"id":71747,"date":"2025-12-11T17:27:09","date_gmt":"2025-12-11T17:27:09","guid":{"rendered":"https:\/\/www.europesays.com\/lv\/71747\/"},"modified":"2025-12-11T17:27:09","modified_gmt":"2025-12-11T17:27:09","slug":"aculiecinieki-piedzivoja-neparastu-un-bistamu-situaciju","status":"publish","type":"post","link":"https:\/\/www.europesays.com\/lv\/71747\/","title":{"rendered":"Aculiecinieki piedz\u012bvoja neparastu un b\u012bstamu situ\u0101ciju"},"content":{"rendered":"<p class=\"descr\">Dego\u0161as ma\u0161\u012bnas \u012bap\u0161i nevienu vairs nep\u0101rsteidz, jo tas notiek diezgan bie\u017ei. Tom\u0113r dego\u0161a un brauco\u0161a ma\u0161\u012bna ir b\u012bstama ne tikai vad\u012bt\u0101jam, bet ar\u012b apk\u0101rt\u0113jiem un citiem satiksmes dal\u012bbniekiem.<\/p>\n<p>&#8220;Facebook&#8221; &#8220;Sadursme.lv&#8221; public\u0113ts video, kur\u0101 diennakts tum\u0161aj\u0101 laik\u0101 pa ce\u013cu brauc ugun\u012bga bumba &#8211; dego\u0161s auto.<\/p>\n<p>&#8220;Sadursme.lv&#8221; raksta: &#8220;Vakar vakar\u0101, iebraucot Cesvain\u0113, aculiecinieki piedz\u012bvoja neparastu un b\u012bstamu situ\u0101ciju. Uz braucam\u0101s da\u013cas aizdegusies automa\u0161\u012bna turpin\u0101ja kust\u0113ties un, dego\u0161a ripodama lejup no kalna, rad\u012bja nopietnus draudus p\u0101r\u0113jiem ce\u013cu satiksmes dal\u012bbniekiem.&#8221;<\/p>\n","protected":false},"excerpt":{"rendered":"Dego\u0161as ma\u0161\u012bnas \u012bap\u0161i nevienu vairs nep\u0101rsteidz, jo tas notiek diezgan bie\u017ei. Tom\u0113r dego\u0161a un brauco\u0161a ma\u0161\u012bna ir b\u012bstama&hellip;\n","protected":false},"author":2,"featured_media":71748,"comment_status":"","ping_status":"","sticky":false,"template":"","format":"standard","meta":{"footnotes":""},"categories":[12],"tags":[23,28,29,32,33,22,30,31,35,39,38,36,37,34,40,20,26,27,24,25,21],"class_list":{"0":"post-71747","1":"post","2":"type-post","3":"status-publish","4":"format-standard","5":"has-post-thumbnail","7":"category-latvija","8":"tag-aktualitates","9":"tag-breaking-news","10":"tag-breakingnews","11":"tag-featured-news","12":"tag-featurednews","13":"tag-headlines","14":"tag-latest-news","15":"tag-latestnews","16":"tag-latvia","17":"tag-latvian","18":"tag-latviesu","19":"tag-latviesu-valoda","20":"tag-latviesuvaloda","21":"tag-latvija","22":"tag-lv","23":"tag-news","24":"tag-popularakas-zinas","25":"tag-popularakaszinas","26":"tag-top-stories","27":"tag-topstories","28":"tag-zinas"},"share_on_mastodon":{"url":"https:\/\/pubeurope.com\/@lv\/115702113413306066","error":""},"_links":{"self":[{"href":"https:\/\/www.europesays.com\/lv\/wp-json\/wp\/v2\/posts\/71747","targetHints":{"allow":["GET"]}}],"collection":[{"href":"https:\/\/www.europesays.com\/lv\/wp-json\/wp\/v2\/posts"}],"about":[{"href":"https:\/\/www.europesays.com\/lv\/wp-json\/wp\/v2\/types\/post"}],"author":[{"embeddable":true,"href":"https:\/\/www.europesays.com\/lv\/wp-json\/wp\/v2\/users\/2"}],"replies":[{"embeddable":true,"href":"https:\/\/www.europesays.com\/lv\/wp-json\/wp\/v2\/comments?post=71747"}],"version-history":[{"count":0,"href":"https:\/\/www.europesays.com\/lv\/wp-json\/wp\/v2\/posts\/71747\/revisions"}],"wp:featuredmedia":[{"embeddable":true,"href":"https:\/\/www.europesays.com\/lv\/wp-json\/wp\/v2\/media\/71748"}],"wp:attachment":[{"href":"https:\/\/www.europesays.com\/lv\/wp-json\/wp\/v2\/media?parent=71747"}],"wp:term":[{"taxonomy":"category","embeddable":true,"href":"https:\/\/www.europesays.com\/lv\/wp-json\/wp\/v2\/categories?post=71747"},{"taxonomy":"post_tag","embeddable":true,"href":"https:\/\/www.europesays.com\/lv\/wp-json\/wp\/v2\/tags?post=71747"}],"curies":[{"name":"wp","href":"https:\/\/api.w.org\/{rel}","templated":true}]}}