{"id":71751,"date":"2025-12-11T17:33:06","date_gmt":"2025-12-11T17:33:06","guid":{"rendered":"https:\/\/www.europesays.com\/lv\/71751\/"},"modified":"2025-12-11T17:33:06","modified_gmt":"2025-12-11T17:33:06","slug":"palidzi-nokert-rigas-tramvaja-bojatajus","status":"publish","type":"post","link":"https:\/\/www.europesays.com\/lv\/71751\/","title":{"rendered":"Pal\u012bdzi no\u0137ert R\u012bgas tramvaja boj\u0101t\u0101jus!"},"content":{"rendered":"<p class=\"descr\">Sestdien v\u0113lu vakar\u0101 Tape\u0161u ielas galapunkt\u0101 att\u0113l\u0101 redzam\u0101s personas apz\u012bm\u0113ja tramvaja otro vagonu, nodarot materi\u0101lus zaud\u0113jumus, inform\u0113 &#8220;R\u012bgas satiksme&#8221;.<\/p>\n<p>\t\t\t\t\t\t\t\t\t\t\t\t\t\t\t\t   &#8220;Par notiku\u0161o esam v\u0113rsu\u0161ies policij\u0101, lai vain\u012bgie tiktu noskaidroti un saukti pie atbild\u012bbas. Ja k\u0101ds atpaz\u012bst att\u0113l\u0101 redzamos cilv\u0113kus, aicin\u0101m zi\u0146ot <a href=\"https:\/\/nra.lv\/birka\/valsts-policija\/\" target=\"_blank\" rel=\"noopener nofollow\">Valsts policijai<\/a>.T\u0101pat aicin\u0101m vain\u012bg\u0101s personas pa\u0161\u0101m pieteikties un atl\u012bdzin\u0101t nodar\u012bto,&#8221; raksta <a href=\"https:\/\/nra.lv\/birka\/rigas-satiksme\/\" target=\"_blank\" rel=\"noopener nofollow\">&#8220;R\u012bgas satiksme&#8221;. <\/a>      <\/p>\n<blockquote class=\"twitter-tweet\">\n<p lang=\"lv\" dir=\"ltr\">Sestdien v\u0113lu vakar\u0101 Tape\u0161u ielas galapunkt\u0101 att\u0113l\u0101 redzam\u0101s personas apz\u012bm\u0113ja tramvaja otro vagonu, nodarot materi\u0101lus zaud\u0113jumus. Par notiku\u0161o esam v\u0113rsu\u0161ies policij\u0101, lai vain\u012bgie tiktu noskaidroti un saukti pie atbild\u012bbas.<br \/>Ja k\u0101ds atpaz\u012bst att\u0113l\u0101 redzamos cilv\u0113kus, aicin\u0101m\u2026 <a href=\"https:\/\/t.co\/9EIkRGOyVs\" rel=\"nofollow\">pic.twitter.com\/9EIkRGOyVs<\/a><\/p>\n<p>\u2014 R\u012bgas satiksme (@Rigassatiksme_) <a href=\"https:\/\/twitter.com\/Rigassatiksme_\/status\/1999046598676848983?ref_src=twsrc%5Etfw\" rel=\"nofollow noopener\" target=\"_blank\">December 11, 2025<\/a><\/p><\/blockquote>\n<p>\t\t\t\t\t\t\t\t\t\t\t\t\t\t\t\t\t\t\t<script async src=\"https:\/\/platform.twitter.com\/widgets.js\" charset=\"utf-8\"><\/script><\/p>\n","protected":false},"excerpt":{"rendered":"Sestdien v\u0113lu vakar\u0101 Tape\u0161u ielas galapunkt\u0101 att\u0113l\u0101 redzam\u0101s personas apz\u012bm\u0113ja tramvaja otro vagonu, nodarot materi\u0101lus zaud\u0113jumus, inform\u0113 &#8220;R\u012bgas&hellip;\n","protected":false},"author":2,"featured_media":71752,"comment_status":"","ping_status":"","sticky":false,"template":"","format":"standard","meta":{"footnotes":""},"categories":[12],"tags":[23,28,29,32,33,22,30,31,35,39,38,36,37,34,40,20,26,27,24,25,21],"class_list":{"0":"post-71751","1":"post","2":"type-post","3":"status-publish","4":"format-standard","5":"has-post-thumbnail","7":"category-latvija","8":"tag-aktualitates","9":"tag-breaking-news","10":"tag-breakingnews","11":"tag-featured-news","12":"tag-featurednews","13":"tag-headlines","14":"tag-latest-news","15":"tag-latestnews","16":"tag-latvia","17":"tag-latvian","18":"tag-latviesu","19":"tag-latviesu-valoda","20":"tag-latviesuvaloda","21":"tag-latvija","22":"tag-lv","23":"tag-news","24":"tag-popularakas-zinas","25":"tag-popularakaszinas","26":"tag-top-stories","27":"tag-topstories","28":"tag-zinas"},"share_on_mastodon":{"url":"https:\/\/pubeurope.com\/@lv\/115702136956138550","error":""},"_links":{"self":[{"href":"https:\/\/www.europesays.com\/lv\/wp-json\/wp\/v2\/posts\/71751","targetHints":{"allow":["GET"]}}],"collection":[{"href":"https:\/\/www.europesays.com\/lv\/wp-json\/wp\/v2\/posts"}],"about":[{"href":"https:\/\/www.europesays.com\/lv\/wp-json\/wp\/v2\/types\/post"}],"author":[{"embeddable":true,"href":"https:\/\/www.europesays.com\/lv\/wp-json\/wp\/v2\/users\/2"}],"replies":[{"embeddable":true,"href":"https:\/\/www.europesays.com\/lv\/wp-json\/wp\/v2\/comments?post=71751"}],"version-history":[{"count":0,"href":"https:\/\/www.europesays.com\/lv\/wp-json\/wp\/v2\/posts\/71751\/revisions"}],"wp:featuredmedia":[{"embeddable":true,"href":"https:\/\/www.europesays.com\/lv\/wp-json\/wp\/v2\/media\/71752"}],"wp:attachment":[{"href":"https:\/\/www.europesays.com\/lv\/wp-json\/wp\/v2\/media?parent=71751"}],"wp:term":[{"taxonomy":"category","embeddable":true,"href":"https:\/\/www.europesays.com\/lv\/wp-json\/wp\/v2\/categories?post=71751"},{"taxonomy":"post_tag","embeddable":true,"href":"https:\/\/www.europesays.com\/lv\/wp-json\/wp\/v2\/tags?post=71751"}],"curies":[{"name":"wp","href":"https:\/\/api.w.org\/{rel}","templated":true}]}}