{"id":71757,"date":"2025-12-11T17:39:08","date_gmt":"2025-12-11T17:39:08","guid":{"rendered":"https:\/\/www.europesays.com\/lv\/71757\/"},"modified":"2025-12-11T17:39:08","modified_gmt":"2025-12-11T17:39:08","slug":"atkapjas-divi-no-trim-latvijas-dzelzcela-padomes-locekliem-raksts","status":"publish","type":"post","link":"https:\/\/www.europesays.com\/lv\/71757\/","title":{"rendered":"Atk\u0101pjas divi no trim \u00abLatvijas dzelzce\u013ca\u00bb padomes locek\u013ciem \/ Raksts"},"content":{"rendered":"<p>\n                        \u0160odien, 13:59                    <\/p>\n<p>\n                            Papildin\u0101ts \u0161odien, 17:03                        <\/p>\n<p>VAS &#8220;Latvijas dzelzce\u013c\u0161&#8221; (LDz)\u00a0padomes priek\u0161s\u0113d\u0113t\u0101js Andris Liepi\u0146\u0161 un padomes loceklis Reinis Ceplis pazi\u0146oju\u0161i par atk\u0101p\u0161anos no padomes locek\u013cu amatiem ar n\u0101kamo gadu. Pazi\u0146ojum\u0101 medijiem abi nor\u0101d\u012bju\u0161i, ka ir laiks nodot atbild\u012bbu par uz\u0146\u0113muma t\u0101l\u0101ko p\u0101rraudz\u012bbu citiem profesion\u0101\u013ciem.<\/p>\n<p>Gan Liepi\u0146\u0161, gan\u00a0Ceplis uzs\u0101ka darbu LDz padom\u0113 2019. gada vid\u016b, un 2024. gada vasar\u0101 Liepi\u0146a un Cep\u013ca \u00a0pilnvaru termi\u0146\u0161 tika pagarin\u0101ts v\u0113l uz 5 gadiem \u2013 l\u012bdz 2029. gada j\u016bnijam.<\/p>\n<p>Liepi\u0146\u0161 nor\u0101d\u012bja, ka viss LDz koncerns p\u0113d\u0113jos gados ir pieredz\u0113jis &#8220;Latvij\u0101 nebiju\u0161a m\u0113roga turbulences, p\u0101rmai\u0146as, kr\u012bzes un izaugsmi vienlaikus&#8221;.<\/p>\n<p>&#8220;M\u016bsu k\u0101 VAS &#8220;Latvijas dzelzce\u013c\u0161&#8221; padomes uzdevums visu \u0161o laiku bija \u2013 nodro\u0161in\u0101t to, ka uz\u0146\u0113mums b\u016btiski optimiz\u0113 darb\u012bbas modeli un samazina izmaksas, paaugstina atalgojumu\u00a0dzelzce\u013ca profesij\u0101s str\u0101d\u0101jo\u0161ajiem speci\u0101listiem l\u012bdz citu infrastrukt\u016bras p\u0101rvald\u012bt\u0101ju l\u012bmenim,\u00a0un vienlaikus izstr\u0101d\u0101 un \u012bsteno jaunajai situ\u0101cijai atbilsto\u0161u darb\u012bbas strat\u0113\u0123iju un att\u012bsta kvalitat\u012bvu dzelzce\u013ca pasa\u017eieru infrastrukt\u016bru, kam iepriek\u0161\u0113j\u0101s desmitgad\u0113s netika piev\u0113rsta pien\u0101c\u012bga uzman\u012bba.&#8221;<\/p>\n<p>Padomes priek\u0161s\u0113d\u0113t\u0101js pauda, ka p\u0113d\u0113jos gados LDz sp\u0113jis paveikt daudz, tostarp samazin\u0101t pamatdarb\u012bbas izdevumus, izb\u016bv\u0113ta eiropeiska\u00a0pasa\u017eieru infrastrukt\u016bra, un LDz\u00a0esot\u00a0vienas no Eirop\u0101 zem\u0101kaj\u0101m darb\u012bbas izmaks\u0101m uz vienu slie\u017eu ce\u013cu kilometru \u2013 par teju 45% zem\u0101kas nek\u0101 Lietuv\u0101 un teju vien\u0101 l\u012bmen\u012b ar Igauniju un Somiju.<\/p>\n<p>Savuk\u0101rt LDz padomes loceklis Ceplis nor\u0101d\u012bjis, ka &#8220;visa LDz koncerna darbinieku komanda laika period\u0101 no 2019. gada l\u012bdz pat \u0161im br\u012bdim ir paveiku\u0161i praktiski neiesp\u0113jamo&#8221;. \u0160obr\u012bd LDz esot\u00a0jauna posma priek\u0161\u0101 \u2013 ir izstr\u0101d\u0101ta jauna darb\u012bbas strat\u0113\u0123ija laika periodam l\u012bdz 2030.\u00a0gadam,\u00a0veikta LDz\u00a0koncerna apvieno\u0161ana un fini\u0161a taisn\u0113 ir SIA &#8220;Eiropas dzelzce\u013ca l\u012bnijas&#8221; pievieno\u0161ana VAS &#8220;Latvijas dzelzce\u013c\u0161&#8221;.<\/p>\n<p>&#8220;Kop\u0101 ar VAS &#8220;Latvijas dzelzce\u013c\u0161&#8221; esam nog\u0101ju\u0161i iz\u0161\u0137iro\u0161i svar\u012bgu posmu \u0161\u012b uz\u0146\u0113muma v\u0113stur\u0113,<\/p>\n<blockquote>\n<p>esam paveiku\u0161i \u013coti daudz un uzskat\u0101m, ka ir pien\u0101cis laiks nodot atbild\u012bbu par VAS &#8220;Latvijas dzelzce\u013c\u0161&#8221; t\u0101l\u0101ko p\u0101rraudz\u012bbu citiem profesion\u0101\u013ciem!&#8221; nor\u0101d\u012bja Ceplis.<\/p>\n<\/blockquote>\n<p>Liepi\u0146\u0161 un Ceplis darbu LDz padom\u0113 turpin\u0101s l\u012bdz \u0161\u012b gada 31. decembrim. Bez abiem padom\u0113 darbojas ar\u012b\u00a0Andis Veinbergs.<\/p>\n<p>LDz padomes locek\u013cus iece\u013c kapit\u0101lda\u013cu tur\u0113t\u0101js \u2013 Satiksmes ministrija.<\/p>\n<p>LDz koncerna apgroz\u012bjums pag\u0101ju\u0161aj\u0101 gad\u0101 bija 233,738 miljoni eiro, kas ir par 11,3\u00a0% maz\u0101k nek\u0101 2023. gad\u0101, savuk\u0101rt koncerna zaud\u0113jumi pieauga daudzk\u0101rt\u012bgi &#8211; l\u012bdz 39,438 miljoniem eiro, liecina LETA inform\u0101cija.<\/p>\n<p>Reorganiz\u0101cijas proces\u0101 \u0161ogad LDz meitasuz\u0146\u0113mumam<a href=\"https:\/\/www.lsm.lv\/raksts\/zinas\/ekonomika\/25.06.2025-apvieno-tris-latvijas-dzelzcela-meitassabiedribas-precizets.a604423\/\" class=\"lsm-link\" data-type=\"article\" data-id=\"604423\" rel=\"nofollow noopener\" target=\"_blank\"> SIA &#8220;LDz Cargo&#8221; oktobr\u012b tika pievienoti<\/a> LDz meitasuz\u0146\u0113mumi SIA &#8220;LDz rito\u0161\u0101 sast\u0101va serviss&#8221; un SIA &#8220;LDz lo\u0123istika&#8221;. LDz koncern\u0101 ietilpst ar\u012b &#8220;LatRailNet&#8221;, kas veic infrastrukt\u016bras maksas noteik\u0161anu un dzelzce\u013ca infrastrukt\u016bras jaudas sadali, un apsardzes uz\u0146\u0113mums &#8220;LDz apsardze&#8221;.<\/p>\n<p>                    Valodas k\u013c\u016bda rakst\u0101?<\/p>\n<p class=\"d-none d-md-block\">Iez\u012bm\u0113jiet tekstu un spiediet Ctrl+Enter, lai nos\u016bt\u012btu labojamo teksta fragmentu redaktoram! Par faktu k\u013c\u016bd\u0101m l\u016bdzam zi\u0146ot e-past\u0101 <a href=\"https:\/\/www.lsm.lv\/cdn-cgi\/l\/email-protection\" class=\"__cf_email__\" data-cfemail=\"46342322272d252f2c27062a352b682a30\" rel=\"nofollow noopener\" target=\"_blank\">[email\u00a0protected]<\/a>.<\/p>\n<p class=\"d-md-none\">Iez\u012bm\u0113jiet tekstu un spiediet uz Zi\u0146ot par k\u013c\u016bdu pogas, lai nos\u016bt\u012btu labojamo teksta fragmentu redaktoram!<\/p>\n<p>\n                    Zi\u0146ot par k\u013c\u016bdu\n                <\/p>\n","protected":false},"excerpt":{"rendered":"\u0160odien, 13:59 Papildin\u0101ts \u0161odien, 17:03 VAS &#8220;Latvijas dzelzce\u013c\u0161&#8221; (LDz)\u00a0padomes priek\u0161s\u0113d\u0113t\u0101js Andris Liepi\u0146\u0161 un padomes loceklis Reinis Ceplis pazi\u0146oju\u0161i&hellip;\n","protected":false},"author":2,"featured_media":71758,"comment_status":"","ping_status":"","sticky":false,"template":"","format":"standard","meta":{"footnotes":""},"categories":[12],"tags":[23,28,29,32,33,22,30,31,35,39,38,36,37,34,40,20,26,27,24,25,21],"class_list":{"0":"post-71757","1":"post","2":"type-post","3":"status-publish","4":"format-standard","5":"has-post-thumbnail","7":"category-latvija","8":"tag-aktualitates","9":"tag-breaking-news","10":"tag-breakingnews","11":"tag-featured-news","12":"tag-featurednews","13":"tag-headlines","14":"tag-latest-news","15":"tag-latestnews","16":"tag-latvia","17":"tag-latvian","18":"tag-latviesu","19":"tag-latviesu-valoda","20":"tag-latviesuvaloda","21":"tag-latvija","22":"tag-lv","23":"tag-news","24":"tag-popularakas-zinas","25":"tag-popularakaszinas","26":"tag-top-stories","27":"tag-topstories","28":"tag-zinas"},"share_on_mastodon":{"url":"https:\/\/pubeurope.com\/@lv\/115702160727739778","error":""},"_links":{"self":[{"href":"https:\/\/www.europesays.com\/lv\/wp-json\/wp\/v2\/posts\/71757","targetHints":{"allow":["GET"]}}],"collection":[{"href":"https:\/\/www.europesays.com\/lv\/wp-json\/wp\/v2\/posts"}],"about":[{"href":"https:\/\/www.europesays.com\/lv\/wp-json\/wp\/v2\/types\/post"}],"author":[{"embeddable":true,"href":"https:\/\/www.europesays.com\/lv\/wp-json\/wp\/v2\/users\/2"}],"replies":[{"embeddable":true,"href":"https:\/\/www.europesays.com\/lv\/wp-json\/wp\/v2\/comments?post=71757"}],"version-history":[{"count":0,"href":"https:\/\/www.europesays.com\/lv\/wp-json\/wp\/v2\/posts\/71757\/revisions"}],"wp:featuredmedia":[{"embeddable":true,"href":"https:\/\/www.europesays.com\/lv\/wp-json\/wp\/v2\/media\/71758"}],"wp:attachment":[{"href":"https:\/\/www.europesays.com\/lv\/wp-json\/wp\/v2\/media?parent=71757"}],"wp:term":[{"taxonomy":"category","embeddable":true,"href":"https:\/\/www.europesays.com\/lv\/wp-json\/wp\/v2\/categories?post=71757"},{"taxonomy":"post_tag","embeddable":true,"href":"https:\/\/www.europesays.com\/lv\/wp-json\/wp\/v2\/tags?post=71757"}],"curies":[{"name":"wp","href":"https:\/\/api.w.org\/{rel}","templated":true}]}}