{"id":71759,"date":"2025-12-11T17:40:08","date_gmt":"2025-12-11T17:40:08","guid":{"rendered":"https:\/\/www.europesays.com\/lv\/71759\/"},"modified":"2025-12-11T17:40:08","modified_gmt":"2025-12-11T17:40:08","slug":"gimenes-ar-berniem-aicinatas-uz-ziemassvetku-gaidisanas-pasakumu-kauguros-lente-lv-2","status":"publish","type":"post","link":"https:\/\/www.europesays.com\/lv\/71759\/","title":{"rendered":"\u0122imenes ar b\u0113rniem aicin\u0101tas uz Ziemassv\u0113tku gaid\u012b\u0161anas pas\u0101kumu Kauguros\u00a0\u2014\u00a0Lente.lv"},"content":{"rendered":"<p> K\u0101 zi\u0146o telekan\u0101ls TV3 Priec\u012bgi Ziemassv\u0113tki Kauguros gaida \u0123imenes ar b\u0113rniem<\/p>\n<p>\u0160ogad Kauguri aicina \u0123imenes ar b\u0113rniem uz \u012bpa\u0161u Ziemassv\u0113tku gaid\u012b\u0161anas pas\u0101kumu, kas notiks 13. decembr\u012b no pulksten 16:00 l\u012bdz 19:00.<\/p>\n<p>Izklaide un rado\u0161\u0101s nodarbes Kauguru park\u0101 un Jaunatnes iniciat\u012bvu centr\u0101<\/p>\n<p>Pas\u0101kums norisin\u0101sies gan Kauguru park\u0101, gan Jaunatnes Iniciat\u012bvu centra telp\u0101s, pied\u0101v\u0101jot pla\u0161u aktivit\u0101\u0161u kl\u0101stu mazajiem un lielajiem. Jau no pulksten 16:00 ikviens var\u0113s apmekl\u0113t Ziemassv\u0113tku tirdzi\u0146u, kur\u0101 b\u016bs iesp\u0113ja ieg\u0101d\u0101ties gan gardus cienastus sv\u0113tku galdam, gan ar\u012b unik\u0101las d\u0101vanas m\u012b\u013cajiem un draugiem. Tas ir lielisks veids, k\u0101 iepirkties un vienlaikus baud\u012bt sv\u0113tku atmosf\u0113ru.<\/p>\n<p>Br\u012bvdabas skatuv\u0113 Kauguru park\u0101 pulksten 17:00 uzst\u0101sies grupa \u201cMuud\u201d, bet pulksten 18:00 par muzik\u0101lu baud\u012bjumu par\u016bp\u0113sies \u201c3 Live Project\u201d ar Ziemassv\u0113tku hitiem, ko izpild\u012bs atrakt\u012bvs m\u016bzi\u0137u trio. Mazajiem skat\u012bt\u0101jiem b\u016bs iesp\u0113ja baud\u012bt pasakas uz maz\u0101s skatuves \u2013 pulksten 17:30 un 18:30 notiks le\u013c\u013cu te\u0101tra izr\u0101des \u201cRikko lelles\u201d. Lai iepriecin\u0101tu visas \u0123imenes, park\u0101 b\u016bs pieejamas jautras aktivit\u0101tes, tostarp liel\u0101s koka sp\u0113les un mini golfs, k\u0101 ar\u012b iesp\u0113ja satikt mini zoo dz\u012bvnieci\u0146us, kas rad\u012bs \u012bpa\u0161u prieku maz\u0101kajiem apmekl\u0113t\u0101jiem.<\/p>\n<p>Jaunatnes Iniciat\u012bvu centra telp\u0101s visas dienas garum\u0101 darbosies rado\u0161\u0101s Ziemassv\u0113tku darbn\u012bcas. Tur b\u0113rni var\u0113s izpaust savu rado\u0161umu, apgleznojot seji\u0146as ziemas tematik\u0101, vai radot apsveikuma kart\u012btes. T\u0101pat b\u016bs pieejama momentfoto darbn\u012bca, lai iem\u016b\u017ein\u0101tu priec\u012bgus mirk\u013cus.<\/p>\n<p>Pils\u0113tas sv\u0113tku noska\u0146a Kauguros un vis\u0101 J\u016brmal\u0101<\/p>\n<p>Apmekl\u0113jot \u0161o pas\u0101kumu, aicin\u0101m ar\u012b izbaud\u012bt \u012bpa\u0161o sv\u0113tku noska\u0146u, kas valda vis\u0101 J\u016brmal\u0101. Pils\u0113tas galven\u0101 Ziemassv\u0113tku egle Jomas iel\u0101, iepretim Majoru st\u0101vlaukumam, jau priec\u0113 ar savu mirdzumu, un to papildina \u201cEgl\u012b\u0161u promen\u0101de\u201d. Sv\u0113tku egles rot\u0101 ar\u012b citas pils\u0113tas vietas: Dubultu Kult\u016bras kvart\u0101lu, Sloku pie bibliot\u0113kas, Kauguru parku un Kauguru Kult\u016bras namu. Decembra m\u0113nes\u012b J\u016brmala mirdz sv\u0113tku apgaismojum\u0101, ko papildina kr\u0101\u0161\u0146as Ziemassv\u0113tku dekor\u0101cijas, \u012bpa\u0161i izgaismoti \u010diekuru dekori satiksmes rot\u0101cijas ap\u013cos Kauguros un Vaivaros, k\u0101 ar\u012b gaismas objekts egles form\u0101 Dubultu skv\u0113r\u0101. Kauguru park\u0101 ziemu sagaida priec\u012bga sniegav\u012bru \u0123imene, bet pie Kauguru Kult\u016bras nama apskat\u0101ma t\u0113lnieka T\u0101lival\u017ea Muzikanta veidot\u0101 skulpt\u016bru grupa \u201cZiemassv\u0113tku sil\u012bte\u201d. Savuk\u0101rt Dzintaru me\u017eapark\u0101 b\u0113rnu rota\u013cu laukumos un centr\u0101laj\u0101s tak\u0101s izbaud\u0101mas kr\u0101sainas gaismas sp\u0113les, kas atg\u0101dina zieme\u013cbl\u0101zmu.<\/p>\n<p>Tas viss kop\u0101 veido neaizmirstamu sv\u0113tku atmosf\u0113ru, kas aicina ikvienu, \u012bpa\u0161i \u0123imenes ar b\u0113rniem, baud\u012bt Ziemassv\u0113tku br\u012bnumu Kauguros.<\/p>\n","protected":false},"excerpt":{"rendered":"K\u0101 zi\u0146o telekan\u0101ls TV3 Priec\u012bgi Ziemassv\u0113tki Kauguros gaida \u0123imenes ar b\u0113rniem \u0160ogad Kauguri aicina \u0123imenes ar b\u0113rniem uz&hellip;\n","protected":false},"author":2,"featured_media":71760,"comment_status":"","ping_status":"","sticky":false,"template":"","format":"standard","meta":{"footnotes":""},"categories":[5],"tags":[23,28,29,32,33,22,18274,18275,18273,30,31,35,39,38,36,37,34,40,20,18272,26,27,24,25,18271,21],"class_list":{"0":"post-71759","1":"post","2":"type-post","3":"status-publish","4":"format-standard","5":"has-post-thumbnail","7":"category-aktualitates","8":"tag-aktualitates","9":"tag-breaking-news","10":"tag-breakingnews","11":"tag-featured-news","12":"tag-featurednews","13":"tag-headlines","14":"tag-jaunatnes-iniciativu-centrs","15":"tag-jurmalas-ziemassvetki","16":"tag-kauguru-parks","17":"tag-latest-news","18":"tag-latestnews","19":"tag-latvia","20":"tag-latvian","21":"tag-latviesu","22":"tag-latviesu-valoda","23":"tag-latviesuvaloda","24":"tag-latvija","25":"tag-lv","26":"tag-news","27":"tag-pasakumi-gimenem-ar-berniem","28":"tag-popularakas-zinas","29":"tag-popularakaszinas","30":"tag-top-stories","31":"tag-topstories","32":"tag-ziemassvetki-kauguros","33":"tag-zinas"},"share_on_mastodon":{"url":"https:\/\/pubeurope.com\/@lv\/115702164556833225","error":""},"_links":{"self":[{"href":"https:\/\/www.europesays.com\/lv\/wp-json\/wp\/v2\/posts\/71759","targetHints":{"allow":["GET"]}}],"collection":[{"href":"https:\/\/www.europesays.com\/lv\/wp-json\/wp\/v2\/posts"}],"about":[{"href":"https:\/\/www.europesays.com\/lv\/wp-json\/wp\/v2\/types\/post"}],"author":[{"embeddable":true,"href":"https:\/\/www.europesays.com\/lv\/wp-json\/wp\/v2\/users\/2"}],"replies":[{"embeddable":true,"href":"https:\/\/www.europesays.com\/lv\/wp-json\/wp\/v2\/comments?post=71759"}],"version-history":[{"count":0,"href":"https:\/\/www.europesays.com\/lv\/wp-json\/wp\/v2\/posts\/71759\/revisions"}],"wp:featuredmedia":[{"embeddable":true,"href":"https:\/\/www.europesays.com\/lv\/wp-json\/wp\/v2\/media\/71760"}],"wp:attachment":[{"href":"https:\/\/www.europesays.com\/lv\/wp-json\/wp\/v2\/media?parent=71759"}],"wp:term":[{"taxonomy":"category","embeddable":true,"href":"https:\/\/www.europesays.com\/lv\/wp-json\/wp\/v2\/categories?post=71759"},{"taxonomy":"post_tag","embeddable":true,"href":"https:\/\/www.europesays.com\/lv\/wp-json\/wp\/v2\/tags?post=71759"}],"curies":[{"name":"wp","href":"https:\/\/api.w.org\/{rel}","templated":true}]}}