{"id":71767,"date":"2025-12-11T17:51:11","date_gmt":"2025-12-11T17:51:11","guid":{"rendered":"https:\/\/www.europesays.com\/lv\/71767\/"},"modified":"2025-12-11T17:51:11","modified_gmt":"2025-12-11T17:51:11","slug":"ministru-prezidente-evika-silina-tiekas-ar-polijas-prezidentu-karolu-navrocki","status":"publish","type":"post","link":"https:\/\/www.europesays.com\/lv\/71767\/","title":{"rendered":"Ministru prezidente Evika Sili\u0146a tiekas ar Polijas prezidentu Karolu Navrocki"},"content":{"rendered":"<p>Ministru prezidente Evika Sili\u0146a ceturtdien, 11. decembr\u012b, tik\u0101s ar Polijas prezidentu Karolu Navrocki (Karol Nawrocki).<\/p>\n<p>\u201cLatvija un Polija ir \u013coti tuvi sabiedrotie. M\u016bsu valstis vieno kop\u012bga atbild\u012bba par re\u0123iona dro\u0161\u012bbu, cie\u0161a sadarb\u012bba Eiropas Savien\u012bbas \u0101r\u0113j\u0101s robe\u017eas aizsardz\u012bb\u0101, k\u0101 ar\u012b kop\u012bga n\u0101kotnes v\u012bzija Eiropas Savien\u012bb\u0101 un NATO,\u201d uzsv\u0113ra E. SIli\u0146a.<\/p>\n<p>Latvijas Ministru prezidente un Polijas prezidents p\u0101rrun\u0101ja ilgtermi\u0146a invest\u012bcijas dro\u0161\u012bb\u0101 un aizsardz\u012bb\u0101, tostarp ener\u0123\u0113tiskaj\u0101 neatkar\u012bb\u0101 no Krievijas. \u201cPolija bija svar\u012bgs sabiedrotais un atbalsts Baltijas valst\u012bm, kad atsl\u0113dz\u0101mies no BRELL. Cie\u0161i sadarbojamies ar\u012b neleg\u0101l\u0101s migr\u0101cijas apkaro\u0161an\u0101 un kop\u012bgi koordin\u0113jam pal\u012bdz\u012bbu Ukrainai,\u201d akcent\u0113 E. Sili\u0146a.<\/p>\n<p>Latviju un Poliju vieno ar\u012b ekonomisk\u0101s, v\u0113sturiski cilv\u0113cisk\u0101s un kult\u016bras saites. \u201cMums Latvij\u0101 ir liela po\u013cu kopiena, un t\u0101 ir svar\u012bga saikne starp m\u016bsu valst\u012bm,\u201d pauda Ministru prezidente.<\/p>\n<p>          <img decoding=\"async\" src=\"https:\/\/www.europesays.com\/lv\/wp-content\/uploads\/2025\/12\/1765388232_965_logo-lv.png\" alt=\"\"\/><\/p>\n<p>                  \u0160\u012b inform\u0101cija ir publisks pazi\u0146ojums un neatspogu\u013co LV port\u0101la viedokli. Par t\u0101s saturu atbild ies\u016bt\u012bt\u0101js. <a data-popup=\"rules\">Public\u0113\u0161anas noteikumi<\/a><\/p>\n","protected":false},"excerpt":{"rendered":"Ministru prezidente Evika Sili\u0146a ceturtdien, 11. decembr\u012b, tik\u0101s ar Polijas prezidentu Karolu Navrocki (Karol Nawrocki). \u201cLatvija un Polija&hellip;\n","protected":false},"author":2,"featured_media":71768,"comment_status":"","ping_status":"","sticky":false,"template":"","format":"standard","meta":{"footnotes":""},"categories":[12],"tags":[23,28,29,32,33,22,30,31,35,39,38,36,37,34,40,20,26,27,24,25,21],"class_list":{"0":"post-71767","1":"post","2":"type-post","3":"status-publish","4":"format-standard","5":"has-post-thumbnail","7":"category-latvija","8":"tag-aktualitates","9":"tag-breaking-news","10":"tag-breakingnews","11":"tag-featured-news","12":"tag-featurednews","13":"tag-headlines","14":"tag-latest-news","15":"tag-latestnews","16":"tag-latvia","17":"tag-latvian","18":"tag-latviesu","19":"tag-latviesu-valoda","20":"tag-latviesuvaloda","21":"tag-latvija","22":"tag-lv","23":"tag-news","24":"tag-popularakas-zinas","25":"tag-popularakaszinas","26":"tag-top-stories","27":"tag-topstories","28":"tag-zinas"},"share_on_mastodon":{"url":"https:\/\/pubeurope.com\/@lv\/115702207996797475","error":""},"_links":{"self":[{"href":"https:\/\/www.europesays.com\/lv\/wp-json\/wp\/v2\/posts\/71767","targetHints":{"allow":["GET"]}}],"collection":[{"href":"https:\/\/www.europesays.com\/lv\/wp-json\/wp\/v2\/posts"}],"about":[{"href":"https:\/\/www.europesays.com\/lv\/wp-json\/wp\/v2\/types\/post"}],"author":[{"embeddable":true,"href":"https:\/\/www.europesays.com\/lv\/wp-json\/wp\/v2\/users\/2"}],"replies":[{"embeddable":true,"href":"https:\/\/www.europesays.com\/lv\/wp-json\/wp\/v2\/comments?post=71767"}],"version-history":[{"count":0,"href":"https:\/\/www.europesays.com\/lv\/wp-json\/wp\/v2\/posts\/71767\/revisions"}],"wp:featuredmedia":[{"embeddable":true,"href":"https:\/\/www.europesays.com\/lv\/wp-json\/wp\/v2\/media\/71768"}],"wp:attachment":[{"href":"https:\/\/www.europesays.com\/lv\/wp-json\/wp\/v2\/media?parent=71767"}],"wp:term":[{"taxonomy":"category","embeddable":true,"href":"https:\/\/www.europesays.com\/lv\/wp-json\/wp\/v2\/categories?post=71767"},{"taxonomy":"post_tag","embeddable":true,"href":"https:\/\/www.europesays.com\/lv\/wp-json\/wp\/v2\/tags?post=71767"}],"curies":[{"name":"wp","href":"https:\/\/api.w.org\/{rel}","templated":true}]}}