{"id":71792,"date":"2025-12-11T18:29:09","date_gmt":"2025-12-11T18:29:09","guid":{"rendered":"https:\/\/www.europesays.com\/lv\/71792\/"},"modified":"2025-12-11T18:29:09","modified_gmt":"2025-12-11T18:29:09","slug":"igudesman-joo-atvadu-koncerts-latvijas-nacionalaja-opera","status":"publish","type":"post","link":"https:\/\/www.europesays.com\/lv\/71792\/","title":{"rendered":"Igudesman &#038; Joo atvadu koncerts Latvijas Nacion\u0101laj\u0101 oper\u0101"},"content":{"rendered":"<p class=\"descr\">Pasaulslavenais klasisk\u0101s m\u016bzikas un kom\u0113dijas duets \u201cIgudesman &amp; Joo\u201d dodas sav\u0101 atvadu t\u016br\u0113 un 15. decembr\u012b Latvijas Nacion\u0101laj\u0101 oper\u0101 notiks vi\u0146u p\u0113d\u0113jais koncerts Latvij\u0101. \u0160\u012b ir vien\u012bg\u0101 iesp\u0113ja m\u016bsu skat\u012bt\u0101jiem v\u0113l p\u0113d\u0113jo reizi piedz\u012bvot \u0161\u012b dueta humoru, meistar\u012bbu un negaid\u012btos muzik\u0101los p\u0101rsteigumus dz\u012bvaj\u0101 izpild\u012bjum\u0101<\/p>\n<p>Vijolnieks Aleksey Igudesman un pianists Hyung-ki Joo ar savu neparasto sp\u0113ju apvienot virtuozu klasiku, humoru un muzik\u0101lus p\u0101rsteigumus k\u013cuvu\u0161i par pasaules fenomenu, sasniedzot milz\u012bgas auditorijas vis\u0101 pasaul\u0113. Duets uzst\u0101jies kop\u0101 ar t\u0101diem m\u0101ksliniekiem k\u0101 D\u017eons Malkovi\u010ds, Hanss Cimmers, Gidons Kr\u0113mers, k\u0101 ar\u012b ar New York Philharmonic, London Philharmonic un citiem pasaules vado\u0161ajiem or\u0137estriem.<\/p>\n<p><a href=\"https:\/\/nra.lv\/izklaide\/muzika\/506652-erika-esenvalda-aranzejums-balanas-masas-un-klusa-nakts.htm\" data-item-link=\"true\" data-item-id=\"506652\" rel=\"nofollow noopener\" target=\"_blank\">Koncertprogramm\u0101<\/a> \u201cLast Silent Night Music\u201d izskan\u0113s dueta spilgt\u0101kie ska\u0146darbi no da\u017e\u0101d\u0101m programm\u0101m, piem\u0113ram, Mocarta \u201cTurku mar\u0161s\u201d, Rahma\u0146inova un Pagan\u012bni virtuoz\u0101s interpret\u0101cijas, humoristiski p\u0101rveidotais hits \u201cI Will Survive\u201d, filmu m\u016bzika, k\u0101 ar\u012b skaist\u0101k\u0101s Ziemassv\u0113tku dziesmas.<\/p>\n<p>\u201cR\u012bga mums vienm\u0113r bijusi \u012bpa\u0161a,\u201d saka \u201cIgudesman &amp; Joo\u201d m\u016bzi\u0137i. \u201cLatvijas publikai piem\u012bt sp\u0113ja vienlaikus izbaud\u012bt gan muzik\u0101lo kvalit\u0101ti, gan humoru. Tie\u0161i Latvijas Nacion\u0101laj\u0101 oper\u0101 pirms vair\u0101kiem gadiem esam sniegu\u0161i divus \u013coti \u012bpa\u0161us koncertus, un ir patiess prieks \u0161eit atgriezties v\u0113lreiz. Te j\u016btamies patiesi gaid\u012bti un saprasti. Atgriezties \u0161eit sav\u0101 atvadu t\u016br\u0113 ir gan savi\u013c\u0146ojo\u0161i, gan emocion\u0101li un m\u0113s v\u0113lamies kop\u0101 rad\u012bt vakaru, kas paliks atmi\u0146\u0101 v\u0113l ilgi p\u0113c p\u0113d\u0113j\u0101s nots.\u201d<\/p>\n","protected":false},"excerpt":{"rendered":"Pasaulslavenais klasisk\u0101s m\u016bzikas un kom\u0113dijas duets \u201cIgudesman &amp; Joo\u201d dodas sav\u0101 atvadu t\u016br\u0113 un 15. decembr\u012b Latvijas Nacion\u0101laj\u0101&hellip;\n","protected":false},"author":2,"featured_media":71793,"comment_status":"","ping_status":"","sticky":false,"template":"","format":"standard","meta":{"footnotes":""},"categories":[19],"tags":[89,90,35,39,38,36,37,34,40],"class_list":{"0":"post-71792","1":"post","2":"type-post","3":"status-publish","4":"format-standard","5":"has-post-thumbnail","7":"category-izklaide","8":"tag-entertainment","9":"tag-izklaide","10":"tag-latvia","11":"tag-latvian","12":"tag-latviesu","13":"tag-latviesu-valoda","14":"tag-latviesuvaloda","15":"tag-latvija","16":"tag-lv"},"share_on_mastodon":{"url":"https:\/\/pubeurope.com\/@lv\/115702357461517317","error":""},"_links":{"self":[{"href":"https:\/\/www.europesays.com\/lv\/wp-json\/wp\/v2\/posts\/71792","targetHints":{"allow":["GET"]}}],"collection":[{"href":"https:\/\/www.europesays.com\/lv\/wp-json\/wp\/v2\/posts"}],"about":[{"href":"https:\/\/www.europesays.com\/lv\/wp-json\/wp\/v2\/types\/post"}],"author":[{"embeddable":true,"href":"https:\/\/www.europesays.com\/lv\/wp-json\/wp\/v2\/users\/2"}],"replies":[{"embeddable":true,"href":"https:\/\/www.europesays.com\/lv\/wp-json\/wp\/v2\/comments?post=71792"}],"version-history":[{"count":0,"href":"https:\/\/www.europesays.com\/lv\/wp-json\/wp\/v2\/posts\/71792\/revisions"}],"wp:featuredmedia":[{"embeddable":true,"href":"https:\/\/www.europesays.com\/lv\/wp-json\/wp\/v2\/media\/71793"}],"wp:attachment":[{"href":"https:\/\/www.europesays.com\/lv\/wp-json\/wp\/v2\/media?parent=71792"}],"wp:term":[{"taxonomy":"category","embeddable":true,"href":"https:\/\/www.europesays.com\/lv\/wp-json\/wp\/v2\/categories?post=71792"},{"taxonomy":"post_tag","embeddable":true,"href":"https:\/\/www.europesays.com\/lv\/wp-json\/wp\/v2\/tags?post=71792"}],"curies":[{"name":"wp","href":"https:\/\/api.w.org\/{rel}","templated":true}]}}