{"id":71794,"date":"2025-12-11T18:30:17","date_gmt":"2025-12-11T18:30:17","guid":{"rendered":"https:\/\/www.europesays.com\/lv\/71794\/"},"modified":"2025-12-11T18:30:17","modified_gmt":"2025-12-11T18:30:17","slug":"latvijas-sieviesu-futbola-izlase-fifa-ranga-veic-astonu-vietu-kapumu","status":"publish","type":"post","link":"https:\/\/www.europesays.com\/lv\/71794\/","title":{"rendered":"Latvijas sievie\u0161u futbola izlase FIFA rang\u0101 veic asto\u0146u vietu k\u0101pumu"},"content":{"rendered":"<p>Kop\u0161 augusta latvietes ir aizvad\u012bju\u0161as divas sp\u0113les Baltijas kausa izc\u012b\u0146\u0101 Lietuv\u0101, oktobra beig\u0101s ar 1:0 pieveicot Igauniju un ar 3:0 \u2013 Lietuvu.<\/p>\n<p>Lietuva ir 103. viet\u0101, saglab\u0101jot savu vietu rang\u0101, bet Igaunija \u2013 104. viet\u0101, rang\u0101 nosl\u012bdot lejup par div\u0101m ail\u012bt\u0113m.<\/p>\n<p>Eiropas Futbola feder\u0101ciju asoci\u0101cijas (UEFA) valstu vid\u016b Latvija ie\u0146em 43. vietu, esot vienu vietu aiz Igaunijas un divas vietas aiz Lietuvas, bet apsteidzot Luksemburgu, F\u0113ru salas, Kazahst\u0101nu, Gruziju, Kipru, Moldovu, Zieme\u013cma\u0137edoniju, Arm\u0113niju, Andoru, Gibralt\u0101ru un Lihten\u0161teinu.<\/p>\n<p>Pirmo vietu joproj\u0101m ie\u0146em Sp\u0101nija, bet otro \u2013 ASV. V\u0101cija ir pak\u0101pusies divas vietas un ir tre\u0161\u0101, ceturto vietu ir saglab\u0101jusi Anglija, Zviedrija ir piedz\u012bvojusi divu vietu kritumu, ie\u0146emot piekto vietu, Braz\u012blija ir pak\u0101pusies no sept\u012bt\u0101s uz sesto vietu, bet Francija ir vietu zem\u0101k, ie\u0146emot sept\u012bto poz\u012bciju rang\u0101.<\/p>\n<p>Astoto vietu ir saglab\u0101ju\u0161as Jap\u0101nas futbolistes, bet KTDR un Kan\u0101das izlase ir apmain\u012bju\u0161\u0101s viet\u0101m, uz dev\u012bto vietu pak\u0101pjoties KTDR.<\/p>\n<p>FIFA rang\u0101 ir 198 valstu sievie\u0161u izlases.<\/p>\n<p class=\"tv3-fw-500\">Zi\u0146o par k\u013c\u016bdu rakst\u0101<\/p>\n<p class=\"d-md-block d-none\">Iez\u012bm\u0113 k\u013c\u016bdaino tekstu un spied Ctrl+Enter.<\/p>\n<p class=\"d-md-none d-block\">Iez\u012bm\u0113 k\u013c\u016bdaino tekstu un zi\u0146o par to!<\/p>\n","protected":false},"excerpt":{"rendered":"Kop\u0161 augusta latvietes ir aizvad\u012bju\u0161as divas sp\u0113les Baltijas kausa izc\u012b\u0146\u0101 Lietuv\u0101, oktobra beig\u0101s ar 1:0 pieveicot Igauniju un&hellip;\n","protected":false},"author":2,"featured_media":71795,"comment_status":"","ping_status":"","sticky":false,"template":"","format":"standard","meta":{"footnotes":""},"categories":[17],"tags":[18289,35,39,38,36,37,34,40,67],"class_list":{"0":"post-71794","1":"post","2":"type-post","3":"status-publish","4":"format-standard","5":"has-post-thumbnail","7":"category-sports","8":"tag-fifalatvijas-sieviesu-futbola-izlase","9":"tag-latvia","10":"tag-latvian","11":"tag-latviesu","12":"tag-latviesu-valoda","13":"tag-latviesuvaloda","14":"tag-latvija","15":"tag-lv","16":"tag-sports"},"share_on_mastodon":{"url":"https:\/\/pubeurope.com\/@lv\/115702361319416784","error":""},"_links":{"self":[{"href":"https:\/\/www.europesays.com\/lv\/wp-json\/wp\/v2\/posts\/71794","targetHints":{"allow":["GET"]}}],"collection":[{"href":"https:\/\/www.europesays.com\/lv\/wp-json\/wp\/v2\/posts"}],"about":[{"href":"https:\/\/www.europesays.com\/lv\/wp-json\/wp\/v2\/types\/post"}],"author":[{"embeddable":true,"href":"https:\/\/www.europesays.com\/lv\/wp-json\/wp\/v2\/users\/2"}],"replies":[{"embeddable":true,"href":"https:\/\/www.europesays.com\/lv\/wp-json\/wp\/v2\/comments?post=71794"}],"version-history":[{"count":0,"href":"https:\/\/www.europesays.com\/lv\/wp-json\/wp\/v2\/posts\/71794\/revisions"}],"wp:featuredmedia":[{"embeddable":true,"href":"https:\/\/www.europesays.com\/lv\/wp-json\/wp\/v2\/media\/71795"}],"wp:attachment":[{"href":"https:\/\/www.europesays.com\/lv\/wp-json\/wp\/v2\/media?parent=71794"}],"wp:term":[{"taxonomy":"category","embeddable":true,"href":"https:\/\/www.europesays.com\/lv\/wp-json\/wp\/v2\/categories?post=71794"},{"taxonomy":"post_tag","embeddable":true,"href":"https:\/\/www.europesays.com\/lv\/wp-json\/wp\/v2\/tags?post=71794"}],"curies":[{"name":"wp","href":"https:\/\/api.w.org\/{rel}","templated":true}]}}