{"id":71798,"date":"2025-12-11T18:35:06","date_gmt":"2025-12-11T18:35:06","guid":{"rendered":"https:\/\/www.europesays.com\/lv\/71798\/"},"modified":"2025-12-11T18:35:06","modified_gmt":"2025-12-11T18:35:06","slug":"astrologe-pastasta-kuram-zodiaka-zimem-2026-gads-butu-jaizvelas-laulibas-noslegsanai","status":"publish","type":"post","link":"https:\/\/www.europesays.com\/lv\/71798\/","title":{"rendered":"Astrolo\u0123e past\u0101sta, kur\u0101m zodiaka z\u012bm\u0113m 2026. gads b\u016btu j\u0101izv\u0113las laul\u012bbas nosl\u0113g\u0161anai"},"content":{"rendered":"<p><img loading=\"lazy\" decoding=\"async\" class=\"lazy lazy-hidden alignnone size-full wp-image-229771\" src=\"data:image\/gif;base64,R0lGODlhAQABAIAAAAAAAP\/\/\/yH5BAEAAAAALAAAAAABAAEAAAIBRAA7\" data-lazy-type=\"image\" data-lazy-src=\"https:\/\/www.europesays.com\/lv\/wp-content\/uploads\/2025\/12\/bride-1837148_1280.jpg\" alt=\"\" width=\"818\" height=\"545\" data-lazy- data-lazy-\/><\/p>\n<p>Dzim\u0161anas diena ietekm\u0113 ne tikai cilv\u0113ka raksturu, bet ar\u012b vi\u0146a attiec\u012bbas ar apk\u0101rt\u0113jiem, \u012bpa\u0161i laul\u012bbu. Ezot\u0113ri\u0137e un astrolo\u0123e dal\u012bj\u0101s ar\u00a0 ieteikumus par k\u0101zu datuma izv\u0113li 2026. gad\u0101, \u0146emot v\u0113r\u0101 Zodiaka z\u012bmes un dzim\u0161anas datumus.<\/p>\n<p>P\u0113c vi\u0146as dom\u0101m, da\u017e\u0101m z\u012bm\u0113m 2026. gad\u0101 ir \u012bpa\u0161i labv\u0113l\u012bgi astrolo\u0123iskie apst\u0101k\u013ci laul\u012bbas nosl\u0113g\u0161anai. \u0160is gads var sniegt nepiecie\u0161amo stabilit\u0101ti, emocion\u0101lo l\u012bdzsvaru un ap\u0146em\u0161anos, lai p\u0101reja uz jaunu \u0123imenes dz\u012bves posmu b\u016btu veiksm\u012bga un ilgsto\u0161a.<\/p>\n<p>Zodiaka z\u012bmes, kam j\u0101gatavojas k\u0101z\u0101m 2026. gad\u0101<\/p>\n<p><a href=\"https:\/\/dzentlmenis.lv\/parstaju-stadit-samtenes-un-aizvietoju-tas-ar-citiem-ziediem-tagad-mans-darzs-vienmer-ir-brivs-no-kaitekliem-un-puvem\/229644\/\" rel=\"nofollow noopener\" target=\"_blank\"><img class=\"lazy lazy-hidden\" decoding=\"async\" src=\"data:image\/gif;base64,R0lGODlhAQABAIAAAAAAAP\/\/\/yH5BAEAAAAALAAAAAABAAEAAAIBRAA7\" data-lazy-type=\"image\" data-lazy-src=\"https:\/\/www.europesays.com\/lv\/wp-content\/uploads\/2025\/12\/35B53D69-41D3-4575-9165-6D3C431ABF4A.jpeg\" data-lazy- alt=\"P\u0101rst\u0101ju st\u0101d\u012bt samtenes un aizvietoju t\u0101s ar citiem ziediem \u2014 tagad mans d\u0101rzs vienm\u0113r ir br\u012bvs no kait\u0113k\u013ciem un puv\u0113m\"\/><\/a>\u0160obr\u012bd citi lasa<a class=\"monsterinsights-inline-popular-posts-title\" href=\"https:\/\/dzentlmenis.lv\/parstaju-stadit-samtenes-un-aizvietoju-tas-ar-citiem-ziediem-tagad-mans-darzs-vienmer-ir-brivs-no-kaitekliem-un-puvem\/229644\/\" rel=\"nofollow noopener\" target=\"_blank\">P\u0101rst\u0101ju st\u0101d\u012bt samtenes un aizvietoju t\u0101s ar citiem ziediem \u2014 tagad mans d\u0101rzs vienm\u0113r ir br\u012bvs no kait\u0113k\u013ciem un puv\u0113m<\/a><\/p>\n<p>Astrolo\u0123e \u012bpa\u0161i izce\u013c se\u0161as zodiaka z\u012bmes un konkr\u0113tus dzim\u0161anas datumus, kam 2026. gads sol\u0101s b\u016bt likten\u012bgs m\u012blas jom\u0101:<\/p>\n<p><img loading=\"lazy\" decoding=\"async\" class=\"lazy lazy-hidden alignnone size-full wp-image-229774\" src=\"data:image\/gif;base64,R0lGODlhAQABAIAAAAAAAP\/\/\/yH5BAEAAAAALAAAAAABAAEAAAIBRAA7\" data-lazy-type=\"image\" data-lazy-src=\"https:\/\/www.europesays.com\/lv\/wp-content\/uploads\/2025\/12\/bride-4066022_1280.jpg\" alt=\"\" width=\"818\" height=\"545\" data-lazy- data-lazy-\/><\/p>\n<p>1. V\u0113rsis\u00a0<\/p>\n<p>Labv\u0113l\u012bgais periods: Tie, kas dzimu\u0161i no 25. apr\u012b\u013ca l\u012bdz 5. maijam.<\/p>\n<p>Astrolo\u0123iskais skaidrojums: \u201cPlan\u0113tu st\u0101voklis 2026. gad\u0101 pastiprina stabilit\u0101ti, briedumu un v\u0113lmi p\u0113c ofici\u0101las savien\u012bbas V\u0113r\u0161iem. Tas ir lielisks gads \u0123imenes rad\u012b\u0161anai un ilgtermi\u0146a v\u0113rt\u012bbu nostiprin\u0101\u0161anai,\u201d apgalvo astrolo\u0123e. V\u0113r\u0161i jut\u012bsies p\u0101rliecin\u0101ti par savu izv\u0113li.<\/p>\n<p>2. V\u0113zis\u00a0<\/p>\n<p>Labv\u0113l\u012bgais periods: Tie, kas n\u0101ku\u0161i pasaul\u0113 no 28. j\u016bnija l\u012bdz 7. j\u016blijam.<\/p>\n<p>Astrolo\u0123iskais skaidrojums: V\u0113\u017eiem tiek ieteikts iesniegt pieteikumu laul\u012bbu re\u0123istr\u0101cijai, jo 2026. gad\u0101 vi\u0146i var\u0113s izjust emocion\u0101lu mieru un dro\u0161\u012bbu, kas mudin\u0101s vi\u0146us uz jaunu posmu attiec\u012bb\u0101s. Emocion\u0101l\u0101 harmonija veicin\u0101s dzi\u013c\u0101ku saikni.<\/p>\n<p><img loading=\"lazy\" decoding=\"async\" class=\"lazy lazy-hidden alignnone size-full wp-image-229775\" src=\"data:image\/gif;base64,R0lGODlhAQABAIAAAAAAAP\/\/\/yH5BAEAAAAALAAAAAABAAEAAAIBRAA7\" data-lazy-type=\"image\" data-lazy-src=\"https:\/\/www.europesays.com\/lv\/wp-content\/uploads\/2025\/12\/rings-1196145_1280.jpg\" alt=\"\" width=\"818\" height=\"545\" data-lazy- data-lazy-\/><\/p>\n<p>\n&#13;<br \/>\n&#13;<br \/>\n&#13;<br \/>\n&#13;<br \/>\nVIDEO: &#13;<br \/>\n &#13;<\/p>\n<p>Lasi v\u0113l:\u00a0<a style=\"color: #ff0000;\" href=\"https:\/\/dzentlmenis.lv\/karote-graudu-un-nekadu-meslu-zeme-augligaka-par-melnzemi-viss-aug-bez-meslojuma\/229747\/\" target=\"_blank\" rel=\"noopener nofollow\">Karote graudu un nek\u0101du m\u0113slu Zeme augl\u012bg\u0101ka par melnzemi, viss aug bez m\u0113slojuma<\/a><\/p>\n<p>3. Jaunava<\/p>\n<p><a href=\"https:\/\/dzentlmenis.lv\/aizsprostojuma-nav-vainigi-mati-santehnikis-atklaja-patieso-iemeslu-kapec-vanna-krajas-udens-un-iedeva-slepenu-padomu\/229785\/\" rel=\"nofollow noopener\" target=\"_blank\"><img class=\"lazy lazy-hidden\" decoding=\"async\" src=\"data:image\/gif;base64,R0lGODlhAQABAIAAAAAAAP\/\/\/yH5BAEAAAAALAAAAAABAAEAAAIBRAA7\" data-lazy-type=\"image\" data-lazy-src=\"https:\/\/www.europesays.com\/lv\/wp-content\/uploads\/2025\/12\/scale_velasmasina.jpg\" data-lazy- alt=\"Aizsprostojum\u0101 nav vain\u012bgi mati: santehni\u0137is atkl\u0101ja patieso iemeslu, k\u0101p\u0113c vann\u0101 kr\u0101jas \u016bdens, un iedeva slepenu padomu\"\/><\/a>\u0160obr\u012bd citi lasa<a class=\"monsterinsights-inline-popular-posts-title\" href=\"https:\/\/dzentlmenis.lv\/aizsprostojuma-nav-vainigi-mati-santehnikis-atklaja-patieso-iemeslu-kapec-vanna-krajas-udens-un-iedeva-slepenu-padomu\/229785\/\" rel=\"nofollow noopener\" target=\"_blank\">Aizsprostojum\u0101 nav vain\u012bgi mati: santehni\u0137is atkl\u0101ja patieso iemeslu, k\u0101p\u0113c vann\u0101 kr\u0101jas \u016bdens, un iedeva slepenu padomu<\/a><\/p>\n<p>Labv\u0113l\u012bgais periods: T\u0101m, kuras dzimu\u0161as no 3. l\u012bdz 14. septembrim.<\/p>\n<p>Astrolo\u0123iskais skaidrojums: Jaunavas sagaida veiksme, harmonija un liela v\u0113lme veidot kop\u012bgu n\u0101kotni, pateicoties labv\u0113l\u012bgam plan\u0113tu izvietojumam. Vi\u0146u dabisk\u0101 k\u0101rt\u012bguma un pl\u0101no\u0161anas v\u0113lme \u0161aj\u0101 gad\u0101 tiks v\u0113rsta uz \u0123imenes pamatu rad\u012b\u0161anu.<\/p>\n<p>4. Me\u017e\u0101zis\u00a0<\/p>\n<p><img loading=\"lazy\" decoding=\"async\" class=\"lazy lazy-hidden alignnone size-full wp-image-229776\" src=\"data:image\/gif;base64,R0lGODlhAQABAIAAAAAAAP\/\/\/yH5BAEAAAAALAAAAAABAAEAAAIBRAA7\" data-lazy-type=\"image\" data-lazy-src=\"https:\/\/www.europesays.com\/lv\/wp-content\/uploads\/2025\/12\/wedding-437969_1280.jpg\" alt=\"\" width=\"818\" height=\"542\" data-lazy- data-lazy-\/><\/p>\n<p>Labv\u0113l\u012bgais periods: Tie, kas dzimu\u0161i no 1. l\u012bdz 12. janv\u0101rim.<\/p>\n<p>Astrolo\u0123iskais skaidrojums: Me\u017e\u0101\u017ei 2026. gad\u0101 atrad\u012bs laiku un ap\u0146\u0113m\u012bbu nopietn\u0101m attiec\u012bb\u0101m un laul\u012bbas sol\u012bjumu do\u0161ana. \u0160is gads atnes\u012bs nepiecie\u0161amo strukt\u016bru un ilgtermi\u0146a skat\u012bjumu, kas ir tik svar\u012bgs Me\u017e\u0101\u017eu dabai.<\/p>\n<p>5. Svari\u00a0<\/p>\n<p>Labv\u0113l\u012bgais periods: Tie, kas dzimu\u0161i no 30. septembra l\u012bdz 10. oktobrim.<\/p>\n<p>Astrolo\u0123iskais skaidrojums: Svariem b\u016bs visviegl\u0101k sasniegt vienl\u012bdz\u012bbu un harmoniju attiec\u012bb\u0101s. Plan\u0113tu poz\u012bcijas veicina nodomu nopietn\u012bbu un p\u0101rliec\u012bbu par savien\u012bbas pareiz\u012bbu, padarot l\u0113mumu prec\u0113ties par dabisku soli.<\/p>\n<p><img loading=\"lazy\" decoding=\"async\" class=\"lazy lazy-hidden alignnone size-full wp-image-229777\" src=\"data:image\/gif;base64,R0lGODlhAQABAIAAAAAAAP\/\/\/yH5BAEAAAAALAAAAAABAAEAAAIBRAA7\" data-lazy-type=\"image\" data-lazy-src=\"https:\/\/www.europesays.com\/lv\/wp-content\/uploads\/2025\/12\/wedding-1183271_1280.jpg\" alt=\"\" width=\"818\" height=\"545\" data-lazy- data-lazy-\/><\/p>\n<p>Lasi v\u0113l:\u00a0<a style=\"color: #ff0000;\" href=\"https:\/\/dzentlmenis.lv\/ka-es-atbrivojos-no-ziedu-musinam-uz-visiem-laikiem-ar-vienkarsu-lidzekli\/229760\/\" target=\"_blank\" rel=\"noopener nofollow\">K\u0101 es atbr\u012bvojos no ziedu mu\u0161i\u0146\u0101m uz visiem laikiem ar vienk\u0101r\u0161u l\u012bdzekli<\/a><\/p>\n<p>6. Zivis\u00a0<\/p>\n<p>Labv\u0113l\u012bgais periods: T\u0101m, kuras n\u0101ku\u0161as pasaul\u0113 no 25. febru\u0101ra l\u012bdz 6. martam.<\/p>\n<p>Astrolo\u0123iskais skaidrojums: Ziv\u012bm \u0161is gads k\u013c\u016bs par pastiprin\u0101tas romantikas un dzi\u013cu emocion\u0101lu sai\u0161u periodu. Pasaules uztvere caur roz\u0101 brill\u0113m p\u0101rv\u0113rt\u012bsies par stabilu pamatu m\u012blest\u012bbai un uztic\u012bbai.<\/p>\n<p><a href=\"https:\/\/dzentlmenis.lv\/elegance-katru-dienu-7-atslegas-stila-noteikumi-lai-sieviete-pec-50-izskatitos-neatvairami\/229597\/\" rel=\"nofollow noopener\" target=\"_blank\"><img class=\"lazy lazy-hidden\" decoding=\"async\" src=\"data:image\/gif;base64,R0lGODlhAQABAIAAAAAAAP\/\/\/yH5BAEAAAAALAAAAAABAAEAAAIBRAA7\" data-lazy-type=\"image\" data-lazy-src=\"https:\/\/www.europesays.com\/lv\/wp-content\/uploads\/2025\/12\/crop_1edit.jpg\" data-lazy- alt=\"Elegance katru dienu: 7 atsl\u0113gas stila noteikumi, lai sieviete p\u0113c 50 izskat\u012btos neatvair\u0101mi\"\/><\/a>\u0160obr\u012bd citi lasa<a class=\"monsterinsights-inline-popular-posts-title\" href=\"https:\/\/dzentlmenis.lv\/elegance-katru-dienu-7-atslegas-stila-noteikumi-lai-sieviete-pec-50-izskatitos-neatvairami\/229597\/\" rel=\"nofollow noopener\" target=\"_blank\">Elegance katru dienu: 7 atsl\u0113gas stila noteikumi, lai sieviete p\u0113c 50 izskat\u012btos neatvair\u0101mi<\/a><\/p>\n","protected":false},"excerpt":{"rendered":"Dzim\u0161anas diena ietekm\u0113 ne tikai cilv\u0113ka raksturu, bet ar\u012b vi\u0146a attiec\u012bbas ar apk\u0101rt\u0113jiem, \u012bpa\u0161i laul\u012bbu. Ezot\u0113ri\u0137e un astrolo\u0123e&hellip;\n","protected":false},"author":2,"featured_media":71799,"comment_status":"","ping_status":"","sticky":false,"template":"","format":"standard","meta":{"footnotes":""},"categories":[19],"tags":[89,90,35,39,38,36,37,34,40],"class_list":{"0":"post-71798","1":"post","2":"type-post","3":"status-publish","4":"format-standard","5":"has-post-thumbnail","7":"category-izklaide","8":"tag-entertainment","9":"tag-izklaide","10":"tag-latvia","11":"tag-latvian","12":"tag-latviesu","13":"tag-latviesu-valoda","14":"tag-latviesuvaloda","15":"tag-latvija","16":"tag-lv"},"share_on_mastodon":{"url":"https:\/\/pubeurope.com\/@lv\/115702380875755827","error":""},"_links":{"self":[{"href":"https:\/\/www.europesays.com\/lv\/wp-json\/wp\/v2\/posts\/71798","targetHints":{"allow":["GET"]}}],"collection":[{"href":"https:\/\/www.europesays.com\/lv\/wp-json\/wp\/v2\/posts"}],"about":[{"href":"https:\/\/www.europesays.com\/lv\/wp-json\/wp\/v2\/types\/post"}],"author":[{"embeddable":true,"href":"https:\/\/www.europesays.com\/lv\/wp-json\/wp\/v2\/users\/2"}],"replies":[{"embeddable":true,"href":"https:\/\/www.europesays.com\/lv\/wp-json\/wp\/v2\/comments?post=71798"}],"version-history":[{"count":0,"href":"https:\/\/www.europesays.com\/lv\/wp-json\/wp\/v2\/posts\/71798\/revisions"}],"wp:featuredmedia":[{"embeddable":true,"href":"https:\/\/www.europesays.com\/lv\/wp-json\/wp\/v2\/media\/71799"}],"wp:attachment":[{"href":"https:\/\/www.europesays.com\/lv\/wp-json\/wp\/v2\/media?parent=71798"}],"wp:term":[{"taxonomy":"category","embeddable":true,"href":"https:\/\/www.europesays.com\/lv\/wp-json\/wp\/v2\/categories?post=71798"},{"taxonomy":"post_tag","embeddable":true,"href":"https:\/\/www.europesays.com\/lv\/wp-json\/wp\/v2\/tags?post=71798"}],"curies":[{"name":"wp","href":"https:\/\/api.w.org\/{rel}","templated":true}]}}