{"id":71813,"date":"2025-12-11T19:09:05","date_gmt":"2025-12-11T19:09:05","guid":{"rendered":"https:\/\/www.europesays.com\/lv\/71813\/"},"modified":"2025-12-11T19:09:05","modified_gmt":"2025-12-11T19:09:05","slug":"varbut-vienu-savu-algu-noziedojiet-prezidenta-kungs-cetru-bernu-mamma-gadiem-ilgi-gaida-rinda-pie-specialistiem","status":"publish","type":"post","link":"https:\/\/www.europesays.com\/lv\/71813\/","title":{"rendered":"\u201cVarb\u016bt vienu savu algu noziedojiet, prezidenta kungs?\u201d \u010cetru b\u0113rnu mamma gadiem ilgi gaida rind\u0101 pie speci\u0101listiem"},"content":{"rendered":"<p>    <img decoding=\"async\" src=\"https:\/\/www.europesays.com\/lv\/wp-content\/uploads\/2025\/12\/pexels-daria-kruchkova-124357369-11565841-1024x686.jpg\" alt=\"&#10;Ilustrat\u012bvs att\u0113ls.&#10;\"\/><\/p>\n<p>Ilustrat\u012bvs att\u0113ls.<\/p>\n<p>Foto: Pexels.com\n<\/p>\n<p>19:45, 11. decembris 2025<\/p>\n<p>Latvijas iedz\u012bvot\u0101ja, mamma \u010detriem b\u0113rniem ar ret\u0101m \u0123en\u0113tisk\u0101m slim\u012bb\u0101m, soci\u0101laj\u0101 t\u012bkl\u0101 \u201cFacebook\u201d v\u0113rsusies pie prezidenta Edgara Rink\u0113vi\u010da, izsakot izmisumu un aicinot r\u012bkoties. Vi\u0146a nor\u0101da, ka nav norm\u0101li, ka b\u0113rniem nepiecie\u0161am\u0101 medic\u012bnisk\u0101 apr\u016bpe nav pieejama \u2013 valsts apmaks\u0101tu viz\u012b\u0161u rindas ilgst gadiem.<\/p>\n<p>        Las\u012bt\u0101kie<br \/>\n        <a data-imagesrc=\"{&quot;300&quot;:&quot;https:\\\/\\\/lastatic.ams3.cdn.digitaloceanspaces.com\\\/2025\\\/12\\\/LET_24813581-300x201.jpg&quot;,&quot;1024&quot;:&quot;https:\\\/\\\/lastatic.ams3.cdn.digitaloceanspaces.com\\\/2025\\\/12\\\/LET_24813581-1024x687.jpg&quot;,&quot;1536&quot;:&quot;https:\\\/\\\/lastatic.ams3.cdn.digitaloceanspaces.com\\\/2025\\\/12\\\/LET_24813581-1536x1031.jpg&quot;,&quot;500&quot;:&quot;https:\\\/\\\/lastatic.ams3.cdn.digitaloceanspaces.com\\\/2025\\\/12\\\/LET_24813581-500x335.jpg&quot;,&quot;800&quot;:&quot;https:\\\/\\\/lastatic.ams3.cdn.digitaloceanspaces.com\\\/2025\\\/12\\\/LET_24813581-800x537.jpg&quot;,&quot;2560&quot;:&quot;https:\\\/\\\/lastatic.ams3.cdn.digitaloceanspaces.com\\\/2025\\\/12\\\/LET_24813581-scaled.jpg&quot;}\" data-focuspoint=\"&quot;&quot;\" data-p=\"2479144\" href=\"https:\/\/www.la.lv\/esam-vienojusies-izskan-baumas-ka-eksprezidentes-vairas-vikes-freibergas-virs-nonacis-pansionata\" class=\"content-item lazy-load\" wp_automatic_readability=\"27\" rel=\"nofollow noopener\" target=\"_blank\"><\/p>\n<p>                                <img decoding=\"async\" src=\"\" alt=\"\" style=\"\" data-imageid=\"\"\/><\/p>\n<p>                                Kokteilis<\/p>\n<p>\n                                                \u201cEsam vienoju\u0161ies.\u201d Izskan baumas, ka eksprezidentes Vairas V\u012b\u0137es-Freibergas v\u012brs non\u0101cis pansion\u0101t\u0101\n                            <\/p>\n<p><\/a><a data-imagesrc=\"{&quot;1000&quot;:&quot;https:\\\/\\\/lastatic.ams3.cdn.digitaloceanspaces.com\\\/2018\\\/11\\\/LET_17395989.jpg&quot;}\" data-focuspoint=\"&quot;&quot;\" data-p=\"2477625\" href=\"https:\/\/www.la.lv\/negribu-ta-publiski-stastit-bet-andris-berzins-atklaj-noslepumu-par-latviju-ko-daudzi-nezinaja\" class=\"content-item lazy-load\" wp_automatic_readability=\"27.5\" rel=\"nofollow noopener\" target=\"_blank\"><\/p>\n<p>                                <img decoding=\"async\" src=\"\" alt=\"\" style=\"\" data-imageid=\"\"\/><\/p>\n<p>                                TV24<\/p>\n<p>                                            \u201cNegribu t\u0101 publiski st\u0101st\u012bt, bet\u2026\u201d Andris B\u0113rzi\u0146\u0161 atkl\u0101j nosl\u0113pumu par Latviju, ko daudzi nezin\u0101ja\n                            <\/p>\n<p><\/a><a data-imagesrc=\"{&quot;300&quot;:&quot;https:\\\/\\\/lastatic.ams3.cdn.digitaloceanspaces.com\\\/2025\\\/11\\\/Untitled-design-19-300x188.jpg&quot;,&quot;1024&quot;:&quot;https:\\\/\\\/lastatic.ams3.cdn.digitaloceanspaces.com\\\/2025\\\/11\\\/Untitled-design-19-1024x640.jpg&quot;,&quot;1536&quot;:&quot;https:\\\/\\\/lastatic.ams3.cdn.digitaloceanspaces.com\\\/2025\\\/11\\\/Untitled-design-19-1536x960.jpg&quot;,&quot;500&quot;:&quot;https:\\\/\\\/lastatic.ams3.cdn.digitaloceanspaces.com\\\/2025\\\/11\\\/Untitled-design-19-500x313.jpg&quot;,&quot;800&quot;:&quot;https:\\\/\\\/lastatic.ams3.cdn.digitaloceanspaces.com\\\/2025\\\/11\\\/Untitled-design-19-800x500.jpg&quot;,&quot;1600&quot;:&quot;https:\\\/\\\/lastatic.ams3.cdn.digitaloceanspaces.com\\\/2025\\\/11\\\/Untitled-design-19.jpg&quot;}\" data-focuspoint=\"&quot;&quot;\" data-p=\"2472405\" href=\"https:\/\/www.la.lv\/orig-poliklinikas-darbiniece-rikojas-nelikumigi-ka-inguna-nejausi-noklausijas-sarunu-un-atklaja-tisu-pacientu-mulkosanu\" class=\"content-item lazy-load\" wp_automatic_readability=\"26.5\" rel=\"nofollow noopener\" target=\"_blank\"><\/p>\n<p>                                <img decoding=\"async\" src=\"\" alt=\"\" style=\"\" data-imageid=\"\"\/><\/p>\n<p>                                RAKSTA REDAKTORS<\/p>\n<p>\n                                                Polikl\u012bnikas darbiniece r\u012bkoj\u0101s nelikum\u012bgi: k\u0101 Ing\u016bna nejau\u0161i noklaus\u012bj\u0101s sarunu un atkl\u0101ja t\u012b\u0161u pacientu mu\u013c\u0137o\u0161anu\n                            <\/p>\n<p><\/a><br \/>\n        <a class=\"read-more\" href=\"https:\/\/www.la.lv\/top\" rel=\"nofollow noopener\" target=\"_blank\">Las\u012bt citas zi\u0146as<\/a><\/p>\n<p>Sieviete atkl\u0101ti dal\u012bj\u0101s skarbaj\u0101 realit\u0101t\u0113 \u2013 ir medic\u012bnisk\u0101s viz\u012btes, kuras vi\u0146as b\u0113rni gaida divus, pat \u010detrus gadus. <\/p>\n<p>Mamma v\u0113rsusies pie Latvijas Valsts prezidenta ar \u0161\u0101diem v\u0101rdiem: \u201cEdgar Rink\u0113vi\u010d, cik ilgi \u0161is viss turpin\u0101sies? BKUS acu \u0101rsts gaid\u012b\u0161anas rinda 16 m\u0113ne\u0161i. \u0122en\u0113ti\u0137i gaid\u0101m jau 4 gadus. Psihologs \u2013 24 m\u0113ne\u0161i. Pie psihiatra netiek, jo tur nos\u016bt\u012bt var tikai psihologs. <\/p>\n<p>    CITI \u0160OBR\u012aD LASA<\/p>\n<p>K\u0101 Jums \u0161\u0137iet, k\u0101 man Mammai to visu iztur\u0113t! BKUS man pasaka diem\u017e\u0113l\u2026 mekl\u0113jiet kaut kur par maksu\u2026 Nopietni?! Es to daru jau 6 gadus x4, jo ir \u010detri b\u0113rni ar nopietn\u0101m vesel\u012bbas probl\u0113m\u0101m. Par k\u0101du naudu, lai es dab\u016bju to gatavu?? <\/p>\n<p>K\u0101 man justies, ka man nav naudas apmaks\u0101t t\u0101s visas viz\u012btes b\u0113rniem, kuru d\u0113\u013c esmu ziedojusi visu sevi jau 16.5 gadus\u2026! Es varu protams pati visp\u0101r vairs ne\u0113st, jau gandr\u012bz no visiem saviem medikamentiem esmu atteikusies, no itin visa esmu atteikusies, bet t\u0101s summas ir nere\u0101las\u2026! Un j\u016btos k\u0101 visslikt\u0101k\u0101 Mamma uz \u0161\u012bs zemes! Varb\u016bt vienu savu algu noziedojiet, Prezidenta kungs.\u201d <\/p>\n<p>Sieviete v\u0113r\u0161as ar\u012b pie Vesel\u012bbas ministrijas: \u201cDecembris ir mans dzim\u0161anas dienas m\u0113nesis un visliel\u0101k\u0101 d\u0101vana b\u016btu, ja J\u016bs dotu iesp\u0113ju maniem b\u0113rniem apmekl\u0113t visus nepiecie\u0161amos speci\u0101listus. Piebild\u012b\u0161u, ka b\u0113rniem ir retas \u0123en\u0113tiskas slim\u012bbas (katram cita)! Un nevar gadiem gaid\u012bt valsts apmaks\u0101t\u0101s viz\u012btes.<\/p>\n<p>Pateicos ikvienam, kas rea\u0123\u0113, padal\u0101s, lai sadzird! Un paldies par J\u016bsu emp\u0101tiju un labest\u012bbu. <\/p>\n<p>P.S. Un, j\u0101, es str\u0101d\u0101ju par niec\u012bgu atalgojumu \u2013 esmu asistents mazajai meitai 24\/7!\u201d <\/p>\n<p>Diem\u017e\u0113l \u0161\u012bs mammas st\u0101sts izgaismo probl\u0113mu, ar kuru saskaras daudzas \u0123imenes Latvij\u0101!<\/p>\n<p>T\u0113mas<\/p>\n<p>    SAIST\u012aTIE RAKSTI<\/p>\n","protected":false},"excerpt":{"rendered":"Ilustrat\u012bvs att\u0113ls. Foto: Pexels.com 19:45, 11. decembris 2025 Latvijas iedz\u012bvot\u0101ja, mamma \u010detriem b\u0113rniem ar ret\u0101m \u0123en\u0113tisk\u0101m slim\u012bb\u0101m, soci\u0101laj\u0101&hellip;\n","protected":false},"author":2,"featured_media":71814,"comment_status":"","ping_status":"","sticky":false,"template":"","format":"standard","meta":{"footnotes":""},"categories":[12],"tags":[23,28,29,32,33,22,30,31,35,39,38,36,37,34,40,20,26,27,24,25,21],"class_list":{"0":"post-71813","1":"post","2":"type-post","3":"status-publish","4":"format-standard","5":"has-post-thumbnail","7":"category-latvija","8":"tag-aktualitates","9":"tag-breaking-news","10":"tag-breakingnews","11":"tag-featured-news","12":"tag-featurednews","13":"tag-headlines","14":"tag-latest-news","15":"tag-latestnews","16":"tag-latvia","17":"tag-latvian","18":"tag-latviesu","19":"tag-latviesu-valoda","20":"tag-latviesuvaloda","21":"tag-latvija","22":"tag-lv","23":"tag-news","24":"tag-popularakas-zinas","25":"tag-popularakaszinas","26":"tag-top-stories","27":"tag-topstories","28":"tag-zinas"},"share_on_mastodon":{"url":"https:\/\/pubeurope.com\/@lv\/115702514845438003","error":""},"_links":{"self":[{"href":"https:\/\/www.europesays.com\/lv\/wp-json\/wp\/v2\/posts\/71813","targetHints":{"allow":["GET"]}}],"collection":[{"href":"https:\/\/www.europesays.com\/lv\/wp-json\/wp\/v2\/posts"}],"about":[{"href":"https:\/\/www.europesays.com\/lv\/wp-json\/wp\/v2\/types\/post"}],"author":[{"embeddable":true,"href":"https:\/\/www.europesays.com\/lv\/wp-json\/wp\/v2\/users\/2"}],"replies":[{"embeddable":true,"href":"https:\/\/www.europesays.com\/lv\/wp-json\/wp\/v2\/comments?post=71813"}],"version-history":[{"count":0,"href":"https:\/\/www.europesays.com\/lv\/wp-json\/wp\/v2\/posts\/71813\/revisions"}],"wp:featuredmedia":[{"embeddable":true,"href":"https:\/\/www.europesays.com\/lv\/wp-json\/wp\/v2\/media\/71814"}],"wp:attachment":[{"href":"https:\/\/www.europesays.com\/lv\/wp-json\/wp\/v2\/media?parent=71813"}],"wp:term":[{"taxonomy":"category","embeddable":true,"href":"https:\/\/www.europesays.com\/lv\/wp-json\/wp\/v2\/categories?post=71813"},{"taxonomy":"post_tag","embeddable":true,"href":"https:\/\/www.europesays.com\/lv\/wp-json\/wp\/v2\/tags?post=71813"}],"curies":[{"name":"wp","href":"https:\/\/api.w.org\/{rel}","templated":true}]}}