{"id":71820,"date":"2025-12-11T19:16:10","date_gmt":"2025-12-11T19:16:10","guid":{"rendered":"https:\/\/www.europesays.com\/lv\/71820\/"},"modified":"2025-12-11T19:16:10","modified_gmt":"2025-12-11T19:16:10","slug":"kambalas-uz-skirsanas-slieksna-kaut-tu-nospragtu","status":"publish","type":"post","link":"https:\/\/www.europesays.com\/lv\/71820\/","title":{"rendered":"Kambalas uz \u0161\u0137ir\u0161an\u0101s sliek\u0161\u0146a: \u201cKaut tu nospr\u0101gtu!\u201d"},"content":{"rendered":"<p>    <img decoding=\"async\" src=\"https:\/\/www.europesays.com\/lv\/wp-content\/uploads\/2025\/12\/098A9871-1024x683.jpg\" alt=\"&#10;Olga un Kaspars Kambalas mij laul\u012bbas gredzenus.&#10;\"\/><\/p>\n<p>Olga un Kaspars Kambalas mij laul\u012bbas gredzenus.<\/p>\n<p>Publicit\u0101tes foto\n<\/p>\n<p>17:23, 11. decembris 2025<\/p>\n<p>Realit\u0101tes \u0161ov\u0101 \u201cSlaven\u012bbas. Bez filtra\u201d Kambalu m\u0101j\u0101s str\u012bds turpin\u0101s, p\u0101ris ir uz \u0161\u0137ir\u0161an\u0101s robe\u017eas. P\u0113c as\u0101m diskusij\u0101m pie vakari\u0146u galda Kaspars uz\u0146emas r\u016bpi nomazg\u0101t net\u012bros traukus. Vi\u0146\u0161 velta asus v\u0101rdus sievai, pieminot vi\u0146as teikto, ka nav radusi v\u0101kt m\u0101ju, jo ir augusi ar aukli un kalponi.<\/p>\n<p>        Las\u012bt\u0101kie<br \/>\n        <a data-imagesrc=\"{&quot;300&quot;:&quot;https:\\\/\\\/lastatic.ams3.cdn.digitaloceanspaces.com\\\/2025\\\/12\\\/LET_24813581-300x201.jpg&quot;,&quot;1024&quot;:&quot;https:\\\/\\\/lastatic.ams3.cdn.digitaloceanspaces.com\\\/2025\\\/12\\\/LET_24813581-1024x687.jpg&quot;,&quot;1536&quot;:&quot;https:\\\/\\\/lastatic.ams3.cdn.digitaloceanspaces.com\\\/2025\\\/12\\\/LET_24813581-1536x1031.jpg&quot;,&quot;500&quot;:&quot;https:\\\/\\\/lastatic.ams3.cdn.digitaloceanspaces.com\\\/2025\\\/12\\\/LET_24813581-500x335.jpg&quot;,&quot;800&quot;:&quot;https:\\\/\\\/lastatic.ams3.cdn.digitaloceanspaces.com\\\/2025\\\/12\\\/LET_24813581-800x537.jpg&quot;,&quot;2560&quot;:&quot;https:\\\/\\\/lastatic.ams3.cdn.digitaloceanspaces.com\\\/2025\\\/12\\\/LET_24813581-scaled.jpg&quot;}\" data-focuspoint=\"&quot;&quot;\" data-p=\"2479144\" href=\"https:\/\/www.la.lv\/esam-vienojusies-izskan-baumas-ka-eksprezidentes-vairas-vikes-freibergas-virs-nonacis-pansionata\" class=\"content-item lazy-load\" wp_automatic_readability=\"27\" rel=\"nofollow noopener\" target=\"_blank\"><\/p>\n<p>                                <img decoding=\"async\" src=\"\" alt=\"\" style=\"\" data-imageid=\"\"\/><\/p>\n<p>                                Kokteilis<\/p>\n<p>\n                                                \u201cEsam vienoju\u0161ies.\u201d Izskan baumas, ka eksprezidentes Vairas V\u012b\u0137es-Freibergas v\u012brs non\u0101cis pansion\u0101t\u0101\n                            <\/p>\n<p><\/a><a data-imagesrc=\"{&quot;1000&quot;:&quot;https:\\\/\\\/lastatic.ams3.cdn.digitaloceanspaces.com\\\/2018\\\/11\\\/LET_17395989.jpg&quot;}\" data-focuspoint=\"&quot;&quot;\" data-p=\"2477625\" href=\"https:\/\/www.la.lv\/negribu-ta-publiski-stastit-bet-andris-berzins-atklaj-noslepumu-par-latviju-ko-daudzi-nezinaja\" class=\"content-item lazy-load\" wp_automatic_readability=\"27.5\" rel=\"nofollow noopener\" target=\"_blank\"><\/p>\n<p>                                <img decoding=\"async\" src=\"\" alt=\"\" style=\"\" data-imageid=\"\"\/><\/p>\n<p>                                TV24<\/p>\n<p>                                            \u201cNegribu t\u0101 publiski st\u0101st\u012bt, bet\u2026\u201d Andris B\u0113rzi\u0146\u0161 atkl\u0101j nosl\u0113pumu par Latviju, ko daudzi nezin\u0101ja\n                            <\/p>\n<p><\/a><a data-imagesrc=\"{&quot;300&quot;:&quot;https:\\\/\\\/lastatic.ams3.cdn.digitaloceanspaces.com\\\/2025\\\/11\\\/Untitled-design-19-300x188.jpg&quot;,&quot;1024&quot;:&quot;https:\\\/\\\/lastatic.ams3.cdn.digitaloceanspaces.com\\\/2025\\\/11\\\/Untitled-design-19-1024x640.jpg&quot;,&quot;1536&quot;:&quot;https:\\\/\\\/lastatic.ams3.cdn.digitaloceanspaces.com\\\/2025\\\/11\\\/Untitled-design-19-1536x960.jpg&quot;,&quot;500&quot;:&quot;https:\\\/\\\/lastatic.ams3.cdn.digitaloceanspaces.com\\\/2025\\\/11\\\/Untitled-design-19-500x313.jpg&quot;,&quot;800&quot;:&quot;https:\\\/\\\/lastatic.ams3.cdn.digitaloceanspaces.com\\\/2025\\\/11\\\/Untitled-design-19-800x500.jpg&quot;,&quot;1600&quot;:&quot;https:\\\/\\\/lastatic.ams3.cdn.digitaloceanspaces.com\\\/2025\\\/11\\\/Untitled-design-19.jpg&quot;}\" data-focuspoint=\"&quot;&quot;\" data-p=\"2472405\" href=\"https:\/\/www.la.lv\/orig-poliklinikas-darbiniece-rikojas-nelikumigi-ka-inguna-nejausi-noklausijas-sarunu-un-atklaja-tisu-pacientu-mulkosanu\" class=\"content-item lazy-load\" wp_automatic_readability=\"26.5\" rel=\"nofollow noopener\" target=\"_blank\"><\/p>\n<p>                                <img decoding=\"async\" src=\"\" alt=\"\" style=\"\" data-imageid=\"\"\/><\/p>\n<p>                                RAKSTA REDAKTORS<\/p>\n<p>\n                                                Polikl\u012bnikas darbiniece r\u012bkoj\u0101s nelikum\u012bgi: k\u0101 Ing\u016bna nejau\u0161i noklaus\u012bj\u0101s sarunu un atkl\u0101ja t\u012b\u0161u pacientu mu\u013c\u0137o\u0161anu\n                            <\/p>\n<p><\/a><br \/>\n        <a class=\"read-more\" href=\"https:\/\/www.la.lv\/top\" rel=\"nofollow noopener\" target=\"_blank\">Las\u012bt citas zi\u0146as<\/a><\/p>\n<p>\u201cZini, man ar\u012b ir biju\u0161as kalpones un \u0161oferi, bet man nav kauns izdar\u012bt kaut ko ar sav\u0101m rok\u0101m. Man nav kauns sat\u012br\u012bt, ja vajag sat\u012br\u012bt. Es esmu mazg\u0101jis savas dr\u0113bes un visu dar\u012bjis, bet tu uztaisi, ka tevi nem\u012bl, jo nav divu ve\u013cas ma\u0161\u012bnu, kalpones un v\u0113l kaut k\u0101?\u201d pr\u0101to Kaspars Kambala.<\/p>\n<p>Olga v\u0101r\u0101s dusm\u0101s: \u201cJa tu izv\u0113l\u0113jies tik stulbu, sliktu sievu, tad t\u0101 ir tava izv\u0113le \u2013 tik slikta. Un zna\u010dit visi p\u0101r\u0113jie tevi nopietni neuztver. Bet ja tu teiktu \u201cmana sieva vislab\u0101k\u0101, visskaist\u0101k\u0101, visgudr\u0101k\u0101\u201d, tad citi teiktu \u2013 o, j\u0101, t\u0101 tie\u0161\u0101m ir!\u201d<\/p>\n<p>    CITI \u0160OBR\u012aD LASA<\/p>\n<p>Kaspars atbild Olgai, ka vi\u0146a pati ir izv\u0113l\u0113jusies v\u012bru, kuru konstanti grib apsauk\u0101t un pazemot: \u201c[Tu man saki] \u201cKaut tu nospr\u0101gtu\u201d, \u201ckaut tava \u0123imene nospr\u0101gtu\u201d. Es gribu vienk\u0101r\u0161i mier\u012bgi, k\u0101 pieaugu\u0161i cilv\u0113ki, bez balss pacel\u0161anas un apsauk\u0101\u0161an\u0101s iz\u0161\u0137irties, mier\u012bgi sadal\u012bt to, kas j\u0101sadala. Tevi neinteres\u0113, ka tavam v\u012bram ir slikti, tevi interes\u0113 tikai tas, ko citi par tevi padom\u0101s telev\u012bzij\u0101, un man ir kauns par to! <\/p>\n<blockquote><p>Es vairs negribu dz\u012bvot ar sievu, kurai ir tikai svar\u012bgi, k\u0101 tu izskat\u012bsies telev\u012bzij\u0101. Tu zini, ka cilv\u0113ki pakaras, no\u0161aujas? Ar\u012b J\u0101nis Timma \u2013 vi\u0146am draugi dom\u0101ja, ka viss ir labi, v\u0113l k\u0101dam dom\u0101ja, ka viss ir labi. <\/p><\/blockquote>\n<p>Kad v\u012brs tev re\u0101li pasaka, ka vi\u0146am ir slikti, vi\u0146am ir gr\u016bti, ka vien\u012bgais, kas mani dara laim\u012bgu, ir aiziet uz boksu tren\u0113ties, jo tur es izlieku sevi, tu pasaki: \u201cK\u0101 tev nav kauna par\u0101d\u012bt, ka tev ir depresija? Cilv\u0113ki tagad slikti run\u0101 par mani.\u201d\u201d<\/p>\n<p>Tikm\u0113r Olga steidz v\u012bram jaut\u0101t: \u201cKad man ir slikti, tu esi blakus? Tu noblo\u0137\u0113! Tu paz\u016bdi uz trim dien\u0101m! Tu vari iziet, pazust un noblo\u0137\u0113t! Kad es tev saku, ka mani var sist, varot, man var draud\u0113t, mans v\u012brs nav vienk\u0101r\u0161i dab\u016bjams nekur! Ko es tev sliktu daru? Es tevi kr\u0101pju, meloju vai apzogu? Ko es daru? Es k\u0101 sieviete pieprasu m\u012blest\u012bbu, ziedus un vienreiz kafiju gult\u0101! Un tagad es esmu slikta sieva! [..] Viss, at\u0161ujies no manis! Sav\u0101c savu uzv\u0101rdu un tinies!\u201d<\/p>\n<p>Kaspars atbild \u2013 k\u0101p\u0113c vi\u0146am b\u016btu j\u0101satraucas par sievieti, kas ar vi\u0146u run\u0101 \u0161\u0101di: \u201cKad mani ir bijis re\u0101li slikti, tu neesi bijusi tur!\u201d Olga ir \u0161ok\u0101 par dzird\u0113to: \u201cTu debils esi? Tu \u0161obr\u012bd kop\u0113 manus v\u0101rdus, tas ir tik briesm\u012bgi!\u201d Kaspars saka: \u201cOlga, man ir mazliet vair\u0101k izgl\u012bt\u012bbas nek\u0101 tev, man nav j\u0101kop\u0113 tavi v\u0101rdi.\u201d<\/p>\n<p>T\u0113mas<\/p>\n<p>    SAIST\u012aTIE RAKSTI<\/p>\n","protected":false},"excerpt":{"rendered":"Olga un Kaspars Kambalas mij laul\u012bbas gredzenus. Publicit\u0101tes foto 17:23, 11. decembris 2025 Realit\u0101tes \u0161ov\u0101 \u201cSlaven\u012bbas. Bez filtra\u201d&hellip;\n","protected":false},"author":2,"featured_media":71821,"comment_status":"","ping_status":"","sticky":false,"template":"","format":"standard","meta":{"footnotes":""},"categories":[5],"tags":[23,28,29,32,33,22,30,31,35,39,38,36,37,34,40,20,26,27,24,25,21],"class_list":{"0":"post-71820","1":"post","2":"type-post","3":"status-publish","4":"format-standard","5":"has-post-thumbnail","7":"category-aktualitates","8":"tag-aktualitates","9":"tag-breaking-news","10":"tag-breakingnews","11":"tag-featured-news","12":"tag-featurednews","13":"tag-headlines","14":"tag-latest-news","15":"tag-latestnews","16":"tag-latvia","17":"tag-latvian","18":"tag-latviesu","19":"tag-latviesu-valoda","20":"tag-latviesuvaloda","21":"tag-latvija","22":"tag-lv","23":"tag-news","24":"tag-popularakas-zinas","25":"tag-popularakaszinas","26":"tag-top-stories","27":"tag-topstories","28":"tag-zinas"},"share_on_mastodon":{"url":"https:\/\/pubeurope.com\/@lv\/115702542161435020","error":""},"_links":{"self":[{"href":"https:\/\/www.europesays.com\/lv\/wp-json\/wp\/v2\/posts\/71820","targetHints":{"allow":["GET"]}}],"collection":[{"href":"https:\/\/www.europesays.com\/lv\/wp-json\/wp\/v2\/posts"}],"about":[{"href":"https:\/\/www.europesays.com\/lv\/wp-json\/wp\/v2\/types\/post"}],"author":[{"embeddable":true,"href":"https:\/\/www.europesays.com\/lv\/wp-json\/wp\/v2\/users\/2"}],"replies":[{"embeddable":true,"href":"https:\/\/www.europesays.com\/lv\/wp-json\/wp\/v2\/comments?post=71820"}],"version-history":[{"count":0,"href":"https:\/\/www.europesays.com\/lv\/wp-json\/wp\/v2\/posts\/71820\/revisions"}],"wp:featuredmedia":[{"embeddable":true,"href":"https:\/\/www.europesays.com\/lv\/wp-json\/wp\/v2\/media\/71821"}],"wp:attachment":[{"href":"https:\/\/www.europesays.com\/lv\/wp-json\/wp\/v2\/media?parent=71820"}],"wp:term":[{"taxonomy":"category","embeddable":true,"href":"https:\/\/www.europesays.com\/lv\/wp-json\/wp\/v2\/categories?post=71820"},{"taxonomy":"post_tag","embeddable":true,"href":"https:\/\/www.europesays.com\/lv\/wp-json\/wp\/v2\/tags?post=71820"}],"curies":[{"name":"wp","href":"https:\/\/api.w.org\/{rel}","templated":true}]}}