{"id":71923,"date":"2025-12-11T22:21:09","date_gmt":"2025-12-11T22:21:09","guid":{"rendered":"https:\/\/www.europesays.com\/lv\/71923\/"},"modified":"2025-12-11T22:21:09","modified_gmt":"2025-12-11T22:21:09","slug":"saderibas-parbaudes-un-atgriesanas-nosacijumi","status":"publish","type":"post","link":"https:\/\/www.europesays.com\/lv\/71923\/","title":{"rendered":"sader\u012bbas p\u0101rbaudes un atgrie\u0161anas nosac\u012bjumi"},"content":{"rendered":"<p>Bie\u017e\u0101k uzdotie jaut\u0101jumi (BUJ)<\/p>\n<p>K\u0101 varu p\u0101rliecin\u0101ties, ka izv\u0113l\u0113t\u0101 rezerves da\u013ca der\u0113s manam automobilim?<br \/>Prec\u012bz\u0101k\u0101 atlase parasti notiek p\u0113c re\u0123istr\u0101cijas numura vai manu\u0101li ievadot marku, modeli un dzin\u0113ja versiju. Ja rodas \u0161aubas, pas\u016bt\u012bjuma laik\u0101 iesp\u0113jams piepras\u012bt, lai TRODO speci\u0101lists p\u0101rbauda deta\u013cas sader\u012bbu, izmantojot ofici\u0101los rezerves da\u013cu katalogus un klienta nor\u0101d\u012bto VIN numuru.<\/p>\n<p>Vai varu saglab\u0101t sava auto datus \u0113rt\u0101kai deta\u013cu izv\u0113lei n\u0101kotn\u0113?<br \/>J\u0101. TRODO lietot\u0101ja profil\u0101 iesp\u0113jams pievienot savu automobili \u201cGar\u0101\u017eai\u201d, lai turpm\u0101k sist\u0113ma autom\u0101tiski atlas\u012btu tikai sader\u012bg\u0101s deta\u013cas. Tas samazina iesp\u0113ju k\u013c\u016bd\u012bties atk\u0101rtotas atlases laik\u0101.<\/p>\n<p>Ko dar\u012bt, ja sa\u0146emt\u0101 deta\u013ca neatbilst vai \u0161\u0137iet boj\u0101ta?<br \/>Ja ir aizdomas, ka deta\u013ca ir nepiln\u012bga vai boj\u0101ta, par to j\u0101zi\u0146o 10 darba dienu laik\u0101, izmantojot sada\u013cu \u201cManas atgrie\u0161anas\u201d lietot\u0101ja profil\u0101. \u0160\u0101d\u0101 gad\u012bjum\u0101 klientu apkalpo\u0161ana sniedz nor\u0101des 48 stundu laik\u0101.<\/p>\n<p>K\u0101dos gad\u012bjumos preces varu atgriezt?<br \/>Deta\u013cas dr\u012bkst atgriezt 30 dienu laik\u0101, ja t\u0101s nav izmantotas un ir piln\u0101 komplekt\u0101cij\u0101 ar ori\u0123in\u0101lo iepakojumu. Pat \u012bslaic\u012bga mont\u0101\u017ea tiek uzskat\u012bta par lieto\u0161anas paz\u012bmi, t\u0101p\u0113c \u0161\u0101das preces vairs nevar atgriezt.<\/p>\n<p>Cik ilg\u0101 laik\u0101 tiek veikta naudas atmaksa?<br \/>P\u0113c tam, kad atgriezt\u0101 prece ir sa\u0146emta un p\u0101rbaud\u012bta, naudas atmaksa parasti tiek veikta 5 darba dienu laik\u0101, izmantojot s\u0101kotn\u0113jo maks\u0101juma metodi, ja tas ir tehniski iesp\u0113jams.<\/p>\n<p>Vai rezerves da\u013c\u0101m ir garantija?<br \/>J\u0101. Vis\u0101m TRODO p\u0101rdotaj\u0101m deta\u013c\u0101m ir 24 m\u0113ne\u0161u ra\u017eot\u0101ja garantija no pieg\u0101des br\u012b\u017ea. Ja nepiecie\u0161ams, deta\u013ca tiek nodota ra\u017eot\u0101ja izv\u0113rt\u0113\u0161anai, un process var ilgt l\u012bdz 90 dien\u0101m.<\/p>\n","protected":false},"excerpt":{"rendered":"Bie\u017e\u0101k uzdotie jaut\u0101jumi (BUJ) K\u0101 varu p\u0101rliecin\u0101ties, ka izv\u0113l\u0113t\u0101 rezerves da\u013ca der\u0113s manam automobilim?Prec\u012bz\u0101k\u0101 atlase parasti notiek p\u0113c&hellip;\n","protected":false},"author":2,"featured_media":71924,"comment_status":"","ping_status":"","sticky":false,"template":"","format":"standard","meta":{"footnotes":""},"categories":[16],"tags":[65,77,1900,76,1901,1898,760,1899,90,1897,35,39,38,36,37,34,40,1896,67,1895,285,21],"class_list":{"0":"post-71923","1":"post","2":"type-post","3":"status-publish","4":"format-standard","5":"has-post-thumbnail","7":"category-bizness","8":"tag-auto","9":"tag-bizness","10":"tag-brivbridis","11":"tag-business","12":"tag-daba-un-dzivnieki","13":"tag-galerijas","14":"tag-horoskopi","15":"tag-itech","16":"tag-izklaide","17":"tag-kriminalzinas","18":"tag-latvia","19":"tag-latvian","20":"tag-latviesu","21":"tag-latviesu-valoda","22":"tag-latviesuvaloda","23":"tag-latvija","24":"tag-lv","25":"tag-sieviete","26":"tag-sports","27":"tag-tava-balss","28":"tag-zala-dzive","29":"tag-zinas"},"share_on_mastodon":{"url":"https:\/\/pubeurope.com\/@lv\/115703269593140642","error":""},"_links":{"self":[{"href":"https:\/\/www.europesays.com\/lv\/wp-json\/wp\/v2\/posts\/71923","targetHints":{"allow":["GET"]}}],"collection":[{"href":"https:\/\/www.europesays.com\/lv\/wp-json\/wp\/v2\/posts"}],"about":[{"href":"https:\/\/www.europesays.com\/lv\/wp-json\/wp\/v2\/types\/post"}],"author":[{"embeddable":true,"href":"https:\/\/www.europesays.com\/lv\/wp-json\/wp\/v2\/users\/2"}],"replies":[{"embeddable":true,"href":"https:\/\/www.europesays.com\/lv\/wp-json\/wp\/v2\/comments?post=71923"}],"version-history":[{"count":0,"href":"https:\/\/www.europesays.com\/lv\/wp-json\/wp\/v2\/posts\/71923\/revisions"}],"wp:featuredmedia":[{"embeddable":true,"href":"https:\/\/www.europesays.com\/lv\/wp-json\/wp\/v2\/media\/71924"}],"wp:attachment":[{"href":"https:\/\/www.europesays.com\/lv\/wp-json\/wp\/v2\/media?parent=71923"}],"wp:term":[{"taxonomy":"category","embeddable":true,"href":"https:\/\/www.europesays.com\/lv\/wp-json\/wp\/v2\/categories?post=71923"},{"taxonomy":"post_tag","embeddable":true,"href":"https:\/\/www.europesays.com\/lv\/wp-json\/wp\/v2\/tags?post=71923"}],"curies":[{"name":"wp","href":"https:\/\/api.w.org\/{rel}","templated":true}]}}