{"id":71929,"date":"2025-12-11T22:24:14","date_gmt":"2025-12-11T22:24:14","guid":{"rendered":"https:\/\/www.europesays.com\/lv\/71929\/"},"modified":"2025-12-11T22:24:14","modified_gmt":"2025-12-11T22:24:14","slug":"mes-esam-nakamais-merkis-rite-aicina-nato-gatavoties-plasa-meroga-karam-ar-krieviju","status":"publish","type":"post","link":"https:\/\/www.europesays.com\/lv\/71929\/","title":{"rendered":"&#8220;M\u0113s esam n\u0101kamais m\u0113r\u0137is.&#8221; Rite aicina NATO gatavoties pla\u0161a m\u0113roga karam ar Krieviju"},"content":{"rendered":"<p>P\u0113c vi\u0146a teikt\u0101, aliansei j\u0101pieliek visi sp\u0113ki, lai nov\u0113rstu karu, kas var\u0113tu b\u016bt &#8220;t\u0101da m\u0113roga, k\u0101du piedz\u012bvoja m\u016bsu vect\u0113vi un vecvect\u0113vi&#8221;.<\/p>\n<p>Rite nor\u0101d\u012bja, ka p\u0101r\u0101k daudz <a href=\"https:\/\/www.apollo.lv\/term\/9898\/nato\" class=\"topicLink\" target=\"_blank\" rel=\"nofollow noopener\">NATO<\/a> sabiedroto nej\u016bt Krievijas draudu neatliekam\u012bbu Eirop\u0101 un nesaprot, ka, lai nov\u0113rstu \u0161\u0101du karu, ir nepiecie\u0161ams strauji palielin\u0101t aizsardz\u012bbas izdevumus un ra\u017eo\u0161anu.<\/p>\n<blockquote class=\"quote ck-widget\" contenteditable=\"false\">\n<p>&#8220;M\u0113s esam n\u0101kamais Krievijas m\u0113r\u0137is. Mani satrauc, ka p\u0101r\u0101k daudzi mier\u012bgi sevi nomierina.<\/p>\n<\/blockquote>\n<p>P\u0101r\u0101k daudzi nej\u016bt situ\u0101cijas neatliekam\u012bbu, un p\u0101r\u0101k daudzi tic, ka laiks ir m\u016bsu pus\u0113. T\u0101 nav. Ir pien\u0101cis laiks r\u012bkoties tie\u0161i tagad,&#8221; piebilda NATO \u0123ener\u0101lsekret\u0101rs.<\/p>\n<p>Savuk\u0101rt &#8220;The Independent&#8221; rakst\u012bja par to, vai Eiropa sp\u0113s iztur\u0113t karu ar Krieviju. P\u0113c \u017eurn\u0101listu dom\u0101m, Eiropa tikai tagad s\u0101k aptvert savus tr\u016bkumus aizsardz\u012bbas jom\u0101.<\/p>\n<p>P\u0113c Aukst\u0101 kara beig\u0101m izdevumi kopum\u0101 ir samazin\u0101ju\u0161ies, t\u0101d\u0113\u013c Eiropas sp\u0113ks sl\u0113pjas t\u0101s vienot\u012bb\u0101.<\/p>\n","protected":false},"excerpt":{"rendered":"P\u0113c vi\u0146a teikt\u0101, aliansei j\u0101pieliek visi sp\u0113ki, lai nov\u0113rstu karu, kas var\u0113tu b\u016bt &#8220;t\u0101da m\u0113roga, k\u0101du piedz\u012bvoja m\u016bsu&hellip;\n","protected":false},"author":2,"featured_media":71930,"comment_status":"","ping_status":"","sticky":false,"template":"","format":"standard","meta":{"footnotes":""},"categories":[5],"tags":[23,28,29,514,32,33,22,30,31,35,39,38,36,37,34,40,3652,71,20,26,27,24,25,21],"class_list":{"0":"post-71929","1":"post","2":"type-post","3":"status-publish","4":"format-standard","5":"has-post-thumbnail","7":"category-aktualitates","8":"tag-aktualitates","9":"tag-breaking-news","10":"tag-breakingnews","11":"tag-eiropas-savieniba","12":"tag-featured-news","13":"tag-featurednews","14":"tag-headlines","15":"tag-latest-news","16":"tag-latestnews","17":"tag-latvia","18":"tag-latvian","19":"tag-latviesu","20":"tag-latviesu-valoda","21":"tag-latviesuvaloda","22":"tag-latvija","23":"tag-lv","24":"tag-marks-rite","25":"tag-nato","26":"tag-news","27":"tag-popularakas-zinas","28":"tag-popularakaszinas","29":"tag-top-stories","30":"tag-topstories","31":"tag-zinas"},"share_on_mastodon":{"url":"https:\/\/pubeurope.com\/@lv\/115703281343096095","error":""},"_links":{"self":[{"href":"https:\/\/www.europesays.com\/lv\/wp-json\/wp\/v2\/posts\/71929","targetHints":{"allow":["GET"]}}],"collection":[{"href":"https:\/\/www.europesays.com\/lv\/wp-json\/wp\/v2\/posts"}],"about":[{"href":"https:\/\/www.europesays.com\/lv\/wp-json\/wp\/v2\/types\/post"}],"author":[{"embeddable":true,"href":"https:\/\/www.europesays.com\/lv\/wp-json\/wp\/v2\/users\/2"}],"replies":[{"embeddable":true,"href":"https:\/\/www.europesays.com\/lv\/wp-json\/wp\/v2\/comments?post=71929"}],"version-history":[{"count":0,"href":"https:\/\/www.europesays.com\/lv\/wp-json\/wp\/v2\/posts\/71929\/revisions"}],"wp:featuredmedia":[{"embeddable":true,"href":"https:\/\/www.europesays.com\/lv\/wp-json\/wp\/v2\/media\/71930"}],"wp:attachment":[{"href":"https:\/\/www.europesays.com\/lv\/wp-json\/wp\/v2\/media?parent=71929"}],"wp:term":[{"taxonomy":"category","embeddable":true,"href":"https:\/\/www.europesays.com\/lv\/wp-json\/wp\/v2\/categories?post=71929"},{"taxonomy":"post_tag","embeddable":true,"href":"https:\/\/www.europesays.com\/lv\/wp-json\/wp\/v2\/tags?post=71929"}],"curies":[{"name":"wp","href":"https:\/\/api.w.org\/{rel}","templated":true}]}}