{"id":71941,"date":"2025-12-11T22:39:15","date_gmt":"2025-12-11T22:39:15","guid":{"rendered":"https:\/\/www.europesays.com\/lv\/71941\/"},"modified":"2025-12-11T22:39:15","modified_gmt":"2025-12-11T22:39:15","slug":"jaunais-mercedes-cla-elektroauto-demonstre-savas-spejas-testa-veicot-700-kilometrus-ar-vienu-uzladi","status":"publish","type":"post","link":"https:\/\/www.europesays.com\/lv\/71941\/","title":{"rendered":"Jaunais \u201cMercedes CLA\u201d elektroauto demonstr\u0113 savas sp\u0113jas, test\u0101 veicot 700 kilometrus ar vienu uzl\u0101di"},"content":{"rendered":"<p>Autora\u017eot\u0101ji p\u0113d\u0113j\u0101 laik\u0101 tirg\u016b nog\u0101d\u0101 daudzus jaunus mode\u013cus, solot iespaid\u012bgu nobraucamo att\u0101lumu ar vienu uzl\u0101di \u2013 te m\u0113s run\u0101jam par 600, 700 un pat 800 kilometriem ar vienu uzl\u0101di. Starp tiem ar\u012b jaunais \u201cMercedes CLA\u201d, kur\u0161 uz sevi likt\u0101s cer\u012bbas attaisnojis medija\u00a0Edmunds\u00a0veiktaj\u0101 test\u0101 Kalifornij\u0101, tur nobraucot gandr\u012bz 700 kilometrus ar vienu uzl\u0101di.\n<\/p>\n<p>Tests tiek veikts Kalifornijas dienvidos, kur klimats ir silts, proti, \u013coti pateic\u012bgs \u0161\u0101du testu veik\u0161anai. Pats mar\u0161ruts ir sadal\u012bts div\u0101s da\u013c\u0101s \u2013 60% brauciena notiek pils\u0113tas \u0101trumos, 40% lielce\u013cu \u0101trumos.<\/p>\n<p>Rekl\u0101ma<a class=\"gofollow\" data-track=\"NzYzLDU4LDEw\" href=\"https:\/\/track.adform.net\/C\/?bn=86337108;gdpr=${GDPR};gdpr_consent=${GDPR_CONSENT_50}\" target=\"_blank\" rel=\"nofollow noopener\"><img decoding=\"async\" src=\"https:\/\/www.europesays.com\/lv\/wp-content\/uploads\/2025\/12\/Elektrum_Drive_Ziema_Kursors_600x250.jpg\"\/><\/a><img loading=\"lazy\" decoding=\"async\" src=\"https:\/\/track.adform.net\/adfserve\/?bn=86337108;1x1inv=1;srctype=3;gdpr=${GDPR};gdpr_consent=${GDPR_CONSENT_50};ord=[timestamp]\" border=\"0\" width=\"1\" height=\"1\"\/><\/p>\n<p>Test\u0101 tika izmantots CLA 250 versija \u2013 85kWh akumulators un 268 zirgsp\u0113ku jaud\u012bgs elektromotors uz aizmugur\u0113j\u0101s ass, kas tad ir efekt\u012bv\u0101k\u0101 kombin\u0101cija \u0161aj\u0101 model\u012b, solot liel\u0101ko nobraucamo att\u0101lumu. \u0160is ar\u012b ir l\u0113t\u0101kais elektroauto, kas re\u0101laj\u0101 pasaul\u0113 sp\u0113jis p\u0101rsniegt 400 j\u016bd\u017eu jeb 640 kilometru distanci \u0161aj\u0101 test\u0101.\n<\/p>\n<p>\u0160\u012bs, protams, ir \u013coti labas zi\u0146as visai Mercedes elektroauto programmai, jo CLA faktiski ir pirmais modelis, kas b\u016bv\u0113ts uz jaun\u0101s MMA platformas un non\u0101k l\u012bdz klientiem. Nu jau iepriek\u0161\u0113j\u0101s paaudzes Mercedes EQ elektriskie mode\u013ci klientiem beigu beig\u0101s nebija tik interesanti, tiem nesp\u0113jot sasniegt cer\u0113tos rezult\u0101tus. Da\u013c\u0113ji pie t\u0101 vainojams ma\u0161\u012bnu specifiskais dizains, bet \u0161\u0137iet, ka Mercedes vad\u012bba \u0160tutgart\u0113 m\u0101c\u012bjusies no k\u013c\u016bd\u0101m un jaunie mode\u013ci ierodas ar \u013coti daudzsolo\u0161iem parametriem.<\/p>\n","protected":false},"excerpt":{"rendered":"Autora\u017eot\u0101ji p\u0113d\u0113j\u0101 laik\u0101 tirg\u016b nog\u0101d\u0101 daudzus jaunus mode\u013cus, solot iespaid\u012bgu nobraucamo att\u0101lumu ar vienu uzl\u0101di \u2013 te m\u0113s&hellip;\n","protected":false},"author":2,"featured_media":9060,"comment_status":"","ping_status":"","sticky":false,"template":"","format":"standard","meta":{"footnotes":""},"categories":[16],"tags":[77,76,35,39,38,36,37,34,40],"class_list":{"0":"post-71941","1":"post","2":"type-post","3":"status-publish","4":"format-standard","5":"has-post-thumbnail","7":"category-bizness","8":"tag-bizness","9":"tag-business","10":"tag-latvia","11":"tag-latvian","12":"tag-latviesu","13":"tag-latviesu-valoda","14":"tag-latviesuvaloda","15":"tag-latvija","16":"tag-lv"},"share_on_mastodon":{"url":"https:\/\/pubeurope.com\/@lv\/115703340406633221","error":""},"_links":{"self":[{"href":"https:\/\/www.europesays.com\/lv\/wp-json\/wp\/v2\/posts\/71941","targetHints":{"allow":["GET"]}}],"collection":[{"href":"https:\/\/www.europesays.com\/lv\/wp-json\/wp\/v2\/posts"}],"about":[{"href":"https:\/\/www.europesays.com\/lv\/wp-json\/wp\/v2\/types\/post"}],"author":[{"embeddable":true,"href":"https:\/\/www.europesays.com\/lv\/wp-json\/wp\/v2\/users\/2"}],"replies":[{"embeddable":true,"href":"https:\/\/www.europesays.com\/lv\/wp-json\/wp\/v2\/comments?post=71941"}],"version-history":[{"count":0,"href":"https:\/\/www.europesays.com\/lv\/wp-json\/wp\/v2\/posts\/71941\/revisions"}],"wp:featuredmedia":[{"embeddable":true,"href":"https:\/\/www.europesays.com\/lv\/wp-json\/wp\/v2\/media\/9060"}],"wp:attachment":[{"href":"https:\/\/www.europesays.com\/lv\/wp-json\/wp\/v2\/media?parent=71941"}],"wp:term":[{"taxonomy":"category","embeddable":true,"href":"https:\/\/www.europesays.com\/lv\/wp-json\/wp\/v2\/categories?post=71941"},{"taxonomy":"post_tag","embeddable":true,"href":"https:\/\/www.europesays.com\/lv\/wp-json\/wp\/v2\/tags?post=71941"}],"curies":[{"name":"wp","href":"https:\/\/api.w.org\/{rel}","templated":true}]}}