{"id":71942,"date":"2025-12-11T22:44:07","date_gmt":"2025-12-11T22:44:07","guid":{"rendered":"https:\/\/www.europesays.com\/lv\/71942\/"},"modified":"2025-12-11T22:44:07","modified_gmt":"2025-12-11T22:44:07","slug":"kurucam-un-baskonia-varondarbs-neizdodas-smita-vakaru-izjauc-piezimju-problema","status":"publish","type":"post","link":"https:\/\/www.europesays.com\/lv\/71942\/","title":{"rendered":"Kurucam un &#8220;Baskonia&#8221; varo\u0146darbs neizdodas, \u0160mita vakaru izjauc piez\u012bmju probl\u0113ma"},"content":{"rendered":"<p>                                <img decoding=\"async\" src=\"https:\/\/www.europesays.com\/lv\/wp-content\/uploads\/2025\/12\/12586240-750x450.jpg\"   alt=\"Rodions Kurucs\" class=\"post-featured-image\"\/><\/p>\n<p>Rodions Kurucs | Foto: EPA\/Juanjo Martin<\/p>\n<p>\u0160ovakar\u00a0<a href=\"https:\/\/www.euroleaguebasketball.net\/euroleague\/\" rel=\"nofollow noopener\" target=\"_blank\">ULEB Eirol\u012bgas<\/a>\u00a015. k\u0101rtas ma\u010d\u0101 Latvijas basketbolista<a href=\"https:\/\/www.sportazinas.com\/atsl%C4%93gv%C4%81rdi\/rodions-kurucs\/\" rel=\"nofollow noopener\" target=\"_blank\"> Rodiona Kuruca<\/a> p\u0101rst\u0101v\u0113t\u0101 \u201cBaskonia\u201d ar rezult\u0101tu 87:94 izbraukum\u0101 zaud\u0113ja citai Sp\u0101nijas komandai Madrides \u201cReal\u201d.<\/p>\n<p>\u201cBaskonia\u201d tre\u0161\u0101s ceturtda\u013cas ievad\u0101 non\u0101ca iedzin\u0113jos ar 14 punktu starp\u012bbu, ta\u010du sp\u0113ja atsp\u0113l\u0113ties un ceturt\u0101 ceturk\u0161\u0146a s\u0101kum\u0101 pat izvirz\u012bties vad\u012bb\u0101 (77:76). Vitorijas vien\u012bba gan \u0101tri sa\u0146\u0113ma pamat\u012bgu prettriecienu, \u201cReal\u201d g\u016bstot 11 punktus p\u0113c k\u0101rtas.<\/p>\n<p>Lai ar\u012b Kurucs ar prec\u012bzu t\u0101lmetienu aptur\u0113ja pretinieku izr\u0101vienu, Fakundo Kampaco guva divus punktus par sp\u012bti piez\u012bmei, bet n\u0101kamaj\u0101 uzbrukum\u0101 ar \u201ctrejaci\u201d pan\u0101ca 92:81 madridie\u0161u lab\u0101, kas ar\u012b praktiski izklied\u0113ja intrigu sp\u0113l\u0113.<\/p>\n<p>Kurucs laukum\u0101 pavad\u012btaj\u0101s 25:52 min\u016bt\u0113s, kas bija liel\u0101kais sp\u0113les laiks \u201cBaskonia\u201d komand\u0101, atz\u012bm\u0113j\u0101s ar asto\u0146iem punktiem (2p. 1\/6; 3p. 2\/5; s.m. 0\/2), div\u0101m atl\u0113ku\u0161aj\u0101m bumb\u0101m, vienu rezultat\u012bvu piesp\u0113li, vienu p\u0101r\u0137ertu bumbu, \u010detr\u0101m piez\u012bm\u0113m, tr\u012bs izprovoc\u0113tiem p\u0101rk\u0101pumiem un efektivit\u0101tes koeficientu -1.<\/p>\n<p>Cit\u0101 sp\u0113l\u0113 <a href=\"https:\/\/www.sportazinas.com\/atsl%C4%93gv%C4%81rdi\/rolands-smits\/\" rel=\"nofollow noopener\" target=\"_blank\">Rolanda \u0160mita<\/a>\u00a0p\u0101rst\u0101v\u0113t\u0101 Stambulas \u201cAnadolu Efes\u201d ar 82:94 izbraukum\u0101 piek\u0101p\u0101s Sp\u0101nijas komandai \u201cValencia\u201d, piedz\u012bvojot tre\u0161o neveiksmi p\u0113c k\u0101rtas. <\/p>\n<p>\u0160mits sp\u0113l\u0113ja 24 min\u016btes un 58 sekundes un guva asto\u0146us punktus (2p. 2\/2; 3p. 1\/4; s.m. 1\/2). Latvietis ar\u012b izc\u012bn\u012bja piecas atl\u0113ku\u0161\u0101s bumbas, atdeva vienu rezultat\u012bvu piesp\u0113li, pie\u013c\u0101va vienu k\u013c\u016bdu, nopeln\u012bja piecas piez\u012bmes, kas vi\u0146am sp\u0113li lika nosl\u0113gt priek\u0161laic\u012bgi, izprovoc\u0113ja divus pretinieku sodus un iekr\u0101ja efektivit\u0101tes koeficientu se\u0161i.<\/p>\n<p>Stambulas komand\u0101 ar 18 punktiem izc\u0113l\u0101s D\u017eordans Loids un Aizija Kordinj\u0113, kam\u0113r m\u0101jinieku uzvaru ar 20 punktiem sekm\u0113ja Kamerons Teilors.<\/p>\n<p>Piektdien 15. k\u0101rtas turpin\u0101jum\u0101 D\u0101vis Bert\u0101ns un \u201cDubai\u201d sav\u0101 laukum\u0101 c\u012bn\u012bsies ar Minhenes \u201cBayern\u201d, bet Art\u016bra \u017dagara p\u0101rst\u0101v\u0113t\u0101 Stambulas \u201cFenerbahce\u201d viesosies pie \u201cMonaco\u201d.<\/p>\n<p>Turn\u012bra tabul\u0101, \u201cFenerbahce\u201d ar bilanci 8-5 ir sept\u012bt\u0101, \u201cDubai\u201d ar se\u0161\u0101m uzvar\u0101m 14 ma\u010dos atrodas 13. viet\u0101\u201d bet \u201cBaskonia\u201d un \u201cAnadolu Efes\u201d ar piec\u0101m uzvar\u0101m un desmit zaud\u0113jumiem ierindojas attiec\u012bgi 18. un 19. poz\u012bcij\u0101.<\/p>\n","protected":false},"excerpt":{"rendered":"Rodions Kurucs | Foto: EPA\/Juanjo Martin \u0160ovakar\u00a0ULEB Eirol\u012bgas\u00a015. k\u0101rtas ma\u010d\u0101 Latvijas basketbolista Rodiona Kuruca p\u0101rst\u0101v\u0113t\u0101 \u201cBaskonia\u201d ar rezult\u0101tu&hellip;\n","protected":false},"author":2,"featured_media":71943,"comment_status":"","ping_status":"","sticky":false,"template":"","format":"standard","meta":{"footnotes":""},"categories":[17],"tags":[35,39,38,36,37,34,40,67],"class_list":{"0":"post-71942","1":"post","2":"type-post","3":"status-publish","4":"format-standard","5":"has-post-thumbnail","7":"category-sports","8":"tag-latvia","9":"tag-latvian","10":"tag-latviesu","11":"tag-latviesu-valoda","12":"tag-latviesuvaloda","13":"tag-latvija","14":"tag-lv","15":"tag-sports"},"share_on_mastodon":{"url":"https:\/\/pubeurope.com\/@lv\/115703360227525009","error":""},"_links":{"self":[{"href":"https:\/\/www.europesays.com\/lv\/wp-json\/wp\/v2\/posts\/71942","targetHints":{"allow":["GET"]}}],"collection":[{"href":"https:\/\/www.europesays.com\/lv\/wp-json\/wp\/v2\/posts"}],"about":[{"href":"https:\/\/www.europesays.com\/lv\/wp-json\/wp\/v2\/types\/post"}],"author":[{"embeddable":true,"href":"https:\/\/www.europesays.com\/lv\/wp-json\/wp\/v2\/users\/2"}],"replies":[{"embeddable":true,"href":"https:\/\/www.europesays.com\/lv\/wp-json\/wp\/v2\/comments?post=71942"}],"version-history":[{"count":0,"href":"https:\/\/www.europesays.com\/lv\/wp-json\/wp\/v2\/posts\/71942\/revisions"}],"wp:featuredmedia":[{"embeddable":true,"href":"https:\/\/www.europesays.com\/lv\/wp-json\/wp\/v2\/media\/71943"}],"wp:attachment":[{"href":"https:\/\/www.europesays.com\/lv\/wp-json\/wp\/v2\/media?parent=71942"}],"wp:term":[{"taxonomy":"category","embeddable":true,"href":"https:\/\/www.europesays.com\/lv\/wp-json\/wp\/v2\/categories?post=71942"},{"taxonomy":"post_tag","embeddable":true,"href":"https:\/\/www.europesays.com\/lv\/wp-json\/wp\/v2\/tags?post=71942"}],"curies":[{"name":"wp","href":"https:\/\/api.w.org\/{rel}","templated":true}]}}