{"id":71957,"date":"2025-12-11T23:01:13","date_gmt":"2025-12-11T23:01:13","guid":{"rendered":"https:\/\/www.europesays.com\/lv\/71957\/"},"modified":"2025-12-11T23:01:13","modified_gmt":"2025-12-11T23:01:13","slug":"izdots-jauns-singls-aust-rits-un-izzinots-verienigs-koncerts-xiaomi-arena-lente-lv","status":"publish","type":"post","link":"https:\/\/www.europesays.com\/lv\/71957\/","title":{"rendered":"izdots jauns singls &#8220;Aust R\u012bts&#8221; un izzi\u0146ots v\u0113rien\u012bgs koncerts &#8220;Xiaomi Ar\u0113n\u0101&#8221;\u00a0\u2014\u00a0Lente.lv"},"content":{"rendered":"<p>Jauns singls un v\u0113rien\u012bgs jubilejas koncerts no Ozola<\/p>\n<p>Latvie\u0161u hip-hopa ikona Ozols ir sar\u016bp\u0113jis aizraujo\u0161u p\u0101rsteigumu saviem faniem, izlai\u017eot jaun\u0101ko singlu \u201cAust R\u012bts\u201d. \u0160is jaunais ska\u0146darbs ne vien iez\u012bm\u0113 jaunu, svaigu noda\u013cu m\u0101kslinieka daudzsolo\u0161aj\u0101 karjer\u0101, bet ar\u012b kalpo k\u0101 sirdspuksts gaid\u0101majam noz\u012bm\u012bgajam notikumam. \u201cAust R\u012bts\u201d ir k\u0101 pirmais r\u012bta staru k\u016blis, kas simboliz\u0113 atjaunotni un jaunas rado\u0161\u0101s ener\u0123ijas pl\u016bsmu Ozola dai\u013crad\u0113. Dziesmas aizmet\u0146i mekl\u0113jami 2025. gada august\u0101 notiku\u0161aj\u0101 rado\u0161aj\u0101 nometn\u0113 Saulkrastos, kur pie b\u012btiem str\u0101d\u0101ja Ozola ilggad\u0113jais domubiedrs Nikl\u0101vs. Kop\u0101 ar Kasparu V\u012bzuli un b\u012btmeikeru \u201cPre&#8217;set\u201d tapusi muzik\u0101l\u0101 izpild\u012bjum\u0101, savuk\u0101rt ieraksta un apstr\u0101des proces\u0101 piedal\u012bjies Arnis Ra\u010dinskis \u201cMute\u201d studij\u0101. Ozols kop\u0101 ar M\u0101ri Zihmani (Elfs) un Ritvaru Garozi ir piedal\u012bjies dziesmas nosl\u012bp\u0113\u0161an\u0101.<\/p>\n<p>Vienlaikus ar singla izn\u0101k\u0161anu ir pazi\u0146ots par Ozola gaid\u0101mo 30. jubilejas koncertu \u201cCie\u0146a un m\u012blest\u012bba\u201d, kas norisin\u0101sies 2026. gada 5. decembr\u012b \u201cXiaomi Ar\u0113n\u0101\u201d. \u0160is pas\u0101kums ir ne tikai atskats uz tr\u012bsdesmit gadiem, kas pavad\u012bti uz skatuves, bet ar\u012b sv\u0113tki, kas apvienos gan klasiskos hitus, gan jaun\u0101kos darbus. Ozols pats atz\u012bst, ka 2026. gads ir \u012bpa\u0161s, jo tas iez\u012bm\u0113 30 gadus kop\u0161 1996. gada, kad kop\u0101 ar domubiedriem tika dibin\u0101ta grupa FACT, un 2001. gad\u0101 izn\u0101ca vi\u0146a debijas albums \u201cCie\u0146a un M\u012blest\u012bba\u201d, kas bija pirmais pilnmetr\u0101\u017eas repa albums latvie\u0161u valod\u0101. Koncerts sol\u0101s b\u016bt neaizmirstams muzik\u0101ls un emocion\u0101ls ce\u013cojums, kas godina gan m\u0101kslinieka karjeru, gan ar\u012b vi\u0146a dzi\u013co saikni ar klaus\u012bt\u0101jiem.<\/p>\n<p>\u201cAust R\u012bts\u201d \u2013 jaunas \u0113ras simbols un vizu\u0101l\u0101 st\u0101sta atspulgs<\/p>\n<p>Jaunais singls \u201cAust R\u012bts\u201d ir vair\u0101k nek\u0101 tikai k\u0101rt\u0113jais ska\u0146darbs Ozola diskogr\u0101fij\u0101; tas ir k\u0101 rado\u0161\u0101s transform\u0101cijas un nobrie\u0161anas simbols. T\u0101pat k\u0101 r\u012btausma, kas v\u0113sta par jaunas dienas s\u0101kumu un cer\u012bbu, \u0161is singls pau\u017e Ozola gatav\u012bbu sasniegt jaunus rado\u0161os horizontus. Dziesmai tapis ar\u012b videoklips, ko veidojusi rado\u0161\u0101 komanda \u201cArmless Birds\u201d (Ritvars Stankevi\u010ds un Art\u016brs Vanags), kuriem pirms nepilna gada tika film\u0113ts ar\u012b videoklips dziesmai \u201c150\u201d. Videoklip\u0101 tiek uzsv\u0113rts laikmeta straujais dz\u012bves ritms un m\u016bsdienu atkar\u012bbas, kas bie\u017ei vien k\u013c\u016bst par \u0161\u0137\u0113rsli person\u012bbas piepild\u012bjumam. T\u0101 ir simboliska aina par pa\u0161u rad\u012btaj\u0101m il\u016bzij\u0101m un iek\u0161\u0113j\u0101 dz\u012bves ritma nesp\u0113ju saskan\u0113t ar \u0101r\u0113j\u0101s pasaules pras\u012bb\u0101m. Klipa vizu\u0101lais noform\u0113jums meistar\u012bgi balans\u0113 starp realit\u0101ti un metaforu, nevis sniedz gatavas atbildes, bet mudina skat\u012bt\u0101ju izjust un p\u0101rdom\u0101t.<\/p>\n<p>Ozols, kur\u0161 tiek uzskat\u012bts par vienu no latvie\u0161u hip-hopa pamatlic\u0113jiem, turpina iedvesmot ar savu rado\u0161o darb\u012bbu, kas aizs\u0101k\u0101s jau 1995. gad\u0101 ar pirmo hip-hopa grupu Latvij\u0101 FACT. Vi\u0146a muzik\u0101l\u0101 pieredze, kas m\u0113rojama tr\u012bsdesmit gados, ir atst\u0101jusi dzi\u013cu nospiedumu Latvijas m\u016bzikas industrij\u0101 un kalpo k\u0101 iedvesmas avots jaunaj\u0101m paaudz\u0113m. Koncerts \u201cCie\u0146a un m\u012blest\u012bba\u201d \u201cXiaomi Ar\u0113n\u0101\u201d sol\u0101s b\u016bt patiesi grandiozs pas\u0101kums, kur\u0101 apvienosies Ozola muzik\u0101l\u0101 mantojuma bag\u0101t\u012bba un vi\u0146a nep\u0101rprotam\u0101 ener\u0123ija uz skatuves.<\/p>\n","protected":false},"excerpt":{"rendered":"Jauns singls un v\u0113rien\u012bgs jubilejas koncerts no Ozola Latvie\u0161u hip-hopa ikona Ozols ir sar\u016bp\u0113jis aizraujo\u0161u p\u0101rsteigumu saviem faniem,&hellip;\n","protected":false},"author":2,"featured_media":71958,"comment_status":"","ping_status":"","sticky":false,"template":"","format":"standard","meta":{"footnotes":""},"categories":[19],"tags":[18316,18317,89,90,35,39,38,5350,36,37,34,40,2370,1068],"class_list":{"0":"post-71957","1":"post","2":"type-post","3":"status-publish","4":"format-standard","5":"has-post-thumbnail","7":"category-izklaide","8":"tag-aust-rits","9":"tag-ciena-un-milestiba","10":"tag-entertainment","11":"tag-izklaide","12":"tag-latvia","13":"tag-latvian","14":"tag-latviesu","15":"tag-latviesu-hip-hops","16":"tag-latviesu-valoda","17":"tag-latviesuvaloda","18":"tag-latvija","19":"tag-lv","20":"tag-ozols","21":"tag-xiaomi-arena"},"share_on_mastodon":{"url":"https:\/\/pubeurope.com\/@lv\/115703426840130363","error":""},"_links":{"self":[{"href":"https:\/\/www.europesays.com\/lv\/wp-json\/wp\/v2\/posts\/71957","targetHints":{"allow":["GET"]}}],"collection":[{"href":"https:\/\/www.europesays.com\/lv\/wp-json\/wp\/v2\/posts"}],"about":[{"href":"https:\/\/www.europesays.com\/lv\/wp-json\/wp\/v2\/types\/post"}],"author":[{"embeddable":true,"href":"https:\/\/www.europesays.com\/lv\/wp-json\/wp\/v2\/users\/2"}],"replies":[{"embeddable":true,"href":"https:\/\/www.europesays.com\/lv\/wp-json\/wp\/v2\/comments?post=71957"}],"version-history":[{"count":0,"href":"https:\/\/www.europesays.com\/lv\/wp-json\/wp\/v2\/posts\/71957\/revisions"}],"wp:featuredmedia":[{"embeddable":true,"href":"https:\/\/www.europesays.com\/lv\/wp-json\/wp\/v2\/media\/71958"}],"wp:attachment":[{"href":"https:\/\/www.europesays.com\/lv\/wp-json\/wp\/v2\/media?parent=71957"}],"wp:term":[{"taxonomy":"category","embeddable":true,"href":"https:\/\/www.europesays.com\/lv\/wp-json\/wp\/v2\/categories?post=71957"},{"taxonomy":"post_tag","embeddable":true,"href":"https:\/\/www.europesays.com\/lv\/wp-json\/wp\/v2\/tags?post=71957"}],"curies":[{"name":"wp","href":"https:\/\/api.w.org\/{rel}","templated":true}]}}