{"id":72102,"date":"2025-12-12T06:12:04","date_gmt":"2025-12-12T06:12:04","guid":{"rendered":"https:\/\/www.europesays.com\/lv\/72102\/"},"modified":"2025-12-12T06:12:04","modified_gmt":"2025-12-12T06:12:04","slug":"krievu-droni-virs-nato-militarajiem-objektiem-bild-welt-un-axel-springer-academy-zurnalisti-atrod-biedejosas-sakaribas","status":"publish","type":"post","link":"https:\/\/www.europesays.com\/lv\/72102\/","title":{"rendered":"Krievu droni virs NATO milit\u0101rajiem objektiem: \u201cBild\u201d, \u201cWelt\u201d un \u201cAxel Springer Academy\u201d \u017eurn\u0101listi atrod bied\u0113jo\u0161as sakar\u012bbas"},"content":{"rendered":"<p>    <img decoding=\"async\" src=\"https:\/\/www.europesays.com\/lv\/wp-content\/uploads\/2025\/12\/20240305_aaa_s197_142-1-800x530.jpg\" alt=\"&#10;V\u0101cijas armijas karav\u012bri un tanki NATO milit\u0101ro m\u0101c\u012bbu laik\u0101 Polij\u0101.&#10;\"\/><\/p>\n<p>V\u0101cijas armijas karav\u012bri un tanki NATO milit\u0101ro m\u0101c\u012bbu laik\u0101 Polij\u0101.<\/p>\n<p>Foto: ZUMAPRESS.com\/SCANPIX\n<\/p>\n<p>Nezin\u0101mu dronu lidojumi net\u0101lu no v\u0101cu milit\u0101raj\u0101m b\u0101z\u0113m sakr\u012bt ar Krievijas ku\u0123u caurbrauk\u0161anas laiku, rakst <a href=\"https:\/\/www.dialog.ua\/world\/325335_1765483241\" rel=\"noopener nofollow\" target=\"_blank\">dialog.ua.<\/a><\/p>\n<p>        Las\u012bt\u0101kie<br \/>\n        <a data-imagesrc=\"{&quot;300&quot;:&quot;https:\\\/\\\/lastatic.ams3.cdn.digitaloceanspaces.com\\\/2025\\\/12\\\/LET_24813581-300x201.jpg&quot;,&quot;1024&quot;:&quot;https:\\\/\\\/lastatic.ams3.cdn.digitaloceanspaces.com\\\/2025\\\/12\\\/LET_24813581-1024x687.jpg&quot;,&quot;1536&quot;:&quot;https:\\\/\\\/lastatic.ams3.cdn.digitaloceanspaces.com\\\/2025\\\/12\\\/LET_24813581-1536x1031.jpg&quot;,&quot;500&quot;:&quot;https:\\\/\\\/lastatic.ams3.cdn.digitaloceanspaces.com\\\/2025\\\/12\\\/LET_24813581-500x335.jpg&quot;,&quot;800&quot;:&quot;https:\\\/\\\/lastatic.ams3.cdn.digitaloceanspaces.com\\\/2025\\\/12\\\/LET_24813581-800x537.jpg&quot;,&quot;2560&quot;:&quot;https:\\\/\\\/lastatic.ams3.cdn.digitaloceanspaces.com\\\/2025\\\/12\\\/LET_24813581-scaled.jpg&quot;}\" data-focuspoint=\"&quot;&quot;\" data-p=\"2479144\" href=\"https:\/\/www.la.lv\/esam-vienojusies-izskan-baumas-ka-eksprezidentes-vairas-vikes-freibergas-virs-nonacis-pansionata\" class=\"content-item lazy-load\" wp_automatic_readability=\"27\" rel=\"nofollow noopener\" target=\"_blank\"><\/p>\n<p>                                <img decoding=\"async\" src=\"\" alt=\"\" style=\"\" data-imageid=\"\"\/><\/p>\n<p>                                Kokteilis<\/p>\n<p>\n                                                \u201cEsam vienoju\u0161ies.\u201d Izskan baumas, ka eksprezidentes Vairas V\u012b\u0137es-Freibergas v\u012brs non\u0101cis pansion\u0101t\u0101\n                            <\/p>\n<p><\/a><a data-imagesrc=\"{&quot;300&quot;:&quot;https:\\\/\\\/lastatic.ams3.cdn.digitaloceanspaces.com\\\/2024\\\/07\\\/pexels-olly-3831552-300x200.jpg&quot;,&quot;1024&quot;:&quot;https:\\\/\\\/lastatic.ams3.cdn.digitaloceanspaces.com\\\/2024\\\/07\\\/pexels-olly-3831552-1024x683.jpg&quot;,&quot;768&quot;:&quot;https:\\\/\\\/lastatic.ams3.cdn.digitaloceanspaces.com\\\/2024\\\/07\\\/pexels-olly-3831552-768x512.jpg&quot;,&quot;1536&quot;:&quot;https:\\\/\\\/lastatic.ams3.cdn.digitaloceanspaces.com\\\/2024\\\/07\\\/pexels-olly-3831552-1536x1024.jpg&quot;,&quot;2048&quot;:&quot;https:\\\/\\\/lastatic.ams3.cdn.digitaloceanspaces.com\\\/2024\\\/07\\\/pexels-olly-3831552-2048x1365.jpg&quot;,&quot;200&quot;:&quot;https:\\\/\\\/lastatic.ams3.cdn.digitaloceanspaces.com\\\/2024\\\/07\\\/pexels-olly-3831552-200x133.jpg&quot;,&quot;400&quot;:&quot;https:\\\/\\\/lastatic.ams3.cdn.digitaloceanspaces.com\\\/2024\\\/07\\\/pexels-olly-3831552-400x267.jpg&quot;,&quot;500&quot;:&quot;https:\\\/\\\/lastatic.ams3.cdn.digitaloceanspaces.com\\\/2024\\\/07\\\/pexels-olly-3831552-500x333.jpg&quot;,&quot;800&quot;:&quot;https:\\\/\\\/lastatic.ams3.cdn.digitaloceanspaces.com\\\/2024\\\/07\\\/pexels-olly-3831552-800x533.jpg&quot;,&quot;1000&quot;:&quot;https:\\\/\\\/lastatic.ams3.cdn.digitaloceanspaces.com\\\/2024\\\/07\\\/pexels-olly-3831552-1000x667.jpg&quot;,&quot;2560&quot;:&quot;https:\\\/\\\/lastatic.ams3.cdn.digitaloceanspaces.com\\\/2024\\\/07\\\/pexels-olly-3831552-scaled.jpg&quot;}\" data-focuspoint=\"&quot;&quot;\" data-p=\"2272579\" href=\"https:\/\/www.la.lv\/eksperti-ir-nosaukusi-9-automasinas-no-kuram-vajadzetu-izvairities-pensionariem\" class=\"content-item lazy-load\" wp_automatic_readability=\"26.5\" rel=\"nofollow noopener\" target=\"_blank\"><\/p>\n<p>                                <img decoding=\"async\" src=\"\" alt=\"\" style=\"\" data-imageid=\"\"\/><\/p>\n<p>\n                                                Eksperti ir nosauku\u0161i 9 automa\u0161\u012bnas, no kur\u0101m vajadz\u0113tu izvair\u012bties pension\u0101riem\n                            <\/p>\n<p><\/a><a data-imagesrc=\"{&quot;300&quot;:&quot;https:\\\/\\\/lastatic.ams3.cdn.digitaloceanspaces.com\\\/2025\\\/11\\\/Untitled-design-19-300x188.jpg&quot;,&quot;1024&quot;:&quot;https:\\\/\\\/lastatic.ams3.cdn.digitaloceanspaces.com\\\/2025\\\/11\\\/Untitled-design-19-1024x640.jpg&quot;,&quot;1536&quot;:&quot;https:\\\/\\\/lastatic.ams3.cdn.digitaloceanspaces.com\\\/2025\\\/11\\\/Untitled-design-19-1536x960.jpg&quot;,&quot;500&quot;:&quot;https:\\\/\\\/lastatic.ams3.cdn.digitaloceanspaces.com\\\/2025\\\/11\\\/Untitled-design-19-500x313.jpg&quot;,&quot;800&quot;:&quot;https:\\\/\\\/lastatic.ams3.cdn.digitaloceanspaces.com\\\/2025\\\/11\\\/Untitled-design-19-800x500.jpg&quot;,&quot;1600&quot;:&quot;https:\\\/\\\/lastatic.ams3.cdn.digitaloceanspaces.com\\\/2025\\\/11\\\/Untitled-design-19.jpg&quot;}\" data-focuspoint=\"&quot;&quot;\" data-p=\"2472405\" href=\"https:\/\/www.la.lv\/orig-poliklinikas-darbiniece-rikojas-nelikumigi-ka-inguna-nejausi-noklausijas-sarunu-un-atklaja-tisu-pacientu-mulkosanu\" class=\"content-item lazy-load\" wp_automatic_readability=\"26.5\" rel=\"nofollow noopener\" target=\"_blank\"><\/p>\n<p>                                <img decoding=\"async\" src=\"\" alt=\"\" style=\"\" data-imageid=\"\"\/><\/p>\n<p>                                RAKSTA REDAKTORS<\/p>\n<p>\n                                                Polikl\u012bnikas darbiniece r\u012bkoj\u0101s nelikum\u012bgi: k\u0101 Ing\u016bna nejau\u0161i noklaus\u012bj\u0101s sarunu un atkl\u0101ja t\u012b\u0161u pacientu mu\u013c\u0137o\u0161anu\n                            <\/p>\n<p><\/a><br \/>\n        <a class=\"read-more\" href=\"https:\/\/www.la.lv\/top\" rel=\"nofollow noopener\" target=\"_blank\">Las\u012bt citas zi\u0146as<\/a><\/p>\n<p>Krievijas hibr\u012bduzbrukumi Eiropai k\u013c\u016bst arvien pla\u0161\u0101ki un provokat\u012bv\u0101ki, k\u0101 p\u0113d\u0113j\u0101 laik\u0101 vair\u0101kk\u0101rt nor\u0101d\u012bju\u0161as Eiropas amatpersonas. Viena no \u0161\u0101du uzbrukumu izpausm\u0113m var\u0113tu b\u016bt nezin\u0101mu dronu par\u0101d\u012b\u0161an\u0101s virs NATO milit\u0101rajiem objektiem.  <\/p>\n<p>\u017durn\u0101listi no \u201cBild\u201d, \u201cWelt\u201d un \u201cAxel Springer Academy\u201d veica  izmekl\u0113\u0161anu, kur\u0101 atkl\u0101ja, ka nezin\u0101mi bezpilota lidapar\u0101ti (UAV) par\u0101d\u0101s virs Zieme\u013catlantijas alianses infrastrukt\u016bras, kad tuvum\u0101 pabrauc gar\u0101m Krievijas ku\u0123i vai ar Krieviju saist\u012bti ku\u0123i. <\/p>\n<p>    CITI \u0160OBR\u012aD LASA<\/p>\n<p>Publisko un priv\u0101to datu, tostarp navig\u0101cijas mar\u0161rutu, anal\u012bze \u013c\u0101va \u017eurn\u0101listiem atkl\u0101t korel\u0101ciju starp dronu lidojumiem un konkr\u0113tu kravas ku\u0123u p\u0101rlidojumiem. Da\u017eos gad\u012bjumos ku\u0123i atrad\u0101s taj\u0101s pa\u0161\u0101s teritorij\u0101s un taj\u0101 pa\u0161\u0101 laik\u0101, kad V\u0101cija re\u0123istr\u0113ja nezin\u0101mu lidapar\u0101tu masveida p\u0101rlidojumus. <\/p>\n<p>Viens no p\u0101rsteidzo\u0161\u0101kajiem incidentiem notika 16. maij\u0101, kad policija vienlaikus paman\u012bja septi\u0146us dronus. Tobr\u012bd net\u0101lu atrad\u0101s Krievijas kravas ku\u0123is Lauga. \u012apa\u0161u izmekl\u0113t\u0101ju uzman\u012bbu piesaist\u012bja ku\u0123a \u201cLauga\u201d pag\u0101tne. Ku\u0123is ilgu laiku bija pietauvojies S\u012brijas ost\u0101 Tartus\u0101, kur atrodas Krievijas liel\u0101k\u0101 j\u016bras sp\u0113ku b\u0101ze \u0101rpus Krievijas. <\/p>\n<p>Tas pastiprin\u0101ja spekul\u0101cijas par iesp\u0113jamu koordin\u0101ciju vai izl\u016bko\u0161anas darb\u012bb\u0101m. Ar\u012b citi ku\u0123i \u2014 HAV Snapper un HAV Dolphin \u2014 non\u0101ca aizdom\u0101s. Lai gan ofici\u0101li tie pieder\u0113ja Norv\u0113\u0123ijas uz\u0146\u0113mumam, tie bija vair\u0101kk\u0101rt apkopti Ka\u013ci\u0146ingrad\u0101, Krievij\u0101, kur atrodas milit\u0101ro ku\u0123u remonta iek\u0101rtas. Katru reizi, kad \u0161ie ku\u0123i ku\u0123oja gar V\u0101cijas piekrasti, varas iest\u0101des re\u0123istr\u0113ja milz\u012bgus dronu lidojumus virs \u0136\u012bles l\u012b\u010da, apgabala, kur atrodas svar\u012bgi NATO un V\u0101cijas j\u016bras sp\u0113ku objekti.<\/p>\n<p>Sakrit\u012bbu modelis ir p\u0101r\u0101k atk\u0101rtots, lai to var\u0113tu uzskat\u012bt par nejau\u0161u. V\u0101cijas dro\u0161\u012bbas a\u0123ent\u016bras izmekl\u0113 pavedienus, kas saist\u012bti ar izl\u016bko\u0161anu, iesp\u0113jamo iek\u013c\u016b\u0161anas kan\u0101lu test\u0113\u0161anu un NATO infrastrukt\u016bras nov\u0113ro\u0161anu.<\/p>\n<p>T\u0113mas<\/p>\n<p>    SAIST\u012aTIE RAKSTI<\/p>\n","protected":false},"excerpt":{"rendered":"V\u0101cijas armijas karav\u012bri un tanki NATO milit\u0101ro m\u0101c\u012bbu laik\u0101 Polij\u0101. Foto: ZUMAPRESS.com\/SCANPIX Nezin\u0101mu dronu lidojumi net\u0101lu no v\u0101cu&hellip;\n","protected":false},"author":2,"featured_media":26561,"comment_status":"","ping_status":"","sticky":false,"template":"","format":"standard","meta":{"footnotes":""},"categories":[14],"tags":[23,57,28,29,32,33,22,30,31,35,39,38,36,37,34,40,20,26,27,24,25,54,55,56,21,58],"class_list":{"0":"post-72102","1":"post","2":"type-post","3":"status-publish","4":"format-standard","5":"has-post-thumbnail","7":"category-zinas-no-arvalstim","8":"tag-aktualitates","9":"tag-arvalstim","10":"tag-breaking-news","11":"tag-breakingnews","12":"tag-featured-news","13":"tag-featurednews","14":"tag-headlines","15":"tag-latest-news","16":"tag-latestnews","17":"tag-latvia","18":"tag-latvian","19":"tag-latviesu","20":"tag-latviesu-valoda","21":"tag-latviesuvaloda","22":"tag-latvija","23":"tag-lv","24":"tag-news","25":"tag-popularakas-zinas","26":"tag-popularakaszinas","27":"tag-top-stories","28":"tag-topstories","29":"tag-world","30":"tag-world-news","31":"tag-worldnews","32":"tag-zinas","33":"tag-zinas-no-arvalstim"},"share_on_mastodon":{"url":"https:\/\/pubeurope.com\/@lv\/115705121906123096","error":""},"_links":{"self":[{"href":"https:\/\/www.europesays.com\/lv\/wp-json\/wp\/v2\/posts\/72102","targetHints":{"allow":["GET"]}}],"collection":[{"href":"https:\/\/www.europesays.com\/lv\/wp-json\/wp\/v2\/posts"}],"about":[{"href":"https:\/\/www.europesays.com\/lv\/wp-json\/wp\/v2\/types\/post"}],"author":[{"embeddable":true,"href":"https:\/\/www.europesays.com\/lv\/wp-json\/wp\/v2\/users\/2"}],"replies":[{"embeddable":true,"href":"https:\/\/www.europesays.com\/lv\/wp-json\/wp\/v2\/comments?post=72102"}],"version-history":[{"count":0,"href":"https:\/\/www.europesays.com\/lv\/wp-json\/wp\/v2\/posts\/72102\/revisions"}],"wp:featuredmedia":[{"embeddable":true,"href":"https:\/\/www.europesays.com\/lv\/wp-json\/wp\/v2\/media\/26561"}],"wp:attachment":[{"href":"https:\/\/www.europesays.com\/lv\/wp-json\/wp\/v2\/media?parent=72102"}],"wp:term":[{"taxonomy":"category","embeddable":true,"href":"https:\/\/www.europesays.com\/lv\/wp-json\/wp\/v2\/categories?post=72102"},{"taxonomy":"post_tag","embeddable":true,"href":"https:\/\/www.europesays.com\/lv\/wp-json\/wp\/v2\/tags?post=72102"}],"curies":[{"name":"wp","href":"https:\/\/api.w.org\/{rel}","templated":true}]}}