{"id":72150,"date":"2025-12-12T07:12:10","date_gmt":"2025-12-12T07:12:10","guid":{"rendered":"https:\/\/www.europesays.com\/lv\/72150\/"},"modified":"2025-12-12T07:12:10","modified_gmt":"2025-12-12T07:12:10","slug":"gruzijai-bus-jamaksa-kompensacijas-2019-gada-protestu-dalibniekiem","status":"publish","type":"post","link":"https:\/\/www.europesays.com\/lv\/72150\/","title":{"rendered":"Gruzijai b\u016bs j\u0101maks\u0101 kompens\u0101cijas 2019. gada protestu dal\u012bbniekiem"},"content":{"rendered":"<p>Lieta saist\u012bta ar policijas reakciju uz protestiem pret vald\u012bbu 2019. gada j\u016bnij\u0101. Demonstr\u0101cij\u0101 piedal\u012bj\u0101s aptuveni 12 000 protest\u0113t\u0101ju, un t\u0101s laik\u0101 tika ievainoti vair\u0101k nek\u0101 200 cilv\u0113ku, taj\u0101 skait\u0101 ar\u012b policisti un \u017eurn\u0101listi.<\/p>\n<p>14 \u017eurn\u0101listi, kas atspogu\u013coja demonstr\u0101ciju, un 11 protest\u0113t\u0101ji v\u0113rs\u0101s ECT saist\u012bb\u0101 ar policijas reakciju. Liel\u0101k\u0101 da\u013ca no vi\u0146iem tika ievainoti ar gumijas lod\u0113m, bet p\u0101r\u0113jos piek\u0101va policisti.<\/p>\n<p>Demonstr\u0101ciju izprovoc\u0113ja Krievijas deleg\u0101cijas viz\u012bte Gruzijas parlament\u0101.<\/p>\n<p>ECT tiesne\u0161i konstat\u0113ja, ka &#8220;pielietots nepamatoti liels sp\u0113ks, radot pras\u012bt\u0101jiem un cit\u0101m person\u0101m miesas boj\u0101jumus&#8221;.<\/p>\n<p>Tiesa ar\u012b secin\u0101ja, ka p\u0101rk\u0101ptas \u017eurn\u0101listu ties\u012bbas uz v\u0101rda br\u012bv\u012bbu, k\u0101 ar\u012b protest\u0113t\u0101ju ties\u012bbas uz pulc\u0113\u0161an\u0101s br\u012bv\u012bbu. Lai gan protestu izkl\u012bdin\u0101\u0161ana var\u0113ja b\u016bt likum\u012bga, veids, k\u0101d\u0101 tas tika dar\u012bts, nebija pamatots.<\/p>\n<p>Tiesa ar\u012b konstat\u0113ja, ka Gruzijas varasiest\u0101des lietu nav izmekl\u0113ju\u0161as pietiekami \u0101tri un r\u016bp\u012bgi. Piecarpus gadus v\u0113l\u0101k par sp\u0113ka pielieto\u0161anu atbild\u012bgo amatpersonu identit\u0101tes joproj\u0101m nav noskaidrotas.<\/p>\n<p>ECT uzdeva Gruzijai izmaks\u0101t \u010detriem pras\u012bt\u0101jiem kompens\u0101cijas no 75 000 eiro l\u012bdz 85 000 eiro par finansi\u0101lajiem zaud\u0113jumiem, k\u0101 ar\u012b izmaks\u0101t visiem pras\u012bt\u0101jiem da\u017e\u0101da lieluma kompens\u0101cijas par mor\u0101lo kait\u0113jumu. Gruzijai j\u0101sedz ar\u012b tiesas izdevumi, kuru kopsumma nedaudz p\u0101rsniedz 38 000 eiro.<\/p>\n","protected":false},"excerpt":{"rendered":"Lieta saist\u012bta ar policijas reakciju uz protestiem pret vald\u012bbu 2019. gada j\u016bnij\u0101. Demonstr\u0101cij\u0101 piedal\u012bj\u0101s aptuveni 12 000 protest\u0113t\u0101ju,&hellip;\n","protected":false},"author":2,"featured_media":72151,"comment_status":"","ping_status":"","sticky":false,"template":"","format":"standard","meta":{"footnotes":""},"categories":[14],"tags":[23,57,28,29,14876,32,33,3507,22,30,31,35,39,38,36,37,34,40,20,26,27,24,25,54,55,56,21,58],"class_list":{"0":"post-72150","1":"post","2":"type-post","3":"status-publish","4":"format-standard","5":"has-post-thumbnail","7":"category-zinas-no-arvalstim","8":"tag-aktualitates","9":"tag-arvalstim","10":"tag-breaking-news","11":"tag-breakingnews","12":"tag-eiropas-cilvektiesibu-tiesa","13":"tag-featured-news","14":"tag-featurednews","15":"tag-gruzija","16":"tag-headlines","17":"tag-latest-news","18":"tag-latestnews","19":"tag-latvia","20":"tag-latvian","21":"tag-latviesu","22":"tag-latviesu-valoda","23":"tag-latviesuvaloda","24":"tag-latvija","25":"tag-lv","26":"tag-news","27":"tag-popularakas-zinas","28":"tag-popularakaszinas","29":"tag-top-stories","30":"tag-topstories","31":"tag-world","32":"tag-world-news","33":"tag-worldnews","34":"tag-zinas","35":"tag-zinas-no-arvalstim"},"share_on_mastodon":{"url":"https:\/\/pubeurope.com\/@lv\/115705357622979353","error":""},"_links":{"self":[{"href":"https:\/\/www.europesays.com\/lv\/wp-json\/wp\/v2\/posts\/72150","targetHints":{"allow":["GET"]}}],"collection":[{"href":"https:\/\/www.europesays.com\/lv\/wp-json\/wp\/v2\/posts"}],"about":[{"href":"https:\/\/www.europesays.com\/lv\/wp-json\/wp\/v2\/types\/post"}],"author":[{"embeddable":true,"href":"https:\/\/www.europesays.com\/lv\/wp-json\/wp\/v2\/users\/2"}],"replies":[{"embeddable":true,"href":"https:\/\/www.europesays.com\/lv\/wp-json\/wp\/v2\/comments?post=72150"}],"version-history":[{"count":0,"href":"https:\/\/www.europesays.com\/lv\/wp-json\/wp\/v2\/posts\/72150\/revisions"}],"wp:featuredmedia":[{"embeddable":true,"href":"https:\/\/www.europesays.com\/lv\/wp-json\/wp\/v2\/media\/72151"}],"wp:attachment":[{"href":"https:\/\/www.europesays.com\/lv\/wp-json\/wp\/v2\/media?parent=72150"}],"wp:term":[{"taxonomy":"category","embeddable":true,"href":"https:\/\/www.europesays.com\/lv\/wp-json\/wp\/v2\/categories?post=72150"},{"taxonomy":"post_tag","embeddable":true,"href":"https:\/\/www.europesays.com\/lv\/wp-json\/wp\/v2\/tags?post=72150"}],"curies":[{"name":"wp","href":"https:\/\/api.w.org\/{rel}","templated":true}]}}