{"id":72198,"date":"2025-12-12T08:12:08","date_gmt":"2025-12-12T08:12:08","guid":{"rendered":"https:\/\/www.europesays.com\/lv\/72198\/"},"modified":"2025-12-12T08:12:08","modified_gmt":"2025-12-12T08:12:08","slug":"nato-valstis-var-but-nakamais-krievijas-merkis","status":"publish","type":"post","link":"https:\/\/www.europesays.com\/lv\/72198\/","title":{"rendered":"NATO valstis var b\u016bt n\u0101kamais Krievijas m\u0113r\u0137is"},"content":{"rendered":"<p>&#8220;M\u0113s esam n\u0101kamais Krievijas m\u0113r\u0137is. Man ir bail, ka daudzi ir klus\u012bb\u0101 bezr\u016bp\u012bgi, p\u0101r\u0101k daudziem nav steidzam\u012bbas saj\u016btas, un daudzi uzskata, ka laiks ir m\u016bsu pus\u0113. Tas t\u0101 nav. Laiks r\u012bkoties ir tagad,&#8221; uzsv\u0113ra alianses vad\u012bt\u0101js.<\/p>\n<p>Krievija pret Eiropas valst\u012bm pastiprin\u0101jusi diversijas un oper\u0101cijas, kas v\u0113rstas pret civilo, milit\u0101ro un kritisko infrastrukt\u016bru, nor\u0101d\u012bja Rite.<\/p>\n<p>Vi\u0146\u0161 piemin\u0113ja dzelzce\u013ca spridzin\u0101\u0161anu Polij\u0101, Krievijas izn\u012bcin\u0101t\u0101ju veikto Igaunijas gaisa telpas p\u0101rk\u0101pumu un dronu par\u0101d\u012b\u0161anos vair\u0101ku Eiropas valstu lidostu tuvum\u0101.<\/p>\n<blockquote class=\"quote ck-widget\" contenteditable=\"false\">\n<p>Karu nov\u0113rst var tikai <a href=\"https:\/\/www.tvnet.lv\/term\/9898\/nato\" class=\"topicLink\" target=\"_blank\" rel=\"nofollow noopener\">NATO<\/a> valstu gatavo\u0161an\u0101s aizsardz\u012bbai, cita starp\u0101 ar\u012b iev\u0113rojami palielinot aizsardz\u012bbas izdevumus, nor\u0101d\u012bja Rite.<\/p>\n<\/blockquote>\n<p>&#8220;Konflikts ir uz m\u016bsu sliek\u0161\u0146a. Krievija ir atvedusi karu uz Eiropu. Mums ir j\u0101b\u016bt gataviem l\u012bdz\u012bga m\u0113roga karadarb\u012bbai, k\u0101du piedz\u012bvoja m\u016bsu vect\u0113vi un vecvect\u0113vi,&#8221; pauda \u0123ener\u0101lsekret\u0101rs.<\/p>\n<p>&#8220;Iedom\u0101jieties konfliktu, kas skartu katru m\u0101ju, katru darbavietu \u2013 post\u012bjumi, masveida mobiliz\u0101cija, miljoniem p\u0101rvietotu cilv\u0113ku, pla\u0161as cie\u0161anas un zaud\u0113jumi,&#8221; uzskait\u012bja alianses vad\u012bt\u0101js.<\/p>\n<blockquote class=\"quote ck-widget\" contenteditable=\"false\">\n<p>&#8220;T\u0101 ir bied\u0113jo\u0161a doma, bet, ja m\u0113s pild\u012bsim savas saist\u012bbas, m\u0113s varam nov\u0113rst tra\u0123\u0113diju,&#8221; sac\u012bja Rite.<\/p>\n<\/blockquote>\n<p>Vi\u0146\u0161 ar\u012b aicin\u0101ja NATO dal\u012bbvalstis turpin\u0101t atbalst\u012bt Ukrainu.<\/p>\n<p>Krievijas diktators <a href=\"https:\/\/www.tvnet.lv\/term\/555635\/vladimirs-putins\" class=\"topicLink\" target=\"_blank\" rel=\"nofollow noopener\">Vladimirs Putins<\/a> r\u012bkojas neprognoz\u0113jami, un, v\u0113rt\u0113jot riskus no Krievijas puses, ir j\u0101balst\u0101s uz faktiem, sac\u012bja Rite.<\/p>\n<p>&#8220;Ir diktators, kas ir gatavs upur\u0113t 1,1 miljonu savu pilso\u0146u \u2013 v\u0101jpr\u0101t\u012bgas idejas par k\u0101du v\u0113sturisku m\u0113r\u0137i d\u0113\u013c,&#8221; par Putinu sac\u012bja Rite.<\/p>\n<p>NATO dal\u012bbvalstis 2025. gada s\u0101kum\u0101 vienoj\u0101s l\u012bdz 2035. gadam palielin\u0101t aizsardz\u012bbas izdevumus l\u012bdz 5% no IKP, ta\u010du Rite sac\u012bja, ka \u0161is process ir j\u0101pa\u0101trina.<\/p>\n","protected":false},"excerpt":{"rendered":"&#8220;M\u0113s esam n\u0101kamais Krievijas m\u0113r\u0137is. Man ir bail, ka daudzi ir klus\u012bb\u0101 bezr\u016bp\u012bgi, p\u0101r\u0101k daudziem nav steidzam\u012bbas saj\u016btas,&hellip;\n","protected":false},"author":2,"featured_media":72199,"comment_status":"","ping_status":"","sticky":false,"template":"","format":"standard","meta":{"footnotes":""},"categories":[14],"tags":[1546,23,57,28,29,427,32,33,22,30,31,35,39,38,36,37,34,40,3652,71,20,26,27,24,25,235,54,55,56,21,58],"class_list":{"0":"post-72198","1":"post","2":"type-post","3":"status-publish","4":"format-standard","5":"has-post-thumbnail","7":"category-zinas-no-arvalstim","8":"tag-aizsardziba","9":"tag-aktualitates","10":"tag-arvalstim","11":"tag-breaking-news","12":"tag-breakingnews","13":"tag-eiropa","14":"tag-featured-news","15":"tag-featurednews","16":"tag-headlines","17":"tag-latest-news","18":"tag-latestnews","19":"tag-latvia","20":"tag-latvian","21":"tag-latviesu","22":"tag-latviesu-valoda","23":"tag-latviesuvaloda","24":"tag-latvija","25":"tag-lv","26":"tag-marks-rite","27":"tag-nato","28":"tag-news","29":"tag-popularakas-zinas","30":"tag-popularakaszinas","31":"tag-top-stories","32":"tag-topstories","33":"tag-vladimirs-putins","34":"tag-world","35":"tag-world-news","36":"tag-worldnews","37":"tag-zinas","38":"tag-zinas-no-arvalstim"},"share_on_mastodon":{"url":"https:\/\/pubeurope.com\/@lv\/115705593411589532","error":""},"_links":{"self":[{"href":"https:\/\/www.europesays.com\/lv\/wp-json\/wp\/v2\/posts\/72198","targetHints":{"allow":["GET"]}}],"collection":[{"href":"https:\/\/www.europesays.com\/lv\/wp-json\/wp\/v2\/posts"}],"about":[{"href":"https:\/\/www.europesays.com\/lv\/wp-json\/wp\/v2\/types\/post"}],"author":[{"embeddable":true,"href":"https:\/\/www.europesays.com\/lv\/wp-json\/wp\/v2\/users\/2"}],"replies":[{"embeddable":true,"href":"https:\/\/www.europesays.com\/lv\/wp-json\/wp\/v2\/comments?post=72198"}],"version-history":[{"count":0,"href":"https:\/\/www.europesays.com\/lv\/wp-json\/wp\/v2\/posts\/72198\/revisions"}],"wp:featuredmedia":[{"embeddable":true,"href":"https:\/\/www.europesays.com\/lv\/wp-json\/wp\/v2\/media\/72199"}],"wp:attachment":[{"href":"https:\/\/www.europesays.com\/lv\/wp-json\/wp\/v2\/media?parent=72198"}],"wp:term":[{"taxonomy":"category","embeddable":true,"href":"https:\/\/www.europesays.com\/lv\/wp-json\/wp\/v2\/categories?post=72198"},{"taxonomy":"post_tag","embeddable":true,"href":"https:\/\/www.europesays.com\/lv\/wp-json\/wp\/v2\/tags?post=72198"}],"curies":[{"name":"wp","href":"https:\/\/api.w.org\/{rel}","templated":true}]}}