{"id":72245,"date":"2025-12-12T09:07:10","date_gmt":"2025-12-12T09:07:10","guid":{"rendered":"https:\/\/www.europesays.com\/lv\/72245\/"},"modified":"2025-12-12T09:07:10","modified_gmt":"2025-12-12T09:07:10","slug":"ekonomikas-ministra-v-valaina-vizite-valmiera-tiksanas-ar-ks-vaks-un-aktualie-nozares-jautajumi","status":"publish","type":"post","link":"https:\/\/www.europesays.com\/lv\/72245\/","title":{"rendered":"Ekonomikas ministra V. Valai\u0146a viz\u012bte Valmier\u0101: tik\u0161an\u0101s ar KS \u201cVAKS\u201d un aktu\u0101lie nozares jaut\u0101jumi"},"content":{"rendered":"<p>Ceturtdien, 11. decembr\u012b, ekonomikas ministrs Viktors Valainis re\u0123ion\u0101laj\u0101 viz\u012bt\u0113 apmekl\u0113ja Valmieru, kur notika tik\u0161an\u0101s ar kooperat\u012bv\u0101s sabiedr\u012bbas \u201cVAKS\u201d vad\u012bbu un kolekt\u012bvu. KS \u201cVAKS\u201d ir liel\u0101kais uz\u0146\u0113mums re\u0123ion\u0101, un to p\u0101rst\u0101v\u0113ja valdes priek\u0161s\u0113d\u0113t\u0101js Indulis Jansons, komercdirektore Zinta Jansone, finan\u0161u direktore Di\u0101na Gredzena, lo\u0123istikas vad\u012bt\u0101js Andris Zeme\u0161s, p\u0101rst\u0101vji no biedru, padomes un darbinieku vidus.<\/p>\n<p>Tik\u0161an\u0101s laik\u0101 tika apspriesti da\u017e\u0101di augkop\u012bbas nozares un re\u0123iona att\u012bst\u012bbas jaut\u0101jumi. Ministrs apliecin\u0101ja atbalstu nodal\u012btam lauksaimniec\u012bbas bud\u017eetam, k\u0101 ar\u012b pauda atbalstu Zemnieku Saeimas, LOSP un LLKA pras\u012bbai palielin\u0101t lauksaimniekiem Eiropas Komisijas atv\u0113l\u0113to finans\u0113jumu vismaz l\u012bdz 90% no Eiropas Savien\u012bbas vid\u0113j\u0101 l\u012bme\u0146a (\u0161obr\u012bd tas ir tikai 74%).<\/p>\n<p>Sarunu gait\u0101 tika \u012bpa\u0161i uzsv\u0113rta dzelzce\u013ca infrastrukt\u016bras noz\u012bme k\u0101 dro\u0161s un efekt\u012bvs ekonomisk\u0101 transporta risin\u0101jums, jo \u012bpa\u0161i saist\u012bb\u0101 ar Valmier\u0101 \u0161obr\u012bd att\u012bst\u0101mo sauso ostu, kas perspekt\u012bv\u0101 var b\u016btiski papla\u0161in\u0101t re\u0123iona lo\u0123istikas un eksporta iesp\u0113jas, stiprinot Latvijas lauksaimniec\u012bbas un p\u0101rtikas nozares konkur\u0113tsp\u0113ju gan viet\u0113j\u0101, gan starptautiskaj\u0101 tirg\u016b.<\/p>\n<p>Diskusijas gait\u0101 tika uzdots ar\u012b LLKA piena nozares kooperat\u012bvu jaut\u0101jums par atbalstu Lietuvas piena nozares \u201cVilvi Group\u201d r\u016bpn\u012bcas izveidei Bausk\u0101, \u012bpa\u0161i akcent\u0113jot atbalsta apm\u0113ru un iesp\u0113jas Latvijas kooperat\u012bviem sa\u0146emt l\u012bdzv\u0113rt\u012bgu vai pat liel\u0101ku atbalstu. Ministrs ap\u0146\u0113m\u0101s sekm\u0113t atbalsta pie\u0161\u0137ir\u0161anu, uzsverot nepiecie\u0161am\u012bbu nodro\u0161in\u0101t atbalstu ne tikai r\u016bpn\u012bcas b\u016bvniec\u012bbas invest\u012bciju laik\u0101, bet ar\u012b t\u0101s att\u012bst\u012bbas posm\u0101, lai nov\u0113rstu situ\u0101cijas, kad lauksaimnieku kapit\u0101la tr\u016bkuma d\u0113\u013c p\u0101rstr\u0101des projekti saskaras ar finans\u0113\u0161anas izaicin\u0101jumiem.<\/p>\n<p>\u201cLauksaimniec\u012bbas kooperat\u012bvi Latvij\u0101 apvieno da\u017e\u0101da m\u0113roga lauksaimniec\u012bbas ra\u017eot\u0101jus, t\u0101d\u0113j\u0101di veicinot lauku teritoriju apdz\u012bvot\u012bbas saglab\u0101\u0161anu, infrastrukt\u016bras att\u012bst\u012bbu un nodro\u0161inot b\u016btisku ieguld\u012bjumu valsts nodok\u013cu ie\u0146\u0113mumos. Vienlaikus j\u0101uzsver, ka kooperat\u012bvu darb\u012bba nav izol\u0113ta no glob\u0101lajiem un \u0123eopolitiskajiem procesiem, kas nosaka nepiecie\u0161am\u012bbu pa\u0101trin\u0101t att\u012bst\u012bbas tempus un stiprin\u0101t piel\u0101go\u0161an\u0101s sp\u0113jas main\u012bgajos apst\u0101k\u013cos. \u0160\u0101d\u0101 kontekst\u0101 \u012bpa\u0161i noz\u012bm\u012bgs ir valsts un Eiropas Savien\u012bbas instit\u016bciju atbalsts, kas kalpo k\u0101 b\u016btisks priek\u0161noteikums kooperat\u012bvu ilgtsp\u0113j\u012bgai att\u012bst\u012bbai. Atbalsta instrumenti \u013cauj ne vien p\u0101rvar\u0113t dabas apst\u0101k\u013cu rad\u012btos izaicin\u0101jumus, bet ar\u012b sekm\u0113t konkur\u0113tsp\u0113jas uzlabo\u0161anu, att\u012bstot p\u0101rstr\u0101des jaudas un palielinot pievienoto v\u0113rt\u012bbu Latvij\u0101 ra\u017eotajiem lauksaimniec\u012bbas produktiem. Vienlaikus j\u0101\u0146em v\u0113r\u0101 ar\u012b Eiropas Za\u013c\u0101 kursa ietvaros noteiktie ierobe\u017eojumi, kas nosaka papildu pras\u012bbas un izaicin\u0101jumus lauksaimniec\u012bbas nozares ilgtsp\u0113j\u012bgai att\u012bst\u012bbai,\u201d nor\u0101da Latvijas Lauksaimniec\u012bbas kooperat\u012bvu asoci\u0101cijas valdes priek\u0161s\u0113d\u0113t\u0101js Rolands Feldmanis.<\/p>\n<p>Par KS \u201cVAKS\u201d<\/p>\n<p>Kooperat\u012bv\u0101 sabiedr\u012bba \u201cVAKS\u201d ir viens no vado\u0161ajiem lauksaimniec\u012bbas kooperat\u012bviem Latvij\u0101, kas apvieno re\u0123iona lauksaimniekus ar m\u0113r\u0137i nodro\u0161in\u0101t efekt\u012bvu graudaugu iepirkumu, uzglab\u0101\u0161anu, p\u0101rstr\u0101di un realiz\u0101ciju, k\u0101 ar\u012b sniedz da\u017e\u0101dus pakalpojumus saviem biedriem. Kooperat\u012bvs veicina lauksaimnieku sadarb\u012bbu, stiprina re\u0123iona ekonomisko att\u012bst\u012bbu un sekm\u0113 konkur\u0113tsp\u0113ju gan viet\u0113j\u0101, gan starptautiskaj\u0101 tirg\u016b.<\/p>\n<p>Par LLKA<\/p>\n<p>Latvijas Lauksaimniec\u012bbas kooperat\u012bvu asoci\u0101cija ir dibin\u0101ta 2002. gad\u0101 un apvieno lauksaimniec\u012bbas pakalpojumu kooperat\u012bv\u0101s sabiedr\u012bbas (LPKS) un me\u017esaimniec\u012bbas pakalpojumu kooperat\u012bv\u0101s sabiedr\u012bbas (MPKS), kuras str\u0101d\u0101 savu biedru interes\u0113s, samazinot to ra\u017eo\u0161anas izmaksas. Asoci\u0101cijas darb\u012bbas m\u0113r\u0137is ir rad\u012bt labv\u0113l\u012bgu vidi lauksaimnieku un me\u017esaimnieku kooper\u0101cijas att\u012bst\u012bbai un veicin\u0101t sabiedr\u012bbas izpratni par kooper\u0101cijas nepiecie\u0161am\u012bbu un priek\u0161roc\u012bb\u0101m. LLKA ir galvenais Zemkop\u012bbas ministrijas sadarb\u012bbas partneris lauksaimnieku un me\u017esaimnieku kooper\u0101cijas jaut\u0101jumu risin\u0101\u0161an\u0101. \u0160obr\u012bd LLKA ir 53 biedri.<\/p>\n<p>          <img decoding=\"async\" src=\"https:\/\/www.europesays.com\/lv\/wp-content\/uploads\/2025\/12\/1765388232_965_logo-lv.png\" alt=\"\"\/><\/p>\n<p>                  \u0160\u012b inform\u0101cija ir publisks pazi\u0146ojums un neatspogu\u013co LV port\u0101la viedokli. Par t\u0101s saturu atbild ies\u016bt\u012bt\u0101js. <a data-popup=\"rules\">Public\u0113\u0161anas noteikumi<\/a><\/p>\n","protected":false},"excerpt":{"rendered":"Ceturtdien, 11. decembr\u012b, ekonomikas ministrs Viktors Valainis re\u0123ion\u0101laj\u0101 viz\u012bt\u0113 apmekl\u0113ja Valmieru, kur notika tik\u0161an\u0101s ar kooperat\u012bv\u0101s sabiedr\u012bbas \u201cVAKS\u201d&hellip;\n","protected":false},"author":2,"featured_media":69252,"comment_status":"","ping_status":"","sticky":false,"template":"","format":"standard","meta":{"footnotes":""},"categories":[12],"tags":[23,28,29,32,33,22,30,31,35,39,38,36,37,34,40,20,26,27,24,25,21],"class_list":{"0":"post-72245","1":"post","2":"type-post","3":"status-publish","4":"format-standard","5":"has-post-thumbnail","7":"category-latvija","8":"tag-aktualitates","9":"tag-breaking-news","10":"tag-breakingnews","11":"tag-featured-news","12":"tag-featurednews","13":"tag-headlines","14":"tag-latest-news","15":"tag-latestnews","16":"tag-latvia","17":"tag-latvian","18":"tag-latviesu","19":"tag-latviesu-valoda","20":"tag-latviesuvaloda","21":"tag-latvija","22":"tag-lv","23":"tag-news","24":"tag-popularakas-zinas","25":"tag-popularakaszinas","26":"tag-top-stories","27":"tag-topstories","28":"tag-zinas"},"share_on_mastodon":{"url":"https:\/\/pubeurope.com\/@lv\/115705809956892745","error":""},"_links":{"self":[{"href":"https:\/\/www.europesays.com\/lv\/wp-json\/wp\/v2\/posts\/72245","targetHints":{"allow":["GET"]}}],"collection":[{"href":"https:\/\/www.europesays.com\/lv\/wp-json\/wp\/v2\/posts"}],"about":[{"href":"https:\/\/www.europesays.com\/lv\/wp-json\/wp\/v2\/types\/post"}],"author":[{"embeddable":true,"href":"https:\/\/www.europesays.com\/lv\/wp-json\/wp\/v2\/users\/2"}],"replies":[{"embeddable":true,"href":"https:\/\/www.europesays.com\/lv\/wp-json\/wp\/v2\/comments?post=72245"}],"version-history":[{"count":0,"href":"https:\/\/www.europesays.com\/lv\/wp-json\/wp\/v2\/posts\/72245\/revisions"}],"wp:featuredmedia":[{"embeddable":true,"href":"https:\/\/www.europesays.com\/lv\/wp-json\/wp\/v2\/media\/69252"}],"wp:attachment":[{"href":"https:\/\/www.europesays.com\/lv\/wp-json\/wp\/v2\/media?parent=72245"}],"wp:term":[{"taxonomy":"category","embeddable":true,"href":"https:\/\/www.europesays.com\/lv\/wp-json\/wp\/v2\/categories?post=72245"},{"taxonomy":"post_tag","embeddable":true,"href":"https:\/\/www.europesays.com\/lv\/wp-json\/wp\/v2\/tags?post=72245"}],"curies":[{"name":"wp","href":"https:\/\/api.w.org\/{rel}","templated":true}]}}