{"id":72272,"date":"2025-12-12T09:30:09","date_gmt":"2025-12-12T09:30:09","guid":{"rendered":"https:\/\/www.europesays.com\/lv\/72272\/"},"modified":"2025-12-12T09:30:09","modified_gmt":"2025-12-12T09:30:09","slug":"ukrainas-droni-aptur-maskavas-lidostu-darbibu-diena","status":"publish","type":"post","link":"https:\/\/www.europesays.com\/lv\/72272\/","title":{"rendered":"Ukrainas droni aptur Maskavas lidostu darb\u012bbu \/ Diena"},"content":{"rendered":"<p>Savuk\u0101rt Krievijas varasiest\u0101des pazi\u0146oju\u0161as, ka ukrai\u0146u dronu uzbrukuma d\u0113\u013c 10. decembra vakar\u0101 un nakt\u012b uz ceturtdienu vair\u0101k nek\u0101 septi\u0146as stundas tika aptur\u0113ta aviosatiksme Maskavas lidost\u0101s.<\/p>\n<p>&#13;<br \/>\n&#13;<\/p>\n<p>Ukrainska Pravda v\u0113sta,ka ar Ukrainas Dro\u0161\u012bbas dienesta specoper\u0101ciju centra Alfa t\u0101las darb\u012bbas r\u0101diusa droniem izdar\u012bti vismaz \u010detri sekm\u012bgi triecieni pa naftas ieguves platformu Kaspijas j\u016br\u0101, kas pieder uz\u0146\u0113mumam Lukoil-\u0145i\u017e\u0146evol\u017esk\u0146eftj. \u0160\u012b ir pirm\u0101 reize, kad Ukrainai izdevies nodar\u012bt post\u012bjumus Krievijas infrastrukt\u016brai, kas saist\u012bta ar naftas ieguvi Kaspijas j\u016br\u0101. Trieciena rezult\u0101t\u0101 aptur\u0113ta naftas un g\u0101zes ieguve no vair\u0101k nek\u0101 20 ieguves viet\u0101m, ko apkalpoja \u0161\u012b platforma.<\/p>\n<p>&#13;<br \/>\n&#13;<\/p>\n<p>Meduza.io, atsaucoties uz Krievijas amatpersonu un blogeru v\u0113st\u012bto, zi\u0146o, ka mas\u012bva Ukrainas dronu trieciena d\u0113\u013c bija aptur\u0113ta aviosatiksme Maskavu apkalpojo\u0161aj\u0101s lidost\u0101s Domodedov\u0101, \u0160eremetjev\u0101, Vnukov\u0101 un \u017dukovsk\u0101, liekot atcelt, aizkav\u0113t vai p\u0101rvirz\u012bt uz cit\u0101m lidost\u0101m 133 avioreisus. Krievijas Aizsardz\u012bbas ministrija apgalvoja, ka notriekti 287 ukrai\u0146u droni.<\/p>\n<p>&#13;<br \/>\n&#13;<\/p>\n<p>Dronu uzbrukums Ve\u013cikijnovgorod\u0101 izrais\u012bjis ugunsgr\u0113ku uz\u0146\u0113mum\u0101 Akron, kur ra\u017eo \u0161aujampulvera un spridzek\u013cu izgatavo\u0161anai nepiecie\u0161am\u0101s vielas.<\/p>\n<p>&#13;<\/p>\n","protected":false},"excerpt":{"rendered":"Savuk\u0101rt Krievijas varasiest\u0101des pazi\u0146oju\u0161as, ka ukrai\u0146u dronu uzbrukuma d\u0113\u013c 10. decembra vakar\u0101 un nakt\u012b uz ceturtdienu vair\u0101k nek\u0101&hellip;\n","protected":false},"author":2,"featured_media":72273,"comment_status":"","ping_status":"","sticky":false,"template":"","format":"standard","meta":{"footnotes":""},"categories":[14],"tags":[23,57,28,29,32,33,22,30,31,35,39,38,36,37,34,40,20,26,27,24,25,54,55,56,21,58],"class_list":{"0":"post-72272","1":"post","2":"type-post","3":"status-publish","4":"format-standard","5":"has-post-thumbnail","7":"category-zinas-no-arvalstim","8":"tag-aktualitates","9":"tag-arvalstim","10":"tag-breaking-news","11":"tag-breakingnews","12":"tag-featured-news","13":"tag-featurednews","14":"tag-headlines","15":"tag-latest-news","16":"tag-latestnews","17":"tag-latvia","18":"tag-latvian","19":"tag-latviesu","20":"tag-latviesu-valoda","21":"tag-latviesuvaloda","22":"tag-latvija","23":"tag-lv","24":"tag-news","25":"tag-popularakas-zinas","26":"tag-popularakaszinas","27":"tag-top-stories","28":"tag-topstories","29":"tag-world","30":"tag-world-news","31":"tag-worldnews","32":"tag-zinas","33":"tag-zinas-no-arvalstim"},"share_on_mastodon":{"url":"https:\/\/pubeurope.com\/@lv\/115705900249337720","error":""},"_links":{"self":[{"href":"https:\/\/www.europesays.com\/lv\/wp-json\/wp\/v2\/posts\/72272","targetHints":{"allow":["GET"]}}],"collection":[{"href":"https:\/\/www.europesays.com\/lv\/wp-json\/wp\/v2\/posts"}],"about":[{"href":"https:\/\/www.europesays.com\/lv\/wp-json\/wp\/v2\/types\/post"}],"author":[{"embeddable":true,"href":"https:\/\/www.europesays.com\/lv\/wp-json\/wp\/v2\/users\/2"}],"replies":[{"embeddable":true,"href":"https:\/\/www.europesays.com\/lv\/wp-json\/wp\/v2\/comments?post=72272"}],"version-history":[{"count":0,"href":"https:\/\/www.europesays.com\/lv\/wp-json\/wp\/v2\/posts\/72272\/revisions"}],"wp:featuredmedia":[{"embeddable":true,"href":"https:\/\/www.europesays.com\/lv\/wp-json\/wp\/v2\/media\/72273"}],"wp:attachment":[{"href":"https:\/\/www.europesays.com\/lv\/wp-json\/wp\/v2\/media?parent=72272"}],"wp:term":[{"taxonomy":"category","embeddable":true,"href":"https:\/\/www.europesays.com\/lv\/wp-json\/wp\/v2\/categories?post=72272"},{"taxonomy":"post_tag","embeddable":true,"href":"https:\/\/www.europesays.com\/lv\/wp-json\/wp\/v2\/tags?post=72272"}],"curies":[{"name":"wp","href":"https:\/\/api.w.org\/{rel}","templated":true}]}}