{"id":72288,"date":"2025-12-12T09:44:08","date_gmt":"2025-12-12T09:44:08","guid":{"rendered":"https:\/\/www.europesays.com\/lv\/72288\/"},"modified":"2025-12-12T09:44:08","modified_gmt":"2025-12-12T09:44:08","slug":"ratnieks-aptur-lemumprojektu-par-rigas-namu-parvaldnieka-pardosanu","status":"publish","type":"post","link":"https:\/\/www.europesays.com\/lv\/72288\/","title":{"rendered":"Ratnieks aptur l\u0113mumprojektu par \u201cR\u012bgas namu p\u0101rvaldnieka\u201d p\u0101rdo\u0161anu"},"content":{"rendered":"<p>Vi\u0146apr\u0101t, ir kvalitat\u012bvi j\u0101izv\u0113rt\u0113 visi iesp\u0113jamie scen\u0101riji, lai tas b\u016btu pa\u0161vald\u012bbas un r\u012bdzinieku interes\u0113s.<\/p>\n<p>\u201c\u0160obr\u012bd pirm\u0161\u0137ietami rodas saj\u016bta, ka \u0161is ir uz\u0146\u0113muma interes\u0113s,\u201d nor\u0101da Ratnieks.<\/p>\n<p>LETA jau zi\u0146oja, ka R\u012bgas dom\u0113 sagatavots l\u0113mumprojekts, kas paredz p\u0101rdot pa\u0161vald\u012bbai piedero\u0161o RNP.<\/p>\n<p>Lai nodro\u0161in\u0101tu kapit\u0101lsabiedr\u012bbas akciju p\u0101rdo\u0161anu v\u0113rtspap\u012bru publiskaj\u0101 pied\u0101v\u0101jum\u0101, RNP pl\u0101nots reorganiz\u0113t, p\u0101rveidojot to par akciju sabiedr\u012bbu.<\/p>\n<p>Saska\u0146\u0101 ar min\u0113to l\u0113mumprojektu, s\u0101kotn\u0113ji pl\u0101nots p\u0101rdot RNP akciju kontrolpaketi, izsakot publisko pied\u0101v\u0101jumu attiec\u012bb\u0101 uz 51% uz\u0146\u0113muma akciju un iek\u013caujot vair\u0101kuma akcijas Baltijas regul\u0113taj\u0101 v\u0113rtspap\u012bru tirg\u016b un s\u0101kot to tirdzniec\u012bbu Baltijas ofici\u0101laj\u0101 sarakst\u0101.<\/p>\n<p>P\u0113c tam, kad b\u016bs p\u0101rdotas vair\u0101kuma akcijas, pl\u0101nots p\u0101rdot atliku\u0161\u0101s kapit\u0101la da\u013cas.<\/p>\n<p>Lai nodro\u0161in\u0101tu pla\u0161u investoru un sabiedr\u012bbas l\u012bdzdal\u012bbu, iecer\u0113ts noteikt, ka publiskais pied\u0101v\u0101jums tiks izteikts ar\u012b priv\u0101tajiem ieguld\u012bt\u0101jiem un atsevi\u0161\u0137iem investoriem, tiem pied\u0101v\u0101jot ieg\u0101d\u0101ties l\u012bdz 15% no kapit\u0101lsabiedr\u012bbas akcij\u0101m.<\/p>\n<p>Iecer\u0113ts, ka R\u012bgas pa\u0161vald\u012bbas l\u012bdzdal\u012bba RNP tiks p\u0101rtraukta, izbeidzot pa\u0161vald\u012bbas iz\u0161\u0137iro\u0161o ietekmi uz\u0146\u0113mum\u0101 ne v\u0113l\u0101k k\u0101 l\u012bdz 2027. gada beig\u0101m, bet piln\u012bb\u0101 p\u0101rtraucot l\u012bdzdal\u012bbu l\u012bdz 2028. gada beig\u0101m.<\/p>\n<p>Namu apsaimnieko\u0161anas uz\u0146\u0113mums RNP patlaban piln\u012bb\u0101 pieder R\u012bgas domei. T\u0101 apgroz\u012bjums 2024. gad\u0101 bija 80,569 miljoni eiro, kas ir par 8,55% vair\u0101k nek\u0101 2023. gad\u0101, un uz\u0146\u0113mums nopeln\u012bja devi\u0146us miljonus eiro. RNP str\u0101d\u0101 aptuveni 2000 cilv\u0113ku, uz\u0146\u0113mums p\u0101rvalda ap 3500 \u0113ku.<\/p>\n<p class=\"tv3-fw-500\">Zi\u0146o par k\u013c\u016bdu rakst\u0101<\/p>\n<p class=\"d-md-block d-none\">Iez\u012bm\u0113 k\u013c\u016bdaino tekstu un spied Ctrl+Enter.<\/p>\n<p class=\"d-md-none d-block\">Iez\u012bm\u0113 k\u013c\u016bdaino tekstu un zi\u0146o par to!<\/p>\n","protected":false},"excerpt":{"rendered":"Vi\u0146apr\u0101t, ir kvalitat\u012bvi j\u0101izv\u0113rt\u0113 visi iesp\u0113jamie scen\u0101riji, lai tas b\u016btu pa\u0161vald\u012bbas un r\u012bdzinieku interes\u0113s. \u201c\u0160obr\u012bd pirm\u0161\u0137ietami rodas saj\u016bta,&hellip;\n","protected":false},"author":2,"featured_media":72289,"comment_status":"","ping_status":"","sticky":false,"template":"","format":"standard","meta":{"footnotes":""},"categories":[5],"tags":[23,28,29,18376,32,33,22,30,31,35,39,38,36,37,34,40,20,26,27,24,25,21],"class_list":{"0":"post-72288","1":"post","2":"type-post","3":"status-publish","4":"format-standard","5":"has-post-thumbnail","7":"category-aktualitates","8":"tag-aktualitates","9":"tag-breaking-news","10":"tag-breakingnews","11":"tag-edvards-ratnieksrigas-namu-parvaldnieks","12":"tag-featured-news","13":"tag-featurednews","14":"tag-headlines","15":"tag-latest-news","16":"tag-latestnews","17":"tag-latvia","18":"tag-latvian","19":"tag-latviesu","20":"tag-latviesu-valoda","21":"tag-latviesuvaloda","22":"tag-latvija","23":"tag-lv","24":"tag-news","25":"tag-popularakas-zinas","26":"tag-popularakaszinas","27":"tag-top-stories","28":"tag-topstories","29":"tag-zinas"},"share_on_mastodon":{"url":"https:\/\/pubeurope.com\/@lv\/115705955252287946","error":""},"_links":{"self":[{"href":"https:\/\/www.europesays.com\/lv\/wp-json\/wp\/v2\/posts\/72288","targetHints":{"allow":["GET"]}}],"collection":[{"href":"https:\/\/www.europesays.com\/lv\/wp-json\/wp\/v2\/posts"}],"about":[{"href":"https:\/\/www.europesays.com\/lv\/wp-json\/wp\/v2\/types\/post"}],"author":[{"embeddable":true,"href":"https:\/\/www.europesays.com\/lv\/wp-json\/wp\/v2\/users\/2"}],"replies":[{"embeddable":true,"href":"https:\/\/www.europesays.com\/lv\/wp-json\/wp\/v2\/comments?post=72288"}],"version-history":[{"count":0,"href":"https:\/\/www.europesays.com\/lv\/wp-json\/wp\/v2\/posts\/72288\/revisions"}],"wp:featuredmedia":[{"embeddable":true,"href":"https:\/\/www.europesays.com\/lv\/wp-json\/wp\/v2\/media\/72289"}],"wp:attachment":[{"href":"https:\/\/www.europesays.com\/lv\/wp-json\/wp\/v2\/media?parent=72288"}],"wp:term":[{"taxonomy":"category","embeddable":true,"href":"https:\/\/www.europesays.com\/lv\/wp-json\/wp\/v2\/categories?post=72288"},{"taxonomy":"post_tag","embeddable":true,"href":"https:\/\/www.europesays.com\/lv\/wp-json\/wp\/v2\/tags?post=72288"}],"curies":[{"name":"wp","href":"https:\/\/api.w.org\/{rel}","templated":true}]}}