{"id":72294,"date":"2025-12-12T09:47:09","date_gmt":"2025-12-12T09:47:09","guid":{"rendered":"https:\/\/www.europesays.com\/lv\/72294\/"},"modified":"2025-12-12T09:47:09","modified_gmt":"2025-12-12T09:47:09","slug":"informacija-par-buvniecibas-objektu-uzraudzibu-2","status":"publish","type":"post","link":"https:\/\/www.europesays.com\/lv\/72294\/","title":{"rendered":"Inform\u0101cija par b\u016bvniec\u012bbas objektu uzraudz\u012bbu"},"content":{"rendered":"<p>B\u016bvniec\u012bbas administrat\u012bv\u0101 inspekcija inform\u0113, ka laika period\u0101 no \u0161\u012b gada 8. decembra l\u012bdz 12. decembrim veicot objektu pie\u0146em\u0161anu ekspluat\u0101cij\u0101 apsekoja tr\u012bspadsmit objektus, k\u0101 rezult\u0101t\u0101 ekspluat\u0101cij\u0101 pie\u0146emti sekojo\u0161i objekti:<\/p>\n<p>1.Lietus kanaliz\u0101cijas kolektoru atjauno\u0161ana ar oder\u0113\u0161anas metodi In\u017eenieru iel\u0101 posm\u0101 no Kato\u013cu ielas l\u012bdz Kuld\u012bgas ielai, Ventspil\u012b<\/p>\n<p>b\u016bvniec\u012bbas ierosin\u0101t\u0101js \u2013 P\/i \u201cVentspils Komun\u0101l\u0101 p\u0101rvalde\u201d<\/p>\n<p>b\u016bvdarbu veic\u0113js \u2013 SIA \u201cVERNUS\u201d<\/p>\n<p>2.Publisk\u0101 infrastrukt\u016bra Ventspils industri\u0101l\u0101 parka att\u012bst\u012bbai \u2013 6. k\u0101rta<\/p>\n<p>b\u016bvniec\u012bbas ierosin\u0101t\u0101js \u2013 P\/i \u201cVentspils Osta\u201d, PSIA \u201c\u016aDEKA<\/p>\n<p>b\u016bvdarbu veic\u0113js \u2013 SIA \u201cTruck Solutions\u201d<\/p>\n<p>3.\u017doga izb\u016bve Me\u017ea kapu papla\u0161in\u0101mai teritorijai, Ventspil\u012b \u2013 2.k\u0101rta<\/p>\n<p>b\u016bvniec\u012bbas ierosin\u0101t\u0101js \u2013 P\/i \u201cVentspils Komun\u0101l\u0101 p\u0101rvalde\u201d<\/p>\n<p>b\u016bvdarbu veic\u0113js \u2013 SIA \u201cVENTA 1\u201d<\/p>\n<p>4.Saimniec\u012bbas \u0113kas p\u0101rb\u016bve, dz\u012bvojam\u0101s m\u0101jas p\u0101rpl\u0101no\u0161ana, nojumes un siltumn\u012bcas novieto\u0161ana Stirnu iel\u0101 1, Ventspil\u012b.<\/p>\n<p>5.Pal\u012bg\u0113kas jaunb\u016bve S\u0101rnates iel\u0101 65, Ventspil\u012b<\/p>\n<p>6.Dz\u012bvojam\u0101s m\u0101jas g\u0101zes apg\u0101des izb\u016bve Pu\u0137u iel\u0101 56, Ventspil\u012b<\/p>\n<p>7.Dz\u012bvojam\u0101s m\u0101jas vienk\u0101r\u0161ot\u0101 p\u0101rb\u016bve Ausek\u013ca iel\u0101 20, Ventspil\u012b<\/p>\n<p>8.Dz\u012bvok\u013ca vienk\u0101r\u0161ot\u0101 atjauno\u0161ana P. Stradi\u0146a iel\u0101 17-2, Ventspil\u012b<\/p>\n<p>9.Dz\u012bvok\u013ca vienk\u0101r\u0161ot\u0101 atjauno\u0161ana L\u0101\u010dpl\u0113\u0161a iel\u0101 3-6, Ventspil\u012b<\/p>\n<p>10.Dz\u012bvok\u013ca vienk\u0101r\u0161ot\u0101 atjauno\u0161ana In\u017eenieru iel\u0101 71-19, Ventspil\u012b<\/p>\n<p>11.Veikala \u0113kas koplieto\u0161anas telpu vienk\u0101r\u0161ota atjauno\u0161ana Pils iel\u0101 16, Ventspil\u012b<\/p>\n<p>12.Mobilo sakaru b\u0101zes stacijas \u201cVentspilsLE\u201d ier\u012bko\u0161ana Zvaig\u017e\u0146u iel\u0101 5, Ventspil\u012b.<\/p>\n<p>13.Kabe\u013cu kanaliz\u0101cijas izb\u016bve dro\u0161\u012bbas sist\u0113mas vajadz\u012bb\u0101m Zvaig\u017e\u0146u iel\u0101 5, Ventspil\u012b.<\/p>\n","protected":false},"excerpt":{"rendered":"B\u016bvniec\u012bbas administrat\u012bv\u0101 inspekcija inform\u0113, ka laika period\u0101 no \u0161\u012b gada 8. decembra l\u012bdz 12. decembrim veicot objektu pie\u0146em\u0161anu&hellip;\n","protected":false},"author":2,"featured_media":72295,"comment_status":"","ping_status":"","sticky":false,"template":"","format":"standard","meta":{"footnotes":""},"categories":[16],"tags":[77,76,35,39,38,36,37,34,40],"class_list":{"0":"post-72294","1":"post","2":"type-post","3":"status-publish","4":"format-standard","5":"has-post-thumbnail","7":"category-bizness","8":"tag-bizness","9":"tag-business","10":"tag-latvia","11":"tag-latvian","12":"tag-latviesu","13":"tag-latviesu-valoda","14":"tag-latviesuvaloda","15":"tag-latvija","16":"tag-lv"},"share_on_mastodon":{"url":"https:\/\/pubeurope.com\/@lv\/115705966953041239","error":""},"_links":{"self":[{"href":"https:\/\/www.europesays.com\/lv\/wp-json\/wp\/v2\/posts\/72294","targetHints":{"allow":["GET"]}}],"collection":[{"href":"https:\/\/www.europesays.com\/lv\/wp-json\/wp\/v2\/posts"}],"about":[{"href":"https:\/\/www.europesays.com\/lv\/wp-json\/wp\/v2\/types\/post"}],"author":[{"embeddable":true,"href":"https:\/\/www.europesays.com\/lv\/wp-json\/wp\/v2\/users\/2"}],"replies":[{"embeddable":true,"href":"https:\/\/www.europesays.com\/lv\/wp-json\/wp\/v2\/comments?post=72294"}],"version-history":[{"count":0,"href":"https:\/\/www.europesays.com\/lv\/wp-json\/wp\/v2\/posts\/72294\/revisions"}],"wp:featuredmedia":[{"embeddable":true,"href":"https:\/\/www.europesays.com\/lv\/wp-json\/wp\/v2\/media\/72295"}],"wp:attachment":[{"href":"https:\/\/www.europesays.com\/lv\/wp-json\/wp\/v2\/media?parent=72294"}],"wp:term":[{"taxonomy":"category","embeddable":true,"href":"https:\/\/www.europesays.com\/lv\/wp-json\/wp\/v2\/categories?post=72294"},{"taxonomy":"post_tag","embeddable":true,"href":"https:\/\/www.europesays.com\/lv\/wp-json\/wp\/v2\/tags?post=72294"}],"curies":[{"name":"wp","href":"https:\/\/api.w.org\/{rel}","templated":true}]}}