{"id":72316,"date":"2025-12-12T10:13:07","date_gmt":"2025-12-12T10:13:07","guid":{"rendered":"https:\/\/www.europesays.com\/lv\/72316\/"},"modified":"2025-12-12T10:13:07","modified_gmt":"2025-12-12T10:13:07","slug":"jurmalas-baznicas-aicina-uz-ziemassvetku-un-jauna-gada-dievkalpojumiem-jauns-lv","status":"publish","type":"post","link":"https:\/\/www.europesays.com\/lv\/72316\/","title":{"rendered":"J\u016brmalas bazn\u012bcas aicina uz Ziemassv\u0113tku un Jaun\u0101 gada dievkalpojumiem &#8211; Jauns.lv"},"content":{"rendered":"<ol>\n<li><a href=\"https:\/\/news.google.com\/rss\/articles\/CBMiqwFBVV95cUxNM1BxZmZfUWxwQWFJUXIwZTZNQlNveWEyX2xpRlRBNnRoYVpGcEdFcWI4NkU4WFN2WTZNTEVTdHpkUHpyeDRpRXVHZnpwUDFCbjZaZngtRzcxM1JuRVFrUEJPYWhHZWttcnRaYzRaVmFGYUlmTG5MZ0toamdYenYtMHJIQkc4Tld4NlZGVXN0R2RSSnphTEJhdmVkOV82bGZuek81eXRNaW9ZcDg?oc=5\" target=\"_blank\" rel=\"nofollow noopener\">J\u016brmalas bazn\u012bcas aicina uz Ziemassv\u0113tku un Jaun\u0101 gada dievkalpojumiem<\/a>&nbsp;&nbsp;Jauns.lv<\/li>\n<li><a href=\"https:\/\/news.google.com\/rss\/articles\/CBMiowFBVV95cUxQc3ZYYUhXU3dmelI2alZWV1NTZzQxTGwtMTJRQUZlZVIxVVljLTlhX2hfZUFrZjE1eElIaTBJa054SkN5QllfbnV1ZnFQSS1hTU4wUzk0aHB2S1dIdEhsMm4xcFdteG5iRU5fMF9JdGhiUnVyVGprWVZrNUppUnJIdk1VcjAzQ3Uyb1plT3BmTFBHMnN0eXRLd0U2bG5QWmpRN1dV?oc=5\" target=\"_blank\" rel=\"nofollow noopener\">\u0122imenes ar b\u0113rniem aicin\u0101tas uz Ziemassv\u0113tku pas\u0101kumu Kauguru park\u0101<\/a>&nbsp;&nbsp;J\u016brmalas valstspils\u0113tas pa\u0161vald\u012bba<\/li>\n<li><a href=\"https:\/\/news.google.com\/rss\/articles\/CBMipAFBVV95cUxNWnpDLVo5bDFheFRFcEdJUHJVWGRpbFlVSF8xNTlRekdEaENwUThNclRhemNOUXptNlp5Q05xUFlKeWpIZ3hYV0VMd2Y1ZklpQXlBeDM2bThnVGhib1pZUUNtc2xjNWhGS0laZXJQNDlMZUt1SzdEaXV5SnR3UkxuTXNNRkRVRnY2Z0EtdU03d09UM251bXNNNkV4cGhzYVAzZzduMQ?oc=5\" target=\"_blank\" rel=\"nofollow noopener\">FOTO. Cik skaisti! Ja R\u012bga apnikusi, Ogr\u0113 b\u016bts, brauc skat\u012bt lampi\u0146u kr\u0101\u0161\u0146umu uz J\u016brmalu<\/a>&nbsp;&nbsp;LA.LV<\/li>\n<li><a href=\"https:\/\/news.google.com\/rss\/articles\/CBMi1gFBVV95cUxPTVlNaFlxQlpYdUkwVzNGSHZjTEN6Q0ZOajVZWTUzbHlNdGtJWjhmcS1wMmY2WU9yeVg5SHBlSjJhMllYVzBpVFg4V3hHcXVnMEg5bWFfU0Y2X2htbFR1SExJV25Ma0MyNHpCR1lsTWQ1RTQyU09uR29SUnlJNHNYNjFtUE9wTDh2RlVoSzh1Ui1oblV1WXVucTYwUVdfQkpLa0VmQzBnTHdFa1hGclFSUkR6aHFPUXA5ODR4cGRGdEVSTWNJNmNTQmtONzNXeWxyVmFqamRR?oc=5\" target=\"_blank\" rel=\"nofollow noopener\">J\u016brmala mirdz sv\u0113tku ugun\u012bs: no Majoru l\u012bdz Kauguriem iedegti Ziemassv\u0113tku dekori<\/a>&nbsp;&nbsp;Lente.lv<\/li>\n<li><a href=\"https:\/\/news.google.com\/rss\/articles\/CBMijgFBVV95cUxQNGUtUnpmVDZIdUpQSC1IdVN3aC1KYjR4cXkwVjRNMERTYmxOaDRfNHFRY01uM2o0dE45WjNNZFNhUTJkdi1YQmlIOXRHLWduNVBuYUlhQXlHUVRON1BhRmNvclJqZEIxMjEzaDUwaHFEcVhwbHZQRDBVYW51cXhSXzVDaWhMNmw4MDg3dzl3?oc=5\" target=\"_blank\" rel=\"nofollow noopener\">Ziemassv\u0113tku laika un gadu mijas pas\u0101kumi J\u016brmal\u0101<\/a>&nbsp;&nbsp;J\u016brmalas valstspils\u0113tas pa\u0161vald\u012bba<\/li>\n<\/ol>\n","protected":false},"excerpt":{"rendered":"J\u016brmalas bazn\u012bcas aicina uz Ziemassv\u0113tku un Jaun\u0101 gada dievkalpojumiem&nbsp;&nbsp;Jauns.lv \u0122imenes ar b\u0113rniem aicin\u0101tas uz Ziemassv\u0113tku pas\u0101kumu Kauguru park\u0101&nbsp;&nbsp;J\u016brmalas&hellip;\n","protected":false},"author":2,"featured_media":72317,"comment_status":"","ping_status":"","sticky":false,"template":"","format":"standard","meta":{"footnotes":""},"categories":[12],"tags":[23,28,29,32,33,22,30,31,35,39,38,36,37,34,40,20,26,27,24,25,21],"class_list":{"0":"post-72316","1":"post","2":"type-post","3":"status-publish","4":"format-standard","5":"has-post-thumbnail","7":"category-latvija","8":"tag-aktualitates","9":"tag-breaking-news","10":"tag-breakingnews","11":"tag-featured-news","12":"tag-featurednews","13":"tag-headlines","14":"tag-latest-news","15":"tag-latestnews","16":"tag-latvia","17":"tag-latvian","18":"tag-latviesu","19":"tag-latviesu-valoda","20":"tag-latviesuvaloda","21":"tag-latvija","22":"tag-lv","23":"tag-news","24":"tag-popularakas-zinas","25":"tag-popularakaszinas","26":"tag-top-stories","27":"tag-topstories","28":"tag-zinas"},"share_on_mastodon":{"url":"https:\/\/pubeurope.com\/@lv\/115706069319260584","error":""},"_links":{"self":[{"href":"https:\/\/www.europesays.com\/lv\/wp-json\/wp\/v2\/posts\/72316","targetHints":{"allow":["GET"]}}],"collection":[{"href":"https:\/\/www.europesays.com\/lv\/wp-json\/wp\/v2\/posts"}],"about":[{"href":"https:\/\/www.europesays.com\/lv\/wp-json\/wp\/v2\/types\/post"}],"author":[{"embeddable":true,"href":"https:\/\/www.europesays.com\/lv\/wp-json\/wp\/v2\/users\/2"}],"replies":[{"embeddable":true,"href":"https:\/\/www.europesays.com\/lv\/wp-json\/wp\/v2\/comments?post=72316"}],"version-history":[{"count":0,"href":"https:\/\/www.europesays.com\/lv\/wp-json\/wp\/v2\/posts\/72316\/revisions"}],"wp:featuredmedia":[{"embeddable":true,"href":"https:\/\/www.europesays.com\/lv\/wp-json\/wp\/v2\/media\/72317"}],"wp:attachment":[{"href":"https:\/\/www.europesays.com\/lv\/wp-json\/wp\/v2\/media?parent=72316"}],"wp:term":[{"taxonomy":"category","embeddable":true,"href":"https:\/\/www.europesays.com\/lv\/wp-json\/wp\/v2\/categories?post=72316"},{"taxonomy":"post_tag","embeddable":true,"href":"https:\/\/www.europesays.com\/lv\/wp-json\/wp\/v2\/tags?post=72316"}],"curies":[{"name":"wp","href":"https:\/\/api.w.org\/{rel}","templated":true}]}}