{"id":72318,"date":"2025-12-12T10:14:14","date_gmt":"2025-12-12T10:14:14","guid":{"rendered":"https:\/\/www.europesays.com\/lv\/72318\/"},"modified":"2025-12-12T10:14:14","modified_gmt":"2025-12-12T10:14:14","slug":"es-budzeta-piedavajums-draud-latvijas-zemniekiem-ar-zemakajiem-tiesmaksajumiem-eiropa-lente-lv","status":"publish","type":"post","link":"https:\/\/www.europesays.com\/lv\/72318\/","title":{"rendered":"ES bud\u017eeta pied\u0101v\u0101jums draud Latvijas zemniekiem ar zem\u0101kajiem tie\u0161maks\u0101jumiem Eirop\u0101\u00a0\u2014\u00a0Lente.lv"},"content":{"rendered":"<p>Latvijas lauksaimnieki n\u0101kotn\u0113 var saskarties ar zem\u0101kajiem ES tie\u0161maks\u0101jumiem Eirop\u0101<\/p>\n<p>Gaid\u0101mais Eiropas Savien\u012bbas (ES) daudzgadu bud\u017eeta pied\u0101v\u0101jums rada nopietnas ba\u017eas lauksaimnieku vid\u016b, jo tas paredz, ka no 2028. gada Latvijas zemnieki var\u0113tu sa\u0146emt vien 74% no ES vid\u0113jiem tie\u0161maks\u0101jumiem. \u0160is r\u0101d\u012bt\u0101js ir prognoz\u0113ts k\u0101 zem\u0101kais vis\u0101 Eiropas Savien\u012bb\u0101, radot spiedienu uz nozares konkur\u0113tsp\u0113ju un ilgtsp\u0113ju. Biedr\u012bbas &#8220;Zemnieku saeima&#8221; p\u0101rst\u0101vji \u0161o situ\u0101ciju raksturo k\u0101 kategoriski nepie\u0146emamu, uzsverot, ka t\u0101 nevis samazina at\u0161\u0137ir\u012bbas starp dal\u012bbvalst\u012bm, bet gan palielina plaisu starp Latvijas un citu valstu lauksaimniekiem. Tas noz\u012bm\u0113tu, ka Latvijas lauksaimniec\u012bba atkal tiek nost\u0101d\u012bta p\u0113d\u0113j\u0101 viet\u0101 Eirop\u0101, apgr\u016btinot izdz\u012bvo\u0161anu un att\u012bst\u012bbu.<\/p>\n<p>Neapmierin\u0101t\u012bba un aicin\u0101jums aizst\u0101v\u0113t nozari<\/p>\n<p>Organiz\u0101cija &#8220;Zemnieku saeima&#8221; jau akt\u012bvi pau\u017e savu satraukumu un aicina Latvijas valsti stingri iest\u0101ties par savu lauksaimnieku interes\u0113m, pieprasot piln\u012bgu tie\u0161maks\u0101jumu izl\u012bdzin\u0101\u0161anu Eiropas Savien\u012bbas l\u012bmen\u012b. K\u0101 minim\u0101li pie\u0146emams kompromiss n\u0101kamajam pl\u0101no\u0161anas periodam tiek izvirz\u012bts bud\u017eets, kas nodro\u0161in\u0101tu vismaz 90% no ES vid\u0113j\u0101 lauksaimniec\u012bbas atbalsta maks\u0101juma apm\u0113ra. Lai \u0161o m\u0113r\u0137i sasniegtu, nepiecie\u0161ams papildu finans\u0113jums, kas p\u0101rsniegtu Eiropas Komisijas (EK) pa\u0161laik iez\u012bm\u0113tos l\u012bdzek\u013cus Latvijai lauksaimniec\u012bbai n\u0101kamajam periodam (2028.-2034. gads). <\/p>\n<blockquote><p>&#8220;Kam\u0113r citas valstis invest\u0113 sav\u0101 att\u012bst\u012bb\u0101, Latvijas lauksaimniec\u012bba atkal tiek nost\u0101d\u012bta p\u0113d\u0113j\u0101 viet\u0101 Eirop\u0101, kur gadu no gada j\u0101c\u012bn\u0101s par izdz\u012bvo\u0161anu,&#8221; uzsver &#8220;Zemnieku saeimas&#8221; valdes priek\u0161s\u0113d\u0113t\u0101ja vietniece Maira Dzelzkal\u0113ja-Burmistre.<\/p><\/blockquote>\n<p>Tiek uzsv\u0113rts, ka piln\u012bga tie\u0161maks\u0101jumu izl\u012bdzin\u0101\u0161ana ne tikai pal\u012bdz\u0113tu valsts ekonomikai, bet ar\u012b ilgtermi\u0146\u0101 padar\u012btu viet\u0113jo p\u0101rtiku l\u0113t\u0101ku pat\u0113r\u0113t\u0101jiem. Lai gan kop\u0113jais lauksaimniec\u012bbai paredz\u0113tais finans\u0113jums ES bud\u017eet\u0101 joproj\u0101m ir iev\u0113rojams, t\u0101 \u012bpatsvars no kop\u0113j\u0101 ES bud\u017eeta pak\u0101peniski sar\u016bk, galvenok\u0101rt d\u0113\u013c kop\u0113j\u0101 ES bud\u017eeta pieauguma. Tas rada ba\u017eas par to, ka valstis ar maz\u0101k stingriem lauksaimniec\u012bbas standartiem var\u0113tu viegl\u0101k konkur\u0113t Eiropas tirg\u016b.<\/p>\n<p>ES bud\u017eeta reforma un t\u0101s sekas Latvijai<\/p>\n<p>EK priek\u0161likums n\u0101kamajam daudzgadu finan\u0161u pl\u0101nam (2028.-2034. gadam) paredz ar\u012b b\u016btiskas reformas lauksaimniec\u012bbas politikas \u012bsteno\u0161an\u0101. Viens no galvenajiem satraukumiem ir priek\u0161likums apvienot Koh\u0113zijas fondu un lauksaimniec\u012bbas politikas programmas vien\u0101 finans\u0113juma sadales meh\u0101nism\u0101. &#8220;Zemnieku saeima&#8221; pau\u017e ba\u017eas, ka \u0161\u0101ds solis faktiski izn\u012bcin\u0101tu Kop\u0113jo lauksaimniec\u012bbas politiku k\u0101 atsevi\u0161\u0137u politikas virzienu, apdraudot saimniec\u012bbu dz\u012bvotsp\u0113ju, lauku apdz\u012bvot\u012bbu un p\u0101rtikas dro\u0161\u012bbu gan Latvij\u0101, gan vis\u0101 ES. Tas var\u0113tu rad\u012bt sare\u017e\u0123\u012bt\u0101ku un birokr\u0101tiski smagn\u0113j\u0101ku politiku, jo katram jaunajam fondam b\u016btu savi m\u0113r\u0137i un atbilst\u012bbas krit\u0113riji.<\/p>\n<p>Lai gan EK apgalvo, ka satraukumam nav pamata un aktivit\u0101tes var\u0113tu tikt finans\u0113tas no citiem jauniem Eiropas fondiem, organiz\u0101cija nor\u0101da, ka tas piln\u012bgi noteikti noz\u012bm\u0113tu daudz sare\u017e\u0123\u012bt\u0101ku un birokr\u0101tisku politiku. \u0160\u012b situ\u0101cija ir \u012bpa\u0161i satrauco\u0161a Latvijas lauksaimniekiem, jo tas var\u0113tu noz\u012bm\u0113t izteikti maz\u0101k naudas lauksaimniec\u012bbai, iesp\u0113jams, pat par 30%, k\u0101 ar\u012b maz\u0101k l\u012bdzek\u013cu koh\u0113zijai. Turkl\u0101t, l\u012bdzek\u013ci arvien vair\u0101k var\u0113tu aiziet uz nacion\u0101laj\u0101m vald\u012bb\u0101m, nevis tie\u0161i lauksaimniekiem. Tas rad\u012btu situ\u0101ciju, ka zemniekiem n\u0101ktos konkur\u0113t par finans\u0113jumu ar cit\u0101m pa\u0161vald\u012bbu vajadz\u012bb\u0101m, piem\u0113ram, infrastrukt\u016bras projektiem.<\/p>\n<p>V\u0113sturisks konteksts un nepiecie\u0161am\u0101s izmai\u0146as<\/p>\n<p>Latvijas lauksaimnieki jau gadiem saskaras ar zem\u0101kiem tie\u0161maks\u0101jumu apm\u0113riem sal\u012bdzin\u0101jum\u0101 ar daudz\u0101m cit\u0101m ES dal\u012bbvalst\u012bm. K\u0101 viens no iemesliem agr\u0101k min\u0113ts tas, ka par atskaites periodu izmantoti gadi, kad Latvij\u0101 notika p\u0101reja no kolekt\u012bv\u0101s uz individu\u0101lo saimnieko\u0161anu, kas neatskait\u012bja re\u0101lo lauksaimniec\u012bbas potenci\u0101lu. Lai gan lauksaimnieku ien\u0101kumi Latvij\u0101 p\u0113d\u0113jos gados ir palielin\u0101ju\u0161ies un to \u012bpatsvars pret ES vid\u0113jo r\u0101d\u012bt\u0101ju ir audzis, kop\u0113j\u0101 situ\u0101cija un prognozes n\u0101kotnei joproj\u0101m rada ba\u017eas. Ir svar\u012bgi, lai Latvijas valsts un t\u0101s p\u0101rst\u0101vji Eiropas instit\u016bcij\u0101s akt\u012bvi aizst\u0101v\u0113tu nozares intereses, pan\u0101kot taisn\u012bg\u0101kus atbalsta nosac\u012bjumus un izl\u012bdzin\u0101tus tie\u0161maks\u0101jumus, kas \u013cautu nodro\u0161in\u0101t nozares konkur\u0113tsp\u0113ju un ilgtsp\u0113j\u012bgu att\u012bst\u012bbu ar\u012b turpm\u0101k.<\/p>\n","protected":false},"excerpt":{"rendered":"Latvijas lauksaimnieki n\u0101kotn\u0113 var saskarties ar zem\u0101kajiem ES tie\u0161maks\u0101jumiem Eirop\u0101 Gaid\u0101mais Eiropas Savien\u012bbas (ES) daudzgadu bud\u017eeta pied\u0101v\u0101jums rada&hellip;\n","protected":false},"author":2,"featured_media":72319,"comment_status":"","ping_status":"","sticky":false,"template":"","format":"standard","meta":{"footnotes":""},"categories":[5],"tags":[23,28,29,14280,32,33,22,30,31,35,39,38,36,37,34,3604,18390,40,20,26,27,18389,24,25,12369,21],"class_list":{"0":"post-72318","1":"post","2":"type-post","3":"status-publish","4":"format-standard","5":"has-post-thumbnail","7":"category-aktualitates","8":"tag-aktualitates","9":"tag-breaking-news","10":"tag-breakingnews","11":"tag-es-budzets","12":"tag-featured-news","13":"tag-featurednews","14":"tag-headlines","15":"tag-latest-news","16":"tag-latestnews","17":"tag-latvia","18":"tag-latvian","19":"tag-latviesu","20":"tag-latviesu-valoda","21":"tag-latviesuvaloda","22":"tag-latvija","23":"tag-latvijas-lauksaimnieki","24":"tag-lauksaimniecibas-politika","25":"tag-lv","26":"tag-news","27":"tag-popularakas-zinas","28":"tag-popularakaszinas","29":"tag-tiesmaksajumi","30":"tag-top-stories","31":"tag-topstories","32":"tag-zemnieku-saeima","33":"tag-zinas"},"share_on_mastodon":{"url":"https:\/\/pubeurope.com\/@lv\/115706073119249537","error":""},"_links":{"self":[{"href":"https:\/\/www.europesays.com\/lv\/wp-json\/wp\/v2\/posts\/72318","targetHints":{"allow":["GET"]}}],"collection":[{"href":"https:\/\/www.europesays.com\/lv\/wp-json\/wp\/v2\/posts"}],"about":[{"href":"https:\/\/www.europesays.com\/lv\/wp-json\/wp\/v2\/types\/post"}],"author":[{"embeddable":true,"href":"https:\/\/www.europesays.com\/lv\/wp-json\/wp\/v2\/users\/2"}],"replies":[{"embeddable":true,"href":"https:\/\/www.europesays.com\/lv\/wp-json\/wp\/v2\/comments?post=72318"}],"version-history":[{"count":0,"href":"https:\/\/www.europesays.com\/lv\/wp-json\/wp\/v2\/posts\/72318\/revisions"}],"wp:featuredmedia":[{"embeddable":true,"href":"https:\/\/www.europesays.com\/lv\/wp-json\/wp\/v2\/media\/72319"}],"wp:attachment":[{"href":"https:\/\/www.europesays.com\/lv\/wp-json\/wp\/v2\/media?parent=72318"}],"wp:term":[{"taxonomy":"category","embeddable":true,"href":"https:\/\/www.europesays.com\/lv\/wp-json\/wp\/v2\/categories?post=72318"},{"taxonomy":"post_tag","embeddable":true,"href":"https:\/\/www.europesays.com\/lv\/wp-json\/wp\/v2\/tags?post=72318"}],"curies":[{"name":"wp","href":"https:\/\/api.w.org\/{rel}","templated":true}]}}