{"id":72324,"date":"2025-12-12T10:22:11","date_gmt":"2025-12-12T10:22:11","guid":{"rendered":"https:\/\/www.europesays.com\/lv\/72324\/"},"modified":"2025-12-12T10:22:11","modified_gmt":"2025-12-12T10:22:11","slug":"latvijas-florbola-savieniba-lv-2025-2026-jaunumi-fk-valka-iglu-izrauj-uzvaru-par-valmieriesiem","status":"publish","type":"post","link":"https:\/\/www.europesays.com\/lv\/72324\/","title":{"rendered":"Latvijas Florbola savien\u012bba \u00bb LV \u00bb 2025\/2026 \u00bb Jaunumi \u00bb &#8220;FK Valka\/Iglu&#8221; izrauj uzvaru p\u0101r valmierie\u0161iem"},"content":{"rendered":"<p>&#8220;FK Valka\/Iglu&#8221; izrauj uzvaru p\u0101r valmierie\u0161iem<\/p>\n<p><\/p>\n<p>\t\t\t\t\t<img decoding=\"async\" src=\"https:\/\/www.europesays.com\/lv\/wp-content\/uploads\/2025\/12\/edgars_lazdins_valka_v1_2025.jpg\" class=\"news-title-image\" width=\"292.5\" alt=\"edgars_lazdins_valka_v1_2025.jpg\" title=\"&quot;FK Valka\/Iglu&quot; izrauj uzvaru p\u0101r valmierie\u0161iem\" \/><\/p>\n<p style=\"text-align: justify;\">Ceturtdien Valmieras Olimpiskaj\u0101 centr\u0101 notiku\u0161aj\u0101 v\u012brie\u0161u 1. l\u012bgas Austrumu grupas regul\u0101r\u0101 turn\u012bra sp\u0113l\u0113 &#8220;FK Valka\/IGLU&#8221; komanda ar <a href=\"https:\/\/www.floorball.lv\/lv\/2025\/chempionats\/v1\/proto\/52150-val-val\" target=\"_self\" rel=\"nofollow noopener\">7:5<\/a> pieveica viet\u0113jo &#8220;FBK Valmiera\/VSS&#8221; vien\u012bbu. Iz\u0161\u0137iro\u0161o p\u0101rsvaru valc\u0113nie\u0161iem nodro\u0161in\u0101ja p\u0113d\u0113j\u0101s piec\u0101s min\u016bt\u0113s g\u016btie divi bezatbildes v\u0101rti. Produkt\u012bv\u0101kais uzvar\u0113t\u0101ju sast\u0101v\u0101 ar 5 (3+2) rezultativit\u0101tes punktiem bija Edgars Lazdi\u0146\u0161.<\/p>\n<p style=\"text-align: justify;\">\u00a0<\/p>\n<p style=\"text-align: justify;\">Foto: J\u0101nis L\u0101rmanis<\/p>\n<p>\u00a0<\/p>\n<p><\/p>\n<tr>\n<td style=\"text-align:center;\"><a href=\"https:\/\/www.floorball.lv\/out.php?id=334&amp;url=http%3A%2F%2Flino.lv\" target=\"_blank\" title=\"OXDOG\" rel=\"nofollow noopener\"><br \/>\n\t\t\t\t\t<img loading=\"lazy\" decoding=\"async\" class=\"banner_news_bottom\" src=\"https:\/\/www.europesays.com\/lv\/wp-content\/uploads\/2025\/09\/1531398467.jpg\" width=\"233\" height=\"66\" alt=\"OXDOG\" \/><br \/>\n\t\t\t\t<\/a><\/td>\n<\/tr>\n","protected":false},"excerpt":{"rendered":"&#8220;FK Valka\/Iglu&#8221; izrauj uzvaru p\u0101r valmierie\u0161iem Ceturtdien Valmieras Olimpiskaj\u0101 centr\u0101 notiku\u0161aj\u0101 v\u012brie\u0161u 1. l\u012bgas Austrumu grupas regul\u0101r\u0101 turn\u012bra&hellip;\n","protected":false},"author":2,"featured_media":72325,"comment_status":"","ping_status":"","sticky":false,"template":"","format":"standard","meta":{"footnotes":""},"categories":[17],"tags":[405,604,603,283,35,39,38,36,37,34,606,40,67,605],"class_list":{"0":"post-72324","1":"post","2":"type-post","3":"status-publish","4":"format-standard","5":"has-post-thumbnail","7":"category-sports","8":"tag-405","9":"tag-cempionats","10":"tag-floorball-lv","11":"tag-florbols","12":"tag-latvia","13":"tag-latvian","14":"tag-latviesu","15":"tag-latviesu-valoda","16":"tag-latviesuvaloda","17":"tag-latvija","18":"tag-lfs","19":"tag-lv","20":"tag-sports","21":"tag-virsliga"},"share_on_mastodon":{"url":"https:\/\/pubeurope.com\/@lv\/115706104714859465","error":""},"_links":{"self":[{"href":"https:\/\/www.europesays.com\/lv\/wp-json\/wp\/v2\/posts\/72324","targetHints":{"allow":["GET"]}}],"collection":[{"href":"https:\/\/www.europesays.com\/lv\/wp-json\/wp\/v2\/posts"}],"about":[{"href":"https:\/\/www.europesays.com\/lv\/wp-json\/wp\/v2\/types\/post"}],"author":[{"embeddable":true,"href":"https:\/\/www.europesays.com\/lv\/wp-json\/wp\/v2\/users\/2"}],"replies":[{"embeddable":true,"href":"https:\/\/www.europesays.com\/lv\/wp-json\/wp\/v2\/comments?post=72324"}],"version-history":[{"count":0,"href":"https:\/\/www.europesays.com\/lv\/wp-json\/wp\/v2\/posts\/72324\/revisions"}],"wp:featuredmedia":[{"embeddable":true,"href":"https:\/\/www.europesays.com\/lv\/wp-json\/wp\/v2\/media\/72325"}],"wp:attachment":[{"href":"https:\/\/www.europesays.com\/lv\/wp-json\/wp\/v2\/media?parent=72324"}],"wp:term":[{"taxonomy":"category","embeddable":true,"href":"https:\/\/www.europesays.com\/lv\/wp-json\/wp\/v2\/categories?post=72324"},{"taxonomy":"post_tag","embeddable":true,"href":"https:\/\/www.europesays.com\/lv\/wp-json\/wp\/v2\/tags?post=72324"}],"curies":[{"name":"wp","href":"https:\/\/api.w.org\/{rel}","templated":true}]}}