{"id":72326,"date":"2025-12-12T10:25:14","date_gmt":"2025-12-12T10:25:14","guid":{"rendered":"https:\/\/www.europesays.com\/lv\/72326\/"},"modified":"2025-12-12T10:25:14","modified_gmt":"2025-12-12T10:25:14","slug":"zemkopibas-ministrs-a-krauze-atbalsta-instrumenti-es-lauksaimniecibas-politika-javeido-merkorienteti","status":"publish","type":"post","link":"https:\/\/www.europesays.com\/lv\/72326\/","title":{"rendered":"Zemkop\u012bbas ministrs A. Krauze: atbalsta instrumenti ES lauksaimniec\u012bbas politik\u0101 j\u0101veido m\u0113r\u0137orient\u0113ti"},"content":{"rendered":"<p>Zemkop\u012bbas ministrs Armands Krauze ceturtdien un piektdien, 11. un 12. decembr\u012b, Brisel\u0113 (Be\u013c\u0123ij\u0101) piedal\u012bj\u0101s ES lauksaimniec\u012bbas un zivsaimniec\u012bbas ministru padomes san\u0101ksm\u0113, kur\u0101 p\u0101rrun\u0101ja inov\u0101ciju veicin\u0101\u0161anu un Kop\u0113j\u0101s lauksaimniec\u012bbas politikas (KLP) vienk\u0101r\u0161o\u0161anu p\u0113c 2027. gada.<\/p>\n<p>Diskusij\u0101s par inov\u0101ciju veicin\u0101\u0161anu un jaun\u0101ko tehnolo\u0123iju ievie\u0161anu lauksaimniec\u012bb\u0101 p\u0113c 2027.\u00a0gada zemkop\u012bbas ministrs atz\u012bm\u0113ja, ka m\u0113r\u0137tiec\u012bgi j\u0101veido t\u0101di nosac\u012bjumi, kuros inov\u0101cijas un tehnolo\u0123ijas k\u013c\u016bst saimniec\u012bbu ikdiena. To var izdar\u012bt, paredzot KLP finans\u0113jumu t\u0101diem atbalsta instrumentiem k\u0101 zin\u0101\u0161anu izplat\u012b\u0161ana, konsult\u0101cijas, p\u0113tniec\u012bba un inov\u0101cijas, kas pal\u012bdz\u0113tu saimniec\u012bb\u0101m ieviest prec\u012bz\u0101s lauksaimniec\u012bbas r\u012bkus un digit\u0101l\u0101s tehnolo\u0123ijas.<\/p>\n<p>Zemkop\u012bbas ministrs Armands Krauze: \u201cViens no efekt\u012bv\u0101kajiem risin\u0101jumiem ir maks\u0101jumu nosac\u012bjumu saist\u012b\u0161ana ar konkr\u0113tu tehnolo\u0123iju vai praksi. \u0160\u0101da pieeja jau pa\u0161laik ir ekosh\u0113m\u0101s un nodro\u0161ina m\u0113r\u0137orient\u0113tu atbalstu un skaidru saikni starp pras\u012bb\u0101m un rezult\u0101tiem. L\u012bdztekus j\u0101stiprina konsult\u0101ciju t\u012bkls un praktisk\u0101 pal\u012bdz\u012bba, kas \u012bpa\u0161i svar\u012bgi maz\u0101m un vid\u0113j\u0101m saimniec\u012bb\u0101m, k\u0101 ar\u012b zin\u0101\u0161anu p\u0101rnese un sadarb\u012bba starp zin\u0101tni un uz\u0146\u0113m\u0113jiem.\u201d<\/p>\n<p>Diem\u017e\u0113l \u0161iem svar\u012bgajiem un ar\u012b oblig\u0101tajiem pas\u0101kumiem nav paredz\u0113ts KLP finans\u0113jums \u2013 dal\u012bbvalst\u012bm tas j\u0101atrod pa\u0161\u0101m, neraugoties uz at\u0161\u0137ir\u012bg\u0101m priorit\u0101t\u0113m un bud\u017eeta iesp\u0113j\u0101m. Tas nav pareizi, uzskata ministrs, jo nesniedz nozarei skaidr\u012bbu par n\u0101kotni un vairo nevienl\u012bdz\u012bgu savstarp\u0113jo konkurenci. Latvijai no 2028.\u00a0gada pl\u0101nots viszem\u0101kais vid\u0113jais KLP atbalsts uz vienu hekt\u0101ru starp ES dal\u012bbvalst\u012bm \u2013 tikai 74% no ES vid\u0113j\u0101 l\u012bme\u0146a. A.\u00a0Krauze uzsv\u0113ra, ka apst\u0101k\u013ciem j\u0101b\u016bt vienl\u012bdz\u012bgiem un Latvijai j\u0101sa\u0146em vismaz 90% no ES vid\u0113j\u0101 KLP atbalsta.<\/p>\n<p>Eiropas Komisijas (EK) pied\u0101v\u0101tais jaunais vienotais finans\u0113\u0161anas modelis \u2013 Nacion\u0101l\u0101s un re\u0123ion\u0101l\u0101s partner\u012bbas (NRP) pl\u0101ns un fonds, kur\u0101 iek\u013cautos ar\u012b KLP, ir piln\u012bgi pret\u0113js process jau s\u0101ktajai KLP vienk\u0101r\u0161o\u0161anai. Jaunais modelis pras\u012bs papildu koordin\u0113jo\u0161\u0101s strukt\u016bras, jaunus birokr\u0101tijas sl\u0101\u0146us, augs IT sist\u0113mu piel\u0101go\u0161anas izmaksas. Tas pa\u0161reiz\u0113jo situ\u0101ciju sare\u017e\u0123\u012bs un sad\u0101rdzin\u0101s, nevis vienk\u0101r\u0161os, teica zemkop\u012bbas ministrs.<\/p>\n<p>          <img decoding=\"async\" src=\"https:\/\/www.europesays.com\/lv\/wp-content\/uploads\/2025\/12\/1765388232_965_logo-lv.png\" alt=\"\"\/><\/p>\n<p>                  \u0160\u012b inform\u0101cija ir publisks pazi\u0146ojums un neatspogu\u013co LV port\u0101la viedokli. Par t\u0101s saturu atbild ies\u016bt\u012bt\u0101js. <a data-popup=\"rules\">Public\u0113\u0161anas noteikumi<\/a><\/p>\n","protected":false},"excerpt":{"rendered":"Zemkop\u012bbas ministrs Armands Krauze ceturtdien un piektdien, 11. un 12. decembr\u012b, Brisel\u0113 (Be\u013c\u0123ij\u0101) piedal\u012bj\u0101s ES lauksaimniec\u012bbas un zivsaimniec\u012bbas&hellip;\n","protected":false},"author":2,"featured_media":69252,"comment_status":"","ping_status":"","sticky":false,"template":"","format":"standard","meta":{"footnotes":""},"categories":[12],"tags":[23,28,29,32,33,22,30,31,35,39,38,36,37,34,40,20,26,27,24,25,21],"class_list":{"0":"post-72326","1":"post","2":"type-post","3":"status-publish","4":"format-standard","5":"has-post-thumbnail","7":"category-latvija","8":"tag-aktualitates","9":"tag-breaking-news","10":"tag-breakingnews","11":"tag-featured-news","12":"tag-featurednews","13":"tag-headlines","14":"tag-latest-news","15":"tag-latestnews","16":"tag-latvia","17":"tag-latvian","18":"tag-latviesu","19":"tag-latviesu-valoda","20":"tag-latviesuvaloda","21":"tag-latvija","22":"tag-lv","23":"tag-news","24":"tag-popularakas-zinas","25":"tag-popularakaszinas","26":"tag-top-stories","27":"tag-topstories","28":"tag-zinas"},"share_on_mastodon":{"url":"https:\/\/pubeurope.com\/@lv\/115706116520579333","error":""},"_links":{"self":[{"href":"https:\/\/www.europesays.com\/lv\/wp-json\/wp\/v2\/posts\/72326","targetHints":{"allow":["GET"]}}],"collection":[{"href":"https:\/\/www.europesays.com\/lv\/wp-json\/wp\/v2\/posts"}],"about":[{"href":"https:\/\/www.europesays.com\/lv\/wp-json\/wp\/v2\/types\/post"}],"author":[{"embeddable":true,"href":"https:\/\/www.europesays.com\/lv\/wp-json\/wp\/v2\/users\/2"}],"replies":[{"embeddable":true,"href":"https:\/\/www.europesays.com\/lv\/wp-json\/wp\/v2\/comments?post=72326"}],"version-history":[{"count":0,"href":"https:\/\/www.europesays.com\/lv\/wp-json\/wp\/v2\/posts\/72326\/revisions"}],"wp:featuredmedia":[{"embeddable":true,"href":"https:\/\/www.europesays.com\/lv\/wp-json\/wp\/v2\/media\/69252"}],"wp:attachment":[{"href":"https:\/\/www.europesays.com\/lv\/wp-json\/wp\/v2\/media?parent=72326"}],"wp:term":[{"taxonomy":"category","embeddable":true,"href":"https:\/\/www.europesays.com\/lv\/wp-json\/wp\/v2\/categories?post=72326"},{"taxonomy":"post_tag","embeddable":true,"href":"https:\/\/www.europesays.com\/lv\/wp-json\/wp\/v2\/tags?post=72326"}],"curies":[{"name":"wp","href":"https:\/\/api.w.org\/{rel}","templated":true}]}}