{"id":72329,"date":"2025-12-12T10:31:12","date_gmt":"2025-12-12T10:31:12","guid":{"rendered":"https:\/\/www.europesays.com\/lv\/72329\/"},"modified":"2025-12-12T10:31:12","modified_gmt":"2025-12-12T10:31:12","slug":"satiksmes-un-transporta-lietu-komiteja-pienem-lemumu-par-atvieglojumiem-brauksanai-rigas-sabiedriskaja-transporta","status":"publish","type":"post","link":"https:\/\/www.europesays.com\/lv\/72329\/","title":{"rendered":"Satiksmes un transporta lietu komiteja pie\u0146em l\u0113mumu par atvieglojumiem brauk\u0161anai R\u012bgas sabiedriskaj\u0101 transport\u0101"},"content":{"rendered":"<p>Piektdien, 12. decembr\u012b, R\u012bgas domes Satiksmes un transporta lietu komiteja pie\u0146\u0113ma l\u0113mumu par groz\u012bjumiem saisto\u0161ajos noteikumos* attiec\u012bb\u0101 uz sabiedrisk\u0101 transporta atvieglojumiem vair\u0101k\u0101m soci\u0101laj\u0101m grup\u0101m \u2013 Ukrainas civiliedz\u012bvot\u0101jiem, nacion\u0101l\u0101s preto\u0161an\u0101s kust\u012bbas dal\u012bbniekiem, R\u012bgas pa\u0161vald\u012bbas Labkl\u0101j\u012bbas departamenta pak\u013caut\u012bbas iest\u0101\u017eu tehniskajiem darbiniekiem \u2013, k\u0101 ar\u012b noteica sabiedrisk\u0101 transporta bezmaksas izmanto\u0161anu m\u0101c\u012bbu gada pirmaj\u0101 dien\u0101.<\/p>\n<p>Komiteja atbalst\u012bja l\u0113mumu, ka R\u012bgas pa\u0161vald\u012bbas administrat\u012bvaj\u0101 teritorij\u0101 re\u0123istr\u0113tiem Ukrainas civiliedz\u012bvot\u0101jiem, kuri ir izce\u013coju\u0161i no Ukrainas vai kuri nevar atgriezties Ukrain\u0101 Krievijas Feder\u0101cijas izrais\u012bt\u0101 bru\u0146ot\u0101 konflikta d\u0113\u013c, pagarin\u0101t termi\u0146u 100% brauk\u0161anas maksas atvieglojuma izmanto\u0161anai l\u012bdz 2026. gada 30. j\u016bnijam. Pa\u0161laik \u0161ie atvieglojumi ir sp\u0113k\u0101 l\u012bdz 2025. gada beig\u0101m. Tiek prognoz\u0113ts, ka Ukrainas civiliedz\u012bvot\u0101ju braucienu re\u0123istr\u0101ciju skaits var\u0113tu sasniegt 1 904 145.<\/p>\n<p>Komiteja apstiprin\u0101ja brauk\u0161anas maksas atvieglojumu 100% apm\u0113r\u0101 no bi\u013cetes cenas visiem nacion\u0101l\u0101s preto\u0161an\u0101s kust\u012bbas dal\u012bbniekiem neatkar\u012bgi no deklar\u0113t\u0101s dz\u012bvesvietas. Ir nolemts sv\u012btrot ierobe\u017eojumu, kas paredz\u0113ja atvieglojumu pie\u0161\u0137irt tikai R\u012bg\u0101 deklar\u0113tajiem nacion\u0101l\u0101s preto\u0161an\u0101s kust\u012bbas dal\u012bbniekiem.<\/p>\n<p>Pa\u0161vald\u012bbas m\u0113r\u0137is ir nodro\u0161in\u0101t vienl\u012bdz\u012bgu attieksmi pret visiem nacion\u0101l\u0101s preto\u0161an\u0101s kust\u012bbas dal\u012bbniekiem, lai tie var\u0113tu izmantot R\u012bgas sabiedrisko transportu bez maksas. Nacion\u0101l\u0101s preto\u0161an\u0101s kust\u012bbas dal\u012bbnieku braucienu re\u0123istr\u0101ciju skaits var\u0113tu sasniegt 24 012.<\/p>\n<p>Lai veicin\u0101tu veicin\u0101tu R\u012bgas pa\u0161vald\u012bbas Labkl\u0101j\u012bbas departamenta pak\u013caut\u012bb\u0101 eso\u0161o iest\u0101\u017eu jauno tehnisko darbinieku piesaisti, k\u0101 ar\u012b nodro\u0161in\u0101tu jau eso\u0161o darbinieku notur\u0113\u0161anu un vienl\u012bdz\u012bbu ar citiem izgl\u012bt\u012bbas iest\u0101\u017eu darbiniekiem, komiteja atbalst\u012bja R\u012bgas pa\u0161vald\u012bbas Labkl\u0101j\u012bbas departamenta pak\u013caut\u012bbas iest\u0101\u017eu tehnisko darbinieku, kuru ned\u0113\u013cas darba laiks ir vismaz 20 stundas, brauk\u0161anas maksas atvieglojumu noteik\u0161anu 50% apm\u0113r\u0101 no m\u0113ne\u0161a abonementa bi\u013cetes cenas. Pa\u0161vald\u012bba prognoz\u0113, ka braucienu re\u0123istr\u0101ciju skaits var\u0113tu sasniegt 75 096. Pa\u0161laik \u0161\u0101da atlaide piem\u0113rota Labkl\u0101j\u012bbas departamenta pak\u013caut\u012bbas iest\u0101\u017eu soci\u0101l\u0101 darba speci\u0101listiem, apr\u016bp\u0113t\u0101jiem, vesel\u012bbas apr\u016bpes person\u0101lam, audzin\u0101t\u0101jiem un aukl\u0113m.<\/p>\n<p>T\u0101pat komiteja ierosina, ka visi pasa\u017eieri ir ties\u012bgi braukt bez maksas m\u0101c\u012bbu gada pirmaj\u0101 dien\u0101, kas tiek noteikta ar Ministru kabineta noteikumiem par m\u0101c\u012bbu gada s\u0101kuma un beigu laiku. Tas veicin\u0101tu sabiedrisk\u0101 transporta izmanto\u0161anu un mazin\u0101tu sastr\u0113gumus dien\u0101, kad pils\u0113t\u0101 gaid\u0101ma pastiprin\u0101ta satiksmes intensit\u0101te. \u0160aj\u0101 dien\u0101 braucienu re\u0123istr\u0101ciju skaits var\u0113tu sasniegt 389\u00a0692.<\/p>\n<p>Visi groz\u012bjumi tiks virz\u012bti izskat\u012b\u0161anai n\u0101kamaj\u0101 R\u012bgas domes s\u0113d\u0113.<\/p>\n<p>* R\u012bgas domes 2023. gada 28. j\u016bnija saisto\u0161ie noteikumi Nr. RD-23-208-sn \u201cPar brauk\u0161anas maksas atvieglojumiem R\u012bgas valstspils\u0113tas sabiedrisk\u0101 transporta mar\u0161rutu t\u012bkl\u0101\u201d.<\/p>\n<p>          <img decoding=\"async\" src=\"https:\/\/www.europesays.com\/lv\/wp-content\/uploads\/2025\/12\/1765388232_965_logo-lv.png\" alt=\"\"\/><\/p>\n<p>                  \u0160\u012b inform\u0101cija ir publisks pazi\u0146ojums un neatspogu\u013co LV port\u0101la viedokli. Par t\u0101s saturu atbild ies\u016bt\u012bt\u0101js. <a data-popup=\"rules\">Public\u0113\u0161anas noteikumi<\/a><\/p>\n","protected":false},"excerpt":{"rendered":"Piektdien, 12. decembr\u012b, R\u012bgas domes Satiksmes un transporta lietu komiteja pie\u0146\u0113ma l\u0113mumu par groz\u012bjumiem saisto\u0161ajos noteikumos* attiec\u012bb\u0101 uz&hellip;\n","protected":false},"author":2,"featured_media":72330,"comment_status":"","ping_status":"","sticky":false,"template":"","format":"standard","meta":{"footnotes":""},"categories":[12],"tags":[23,28,29,32,33,22,30,31,35,39,38,36,37,34,40,20,26,27,24,25,21],"class_list":{"0":"post-72329","1":"post","2":"type-post","3":"status-publish","4":"format-standard","5":"has-post-thumbnail","7":"category-latvija","8":"tag-aktualitates","9":"tag-breaking-news","10":"tag-breakingnews","11":"tag-featured-news","12":"tag-featurednews","13":"tag-headlines","14":"tag-latest-news","15":"tag-latestnews","16":"tag-latvia","17":"tag-latvian","18":"tag-latviesu","19":"tag-latviesu-valoda","20":"tag-latviesuvaloda","21":"tag-latvija","22":"tag-lv","23":"tag-news","24":"tag-popularakas-zinas","25":"tag-popularakaszinas","26":"tag-top-stories","27":"tag-topstories","28":"tag-zinas"},"share_on_mastodon":{"url":"https:\/\/pubeurope.com\/@lv\/115706140098457378","error":""},"_links":{"self":[{"href":"https:\/\/www.europesays.com\/lv\/wp-json\/wp\/v2\/posts\/72329","targetHints":{"allow":["GET"]}}],"collection":[{"href":"https:\/\/www.europesays.com\/lv\/wp-json\/wp\/v2\/posts"}],"about":[{"href":"https:\/\/www.europesays.com\/lv\/wp-json\/wp\/v2\/types\/post"}],"author":[{"embeddable":true,"href":"https:\/\/www.europesays.com\/lv\/wp-json\/wp\/v2\/users\/2"}],"replies":[{"embeddable":true,"href":"https:\/\/www.europesays.com\/lv\/wp-json\/wp\/v2\/comments?post=72329"}],"version-history":[{"count":0,"href":"https:\/\/www.europesays.com\/lv\/wp-json\/wp\/v2\/posts\/72329\/revisions"}],"wp:featuredmedia":[{"embeddable":true,"href":"https:\/\/www.europesays.com\/lv\/wp-json\/wp\/v2\/media\/72330"}],"wp:attachment":[{"href":"https:\/\/www.europesays.com\/lv\/wp-json\/wp\/v2\/media?parent=72329"}],"wp:term":[{"taxonomy":"category","embeddable":true,"href":"https:\/\/www.europesays.com\/lv\/wp-json\/wp\/v2\/categories?post=72329"},{"taxonomy":"post_tag","embeddable":true,"href":"https:\/\/www.europesays.com\/lv\/wp-json\/wp\/v2\/tags?post=72329"}],"curies":[{"name":"wp","href":"https:\/\/api.w.org\/{rel}","templated":true}]}}