{"id":72331,"date":"2025-12-12T10:33:06","date_gmt":"2025-12-12T10:33:06","guid":{"rendered":"https:\/\/www.europesays.com\/lv\/72331\/"},"modified":"2025-12-12T10:33:06","modified_gmt":"2025-12-12T10:33:06","slug":"aivo-oskis-supernova-2026-konkursa-ar-dziesmu-walking-out-stasts-par-brivibu-no-emocionalas-vardarbibas-lente-lv","status":"publish","type":"post","link":"https:\/\/www.europesays.com\/lv\/72331\/","title":{"rendered":"Aivo Oskis \u201cSupernova 2026\u201d konkurs\u0101 ar dziesmu \u201cWalking Out\u201d \u2013 st\u0101sts par br\u012bv\u012bbu no emocion\u0101l\u0101s vardarb\u012bbas\u00a0\u2014\u00a0Lente.lv"},"content":{"rendered":"<p>Aivo Oskis atgrie\u017eas ar sp\u0113c\u012bgu v\u0113st\u012bjumu dziesm\u0101 \u201cWalking Out\u201d un gatavojas \u201cSupernova 2026\u201d<\/p>\n<p>Latvie\u0161u m\u016bzi\u0137is Aivo Oskis ir laidis klaj\u0101 jaunu, emocion\u0101li pies\u0101tin\u0101tu singlu ang\u013cu valod\u0101 ar nosaukumu \u201cWalking Out\u201d. \u0160\u012b dziesma ir ne tikai m\u0101kslinieka muzik\u0101l\u0101s atgrie\u0161an\u0101s z\u012bme, bet ar\u012b vi\u0146a pieteikums dal\u012bbai LTV konkurs\u0101 \u201cSupernova 2026\u201d, kur\u0101 vi\u0146\u0161 cer izc\u012bn\u012bt ties\u012bbas p\u0101rst\u0101v\u0113t Latviju gaid\u0101maj\u0101 Eirov\u012bzijas dziesmu konkurs\u0101 V\u012bn\u0113. Dziesmas galvenais v\u0113st\u012bjums ir par drosmi un nepiecie\u0161am\u012bbu atbr\u012bvoties no emocion\u0101li vardarb\u012bg\u0101m attiec\u012bb\u0101m, kur\u0101s m\u012blest\u012bba un r\u016bpes p\u0101rv\u0113r\u0161as par smagu nastu un aps\u0113st\u012bbu.<\/p>\n<p>Dziesmas dzi\u013cais st\u0101sts un videoklipa simbolika<\/p>\n<p>\u201cWalking Out\u201d st\u0101sta par to, cik svar\u012bgi ir apzin\u0101ties savu v\u0113rt\u012bbu un sp\u0113t pateikt \u201cpietiek\u201d, izv\u0113loties aiziet no toksiskas vides, lai saglab\u0101tu sevi. Aivo Oskis dziesmas v\u0113st\u012bjumu papildina ar sp\u0113c\u012bgu videoklipu, kura ideja rad\u0101s pavisam negaid\u012bti, apmekl\u0113jot motociklistu klubu \u201cHell&#8217;s Station\u201d J\u016brmal\u0101. Videoklip\u0101 Aivo atveido apkop\u0113ja t\u0113lu, kas simboliz\u0113 milz\u012bgo darbu un p\u016bles, ko vi\u0146\u0161 ir ieguld\u012bjis attiec\u012bb\u0101s, cen\u0161oties uztur\u0113t otra emocion\u0101lo stabilit\u0101ti. \u0160is t\u0113ls ir metafora par cilv\u0113ku, kur\u0161 ir atbild\u012bgs par k\u0101da cita labsaj\u016btu, pat ja tas noz\u012bm\u0113 savu vajadz\u012bbu un emociju ignor\u0113\u0161anu. Klipa vizu\u0101l\u0101 telpa un nosaukums ide\u0101li sapl\u016bst ar dziesmas atmosf\u0113ru, radot dzi\u013ci personisku un atpaz\u012bstamu st\u0101stu par sevis atg\u016b\u0161anu.<\/p>\n<p>Muzik\u0101l\u0101 sadarb\u012bba un ce\u013c\u0161 uz \u201cSupernova 2026\u201d<\/p>\n<p>Dziesma \u201cWalking Out\u201d tapusi sadarb\u012bb\u0101 ar somu producentu Teemu Juhani Skutnabb-Javanainen, kur\u0161 pla\u0161\u0101k paz\u012bstams k\u0101 Heviteemu. Abi m\u0101kslinieki pirmo reizi satik\u0101s Eirov\u012bzijas dziesmu rakst\u012b\u0161anas nometn\u0113, un dr\u012bz p\u0113c tam Teemu n\u0101cis klaj\u0101 ar ierosin\u0101jumu kop\u012bgi rad\u012bt dziesmu tie\u0161i Eirov\u012bzijas konkursam. Aivo Oskis ir pieredz\u0113jis m\u016bzi\u0137is, kur\u0161 ar savu dai\u013cradi nodarbojas jau ilgu laiku. Vi\u0146\u0161 studiju gados London\u0101 izveidoja grupu \u201cSilver Dime\u201d, ar kuru akt\u012bvi uzst\u0101j\u0101s da\u017e\u0101dos festiv\u0101los. P\u0113c atgrie\u0161an\u0101s Latvij\u0101 Aivo turpin\u0101ja muzik\u0101lo darb\u012bbu, 2022. gad\u0101 izdeva savu debijas albumu \u201cSuven\u012brs\u201d, kura singli ieguva pla\u0161u atpaz\u012bstam\u012bbu Latvijas radiostacij\u0101s. Vi\u0146\u0161 sevi ir pier\u0101d\u012bjis ar\u012b k\u0101 radio person\u012bba.<\/p>\n<p>\u201cSupernova 2026\u201d \u2013 platforma jaun\u0101m muzik\u0101l\u0101m izpausm\u0113m<\/p>\n<p>Latvijas Telev\u012bzijas konkurss \u201cSupernova\u201d ir k\u013cuvis par noz\u012bm\u012bgu platformu, kur\u0101 tiek atkl\u0101ti jauni talanti un tiek pied\u0101v\u0101ta kvalitat\u012bva m\u016bzika. \u0160ogad konkurs\u0101 piedal\u012bsies 24 dal\u012bbnieki, tostarp Aivo Oskis ar dziesmu \u201cWalking Out\u201d. Pusfin\u0101li notiks 2026. gada 31. janv\u0101r\u012b un 7. febru\u0101r\u012b, bet fin\u0101ls \u2013 14. febru\u0101r\u012b. \u017d\u016brija ir r\u016bp\u012bgi izv\u0113rt\u0113jusi 124 pieteikumus, piev\u0113r\u0161ot uzman\u012bbu dziesmu ori\u0123inalit\u0101tei, v\u0113st\u012bjumam, aran\u017eijai un izpild\u012bt\u0101ja potenci\u0101lam starptautisk\u0101 l\u012bmen\u012b. Aivo Oskis ar savu emocion\u0101li sp\u0113c\u012bgo dziesmu \u201cWalking Out\u201d neap\u0161aub\u0101mi ir viens no spilgt\u0101kajiem dal\u012bbniekiem, kas var\u0113tu iekarot skat\u012bt\u0101ju un \u017e\u016brijas simp\u0101tijas.<\/p>\n","protected":false},"excerpt":{"rendered":"Aivo Oskis atgrie\u017eas ar sp\u0113c\u012bgu v\u0113st\u012bjumu dziesm\u0101 \u201cWalking Out\u201d un gatavojas \u201cSupernova 2026\u201d Latvie\u0161u m\u016bzi\u0137is Aivo Oskis ir&hellip;\n","protected":false},"author":2,"featured_media":72332,"comment_status":"","ping_status":"","sticky":false,"template":"","format":"standard","meta":{"footnotes":""},"categories":[19],"tags":[18392,492,7102,89,90,35,39,38,36,37,34,40,15832,18393],"class_list":{"0":"post-72331","1":"post","2":"type-post","3":"status-publish","4":"format-standard","5":"has-post-thumbnail","7":"category-izklaide","8":"tag-aivo-oskis","9":"tag-eirovizija","10":"tag-emocionala-vardarbiba","11":"tag-entertainment","12":"tag-izklaide","13":"tag-latvia","14":"tag-latvian","15":"tag-latviesu","16":"tag-latviesu-valoda","17":"tag-latviesuvaloda","18":"tag-latvija","19":"tag-lv","20":"tag-supernova-2026","21":"tag-walking-out"},"share_on_mastodon":{"url":"https:\/\/pubeurope.com\/@lv\/115706148038040457","error":""},"_links":{"self":[{"href":"https:\/\/www.europesays.com\/lv\/wp-json\/wp\/v2\/posts\/72331","targetHints":{"allow":["GET"]}}],"collection":[{"href":"https:\/\/www.europesays.com\/lv\/wp-json\/wp\/v2\/posts"}],"about":[{"href":"https:\/\/www.europesays.com\/lv\/wp-json\/wp\/v2\/types\/post"}],"author":[{"embeddable":true,"href":"https:\/\/www.europesays.com\/lv\/wp-json\/wp\/v2\/users\/2"}],"replies":[{"embeddable":true,"href":"https:\/\/www.europesays.com\/lv\/wp-json\/wp\/v2\/comments?post=72331"}],"version-history":[{"count":0,"href":"https:\/\/www.europesays.com\/lv\/wp-json\/wp\/v2\/posts\/72331\/revisions"}],"wp:featuredmedia":[{"embeddable":true,"href":"https:\/\/www.europesays.com\/lv\/wp-json\/wp\/v2\/media\/72332"}],"wp:attachment":[{"href":"https:\/\/www.europesays.com\/lv\/wp-json\/wp\/v2\/media?parent=72331"}],"wp:term":[{"taxonomy":"category","embeddable":true,"href":"https:\/\/www.europesays.com\/lv\/wp-json\/wp\/v2\/categories?post=72331"},{"taxonomy":"post_tag","embeddable":true,"href":"https:\/\/www.europesays.com\/lv\/wp-json\/wp\/v2\/tags?post=72331"}],"curies":[{"name":"wp","href":"https:\/\/api.w.org\/{rel}","templated":true}]}}