{"id":72339,"date":"2025-12-12T10:44:09","date_gmt":"2025-12-12T10:44:09","guid":{"rendered":"https:\/\/www.europesays.com\/lv\/72339\/"},"modified":"2025-12-12T10:44:09","modified_gmt":"2025-12-12T10:44:09","slug":"latvijas-hokeja-izlase-spekosies-ar-slovakijas-valstsvienibu","status":"publish","type":"post","link":"https:\/\/www.europesays.com\/lv\/72339\/","title":{"rendered":"Latvijas hokeja izlase sp\u0113kosies ar Slov\u0101kijas valstsvien\u012bbu"},"content":{"rendered":"<p>V\u012btoli\u0146am turn\u012br\u0101 pal\u012bdz\u0113s treneri Lauris D\u0101rzi\u0146\u0161, Sandis Ozoli\u0146\u0161, Raimonds Vilkoits un Peteri Nummelins, v\u0101rtsargu treneris Art\u016brs Irbe un fizisk\u0101s sagatavot\u012bbas treneris \u0112riks Visockis.<\/p>\n<p>Latvijas izlases sast\u0101vs:<\/p>\n<p>v\u0101rtsargi &#8211; Ivars Punnenovs (Rapersvilas-Jonas &#8220;Lakers&#8221;, \u0160veice), \u0112riks V\u012btols (&#8220;Banska Bistrica&#8221;, Slov\u0101kija), J\u0101nis Voris (Kijivas &#8220;Capitals&#8221;);<\/p>\n<p>aizsargi &#8211; J\u0101nis Jaks, Roberts Mam\u010dics (abi &#8211; Karlovi Varu &#8220;Energie&#8221;, \u010cehija), Markuss Komuls (Litv\u012bnovas &#8220;Verva&#8221;, \u010cehija), Kristaps Z\u012ble (Liberecas &#8220;Bili Tygri&#8221;, \u010cehija), Art\u016brs And\u017e\u0101ns (Hem\u0113nlinnas HPK, Somija), Nauris S\u0113j\u0113js (Kisnahtas &#8220;Lions&#8221;, \u0160veice), Sandis Smons (&#8220;Chur&#8221;, \u0160veice), Kristofers Bindulis (Mihalovces &#8220;Dukla&#8221;, Slov\u0101kija);<\/p>\n<p>uzbruc\u0113ji &#8211; Roberts Cjunskis (&#8220;Sierre&#8221;, \u0160veice), Ren\u0101rs Krastenbergs (&#8220;Olomouc&#8221;, \u010cehija), M\u0101rti\u0146\u0161 Dzierkals (Pr\u0101gas &#8220;Sparta&#8221;, \u010cehija), Miks Indra\u0161is (bez kluba), Roberts Bukarts (Feldkirhes &#8220;Pioneers Vorarlberg&#8221;, Austrija), Rihards Bukarts (bez kluba), Deniss Smirnovs (&#8220;Kloten&#8221;, \u0160veice), Oskars Lapinskis (Langnavas &#8220;Tigers&#8221;, \u0160veice), R\u016bdolfs Polcs (&#8220;Anglet&#8221;, Francija), K\u0101rlis Ozoli\u0146\u0161 (&#8220;Liep\u0101jas hokeja komanda&#8221;), Rihards Melnalksnis (&#8220;Chur&#8221;, \u0160veice), Patriks Zabusovs (&#8220;Zemgale&#8221;\/LBTU).<\/p>\n","protected":false},"excerpt":{"rendered":"V\u012btoli\u0146am turn\u012br\u0101 pal\u012bdz\u0113s treneri Lauris D\u0101rzi\u0146\u0161, Sandis Ozoli\u0146\u0161, Raimonds Vilkoits un Peteri Nummelins, v\u0101rtsargu treneris Art\u016brs Irbe un&hellip;\n","protected":false},"author":2,"featured_media":72340,"comment_status":"","ping_status":"","sticky":false,"template":"","format":"standard","meta":{"footnotes":""},"categories":[5],"tags":[23,28,29,32,33,22,836,394,721,30,31,35,39,38,36,37,34,1532,40,20,26,27,24,25,21],"class_list":{"0":"post-72339","1":"post","2":"type-post","3":"status-publish","4":"format-standard","5":"has-post-thumbnail","7":"category-aktualitates","8":"tag-aktualitates","9":"tag-breaking-news","10":"tag-breakingnews","11":"tag-featured-news","12":"tag-featurednews","13":"tag-headlines","14":"tag-hokeja-jaunumi","15":"tag-hokejs","16":"tag-hokejs-pasaule","17":"tag-latest-news","18":"tag-latestnews","19":"tag-latvia","20":"tag-latvian","21":"tag-latviesu","22":"tag-latviesu-valoda","23":"tag-latviesuvaloda","24":"tag-latvija","25":"tag-latvijas-hokeja-izlase","26":"tag-lv","27":"tag-news","28":"tag-popularakas-zinas","29":"tag-popularakaszinas","30":"tag-top-stories","31":"tag-topstories","32":"tag-zinas"},"share_on_mastodon":{"url":"https:\/\/pubeurope.com\/@lv\/115706191169098184","error":""},"_links":{"self":[{"href":"https:\/\/www.europesays.com\/lv\/wp-json\/wp\/v2\/posts\/72339","targetHints":{"allow":["GET"]}}],"collection":[{"href":"https:\/\/www.europesays.com\/lv\/wp-json\/wp\/v2\/posts"}],"about":[{"href":"https:\/\/www.europesays.com\/lv\/wp-json\/wp\/v2\/types\/post"}],"author":[{"embeddable":true,"href":"https:\/\/www.europesays.com\/lv\/wp-json\/wp\/v2\/users\/2"}],"replies":[{"embeddable":true,"href":"https:\/\/www.europesays.com\/lv\/wp-json\/wp\/v2\/comments?post=72339"}],"version-history":[{"count":0,"href":"https:\/\/www.europesays.com\/lv\/wp-json\/wp\/v2\/posts\/72339\/revisions"}],"wp:featuredmedia":[{"embeddable":true,"href":"https:\/\/www.europesays.com\/lv\/wp-json\/wp\/v2\/media\/72340"}],"wp:attachment":[{"href":"https:\/\/www.europesays.com\/lv\/wp-json\/wp\/v2\/media?parent=72339"}],"wp:term":[{"taxonomy":"category","embeddable":true,"href":"https:\/\/www.europesays.com\/lv\/wp-json\/wp\/v2\/categories?post=72339"},{"taxonomy":"post_tag","embeddable":true,"href":"https:\/\/www.europesays.com\/lv\/wp-json\/wp\/v2\/tags?post=72339"}],"curies":[{"name":"wp","href":"https:\/\/api.w.org\/{rel}","templated":true}]}}