{"id":7234,"date":"2025-09-28T19:47:16","date_gmt":"2025-09-28T19:47:16","guid":{"rendered":"https:\/\/www.europesays.com\/lv\/7234\/"},"modified":"2025-09-28T19:47:16","modified_gmt":"2025-09-28T19:47:16","slug":"mercedes-benz-fashion-week-madrid-2025-klasikas-un-avangarda-harmonija-lente-lv","status":"publish","type":"post","link":"https:\/\/www.europesays.com\/lv\/7234\/","title":{"rendered":"Mercedes-Benz Fashion Week Madrid 2025: Klasikas un Avangarda Harmonija\u00a0\u2014\u00a0Lente.lv"},"content":{"rendered":"<p>Spilgt\u0101kie Br\u012b\u017ei No Modes Galvaspils\u0113tas<\/p>\n<p>Madride, kas vienm\u0113r puls\u0113 modes ritm\u0101, nesen atkal k\u013cuva par centr\u0101lo notikumu norises vietu, uz\u0146emot Mercedes-Benz Fashion Week Madrid (MBFWMadrid) rudens\/ziemas sezonai. \u0160is pas\u0101kums, kas norisin\u0101j\u0101s no 17. l\u012bdz 21. septembrim, pied\u0101v\u0101ja elpu aizraujo\u0161u stilu un dizaina sv\u0113tki, demonstr\u0113jot gan klasisk\u0101s v\u0113rt\u012bbas, gan drosm\u012bgus avangarda eksperimentus. Jau 40. gadu jubileju svin\u0113ju\u0161ais pas\u0101kums piesaist\u012bja uzman\u012bbu ne tikai ar dizaineru darbiem, bet ar\u012b ar inovat\u012bvu pieeju, ilgtsp\u0113j\u012bbu un pla\u0161u starptautisko kl\u0101tb\u016btni, apliecinot sevi k\u0101 glob\u0101lu modes etalonu.<\/p>\n<p>Dizaineru Kr\u0101\u0161\u0146ums: No Custo Barcelona L\u012bdz Claro Couture<\/p>\n<p>\u0160\u012b gada MBFWMadrid pas\u0101kum\u0101 savu rado\u0161umu demonstr\u0113ja t\u0101di z\u012bmoli k\u0101 Custo Barcelona un Claro Couture, katrs ar savu unik\u0101lo redz\u0113jumu. Custo Barcelona, ko raksturo spilgtas kr\u0101sas un urb\u0101na ener\u0123ija, iepaz\u012bstin\u0101ja ar savu rudens\/ziemas 2025 kolekciju &#8220;Mirage&#8221;, kas apvieno re\u0101lo un imagin\u0101ro pasauli, p\u0113tot tehnolo\u0123iju, glam\u016bra un soci\u0101los aspektus. Kolekcija izce\u013cas ar inovat\u012bvu dizainu, augstas kvalit\u0101tes materi\u0101liem, tostarp p\u0101rstr\u0101d\u0101tiem tekstilizstr\u0101d\u0101jumiem, un piev\u0113r\u0161as gan sievie\u0161u, gan v\u012brie\u0161u garderobei, uzsverot person\u012bgo br\u012bv\u012bbu un daudzveid\u012bbu. Savuk\u0101rt Claro Couture, ar savu &#8220;Ros\u00e9 Noir&#8221; kolekciju pavasara\/vasaras 2026 sezonai, aizr\u0101va skat\u012bt\u0101jus ar dramatisku grezn\u012bbu un m\u016bsdien\u012bgu sievi\u0161\u0137\u012bbas izpratni. Iedvesmojoties no 20. un 90. gadu est\u0113tikas, z\u012bmols rad\u012bja 42 t\u0113rpus, kas svin sievi\u0161\u0137\u012bbu, pied\u0101v\u0101jot gan minim\u0101listiskus, gan iz\u0161\u016btus dizainus, kr\u0101su palet\u0113 apvienojot maigus to\u0146us ar klasisko melno un balto. Claron Couture par\u0101d\u012b\u0161an\u0101s uz \u0161\u012b gada modes skatuves nostiprin\u0101ja z\u012bmola poz\u012bcijas k\u0101 vienu no ietekm\u012bg\u0101kajiem Sp\u0101nijas modes namiem.<\/p>\n<p>Inov\u0101cijas Un Ilgtsp\u0113ja Modes Sird\u012b<\/p>\n<p>MBFWMadrid 2025 nebija tikai par modes demonstr\u0113\u0161anu, bet ar\u012b par t\u0101s n\u0101kotnes veido\u0161anu. Pas\u0101kum\u0101 tika uzsv\u0113rta ilgtsp\u0113j\u012bbas noz\u012bme, par\u0101dot, ka mode var b\u016bt gan skaista, gan atbild\u012bga. T\u0101pat tika izveidota jauna plat\u012bba, kas velt\u012bta modes amatniec\u012bbai, \u013caujot atkl\u0101t viet\u0113jos talantus un trad\u012bcijas. Organizatori, sadarbojoties ar da\u017e\u0101diem partneriem, cen\u0161as nostiprin\u0101t Madridi k\u0101 glob\u0101lu modes centru, veicinot gan nacion\u0101lo, gan starptautisko kl\u0101tb\u016btni, un atbalstot jaunos dizainerus. Ar\u012b aizkulis\u0113s tika veiktas izmai\u0146as, radot ilgtsp\u0113j\u012bg\u0101ku, efekt\u012bv\u0101ku un pla\u0161\u0101ku darba vidi rado\u0161aj\u0101m komand\u0101m, demonstr\u0113jot ap\u0146em\u0161anos rad\u012bt lab\u0101ku un savienot\u0101ku pas\u0101kumu.<\/p>\n<p>Tendences Un Iedvesma N\u0101kamaj\u0101m Sezon\u0101m<\/p>\n<p>\u0160\u012b gada MBFWMadrid pied\u0101v\u0101ja ieskatu n\u0101kamaj\u0101m sezon\u0101m, demonstr\u0113jot da\u017e\u0101das tendences, s\u0101kot no avangarda formas griezumiem un p\u0101rstr\u0101d\u0101tiem materi\u0101liem l\u012bdz pat grezniem t\u0113rpiem un ko\u0161iem akcentiem. &#8220;Street style&#8221; skat\u012bt\u0101ji ar\u012b demonstr\u0113ja savu individu\u0101lo stilu, radot inspir\u0101ciju ar da\u017e\u0101diem ap\u0123\u0113rbu salikumiem, s\u0101kot no elegant\u0101m vakarkleit\u0101m l\u012bdz pat drosm\u012bg\u0101m kombin\u0101cij\u0101m. Pas\u0101kums kopum\u0101 bija ne tikai platforma modes izpausmei, bet ar\u012b sp\u0113c\u012bgs sign\u0101ls par modes industrijas att\u012bst\u012bbu, kur\u0101 inov\u0101cija, ilgtsp\u0113j\u012bba un rado\u0161\u0101 br\u012bv\u012bba sp\u0113l\u0113 arvien noz\u012bm\u012bg\u0101ku lomu.<\/p>\n","protected":false},"excerpt":{"rendered":"Spilgt\u0101kie Br\u012b\u017ei No Modes Galvaspils\u0113tas Madride, kas vienm\u0113r puls\u0113 modes ritm\u0101, nesen atkal k\u013cuva par centr\u0101lo notikumu norises&hellip;\n","protected":false},"author":2,"featured_media":7235,"comment_status":"","ping_status":"","sticky":false,"template":"","format":"standard","meta":{"footnotes":""},"categories":[19],"tags":[3057,3056,89,90,35,39,38,36,37,34,40,3055,3058,3059],"class_list":{"0":"post-7234","1":"post","2":"type-post","3":"status-publish","4":"format-standard","5":"has-post-thumbnail","7":"category-izklaide","8":"tag-claro-couture","9":"tag-custo-barcelona","10":"tag-entertainment","11":"tag-izklaide","12":"tag-latvia","13":"tag-latvian","14":"tag-latviesu","15":"tag-latviesu-valoda","16":"tag-latviesuvaloda","17":"tag-latvija","18":"tag-lv","19":"tag-mbfwmadrid-2025","20":"tag-modes-tendences","21":"tag-spanijas-mode"},"share_on_mastodon":{"url":"","error":""},"_links":{"self":[{"href":"https:\/\/www.europesays.com\/lv\/wp-json\/wp\/v2\/posts\/7234","targetHints":{"allow":["GET"]}}],"collection":[{"href":"https:\/\/www.europesays.com\/lv\/wp-json\/wp\/v2\/posts"}],"about":[{"href":"https:\/\/www.europesays.com\/lv\/wp-json\/wp\/v2\/types\/post"}],"author":[{"embeddable":true,"href":"https:\/\/www.europesays.com\/lv\/wp-json\/wp\/v2\/users\/2"}],"replies":[{"embeddable":true,"href":"https:\/\/www.europesays.com\/lv\/wp-json\/wp\/v2\/comments?post=7234"}],"version-history":[{"count":0,"href":"https:\/\/www.europesays.com\/lv\/wp-json\/wp\/v2\/posts\/7234\/revisions"}],"wp:featuredmedia":[{"embeddable":true,"href":"https:\/\/www.europesays.com\/lv\/wp-json\/wp\/v2\/media\/7235"}],"wp:attachment":[{"href":"https:\/\/www.europesays.com\/lv\/wp-json\/wp\/v2\/media?parent=7234"}],"wp:term":[{"taxonomy":"category","embeddable":true,"href":"https:\/\/www.europesays.com\/lv\/wp-json\/wp\/v2\/categories?post=7234"},{"taxonomy":"post_tag","embeddable":true,"href":"https:\/\/www.europesays.com\/lv\/wp-json\/wp\/v2\/tags?post=7234"}],"curies":[{"name":"wp","href":"https:\/\/api.w.org\/{rel}","templated":true}]}}