{"id":72343,"date":"2025-12-12T10:48:07","date_gmt":"2025-12-12T10:48:07","guid":{"rendered":"https:\/\/www.europesays.com\/lv\/72343\/"},"modified":"2025-12-12T10:48:07","modified_gmt":"2025-12-12T10:48:07","slug":"asv-plano-konfiscet-venecuelas-naftu-parvadasanas-kugus-maduro-radiniekiem-nosaka-sankcijas-raksts","status":"publish","type":"post","link":"https:\/\/www.europesays.com\/lv\/72343\/","title":{"rendered":"ASV pl\u0101no konfisc\u0113t Venecu\u0113las naftu p\u0101rvad\u0101\u0161anas ku\u0123us; Maduro radiniekiem nosaka sankcijas \/ Raksts"},"content":{"rendered":"<p>\n                        \u0160odien, 10:10                    <\/p>\n<p>\n                            Papildin\u0101ts \u0161odien, 12:08                        <\/p>\n<p>ASV, turpinot v\u0113rst spiedienu pret Venecu\u0113las prezidentu Nikolasu Maduro, noteikusi vi\u0146a radiniekiem sankcijas. Amerik\u0101\u0146i ar\u012b var\u0113tu turpin\u0101t aiztur\u0113t tankku\u0123us, kas re\u0123ion\u0101 p\u0101rvad\u0101 Venecu\u0113las naftu.<\/p>\n<p><a id=\"1\" name=\"1\">ASV nosaka sankcijas Maduro radiniekiem un Venecu\u0113las naftu p\u0101rvad\u0101\u0161anas ku\u0123iem<\/a><\/p>\n<p>P\u0113d\u0113jo m\u0113ne\u0161u laik\u0101\u00a0re\u0123ion\u0101 ap Venecu\u0113lu notiku\u0161i vair\u0101ki triecieni\u00a0laiv\u0101m, kuros nogalin\u0101ti vair\u0101k nek\u0101 80 cilv\u0113ki. Tikm\u0113r\u00a0ASV palielina savu milit\u0101ro\u00a0kl\u0101tb\u016btni re\u0123ion\u0101.<\/p>\n<p>Lai gan Baltais nams uzst\u0101j, ka m\u0113r\u0137is ir c\u012b\u0146a ar narkotiku kontrabandu, tom\u0113r patiesais m\u0113r\u0137is var\u0113tu b\u016bt re\u017e\u012bma mai\u0146a Venecu\u0113l\u0101, kura ir bag\u0101ta ar naftas resursiem.<\/p>\n<p>ASV \u0161oned\u0113\u013c aiztur\u0113tais tankku\u0123is, kas p\u0101rvad\u0101jis naftu un ko amerik\u0101\u0146u sp\u0113ki sagr\u0101ba pie Venecu\u0113las krastiem, tiks nog\u0101d\u0101ts ASV ost\u0101. Karakasa ku\u0123a aiztur\u0113\u0161anu ir raksturojusi k\u0101 starptautiska pir\u0101tisma aktu.\u00a0<\/p>\n<p>ASV ar\u012b ir noteikusi jaunas sankcijas v\u0113l se\u0161iem ku\u0123iem, kas, dom\u0101jams, p\u0101rvad\u0101 Venecu\u0113las naftu.\u00a0<\/p>\n<p>Sankcijas ir noteiktas ar\u012b da\u017eiem\u00a0Maduro radiniekiem un uz\u0146\u0113mumiem, kas saist\u012bti ar vi\u0146a nelikum\u012bgo re\u017e\u012bmu, k\u0101 to d\u0113v\u0113 Va\u0161ingtona.\u00a0<\/p>\n<blockquote>\n<p>Baltais nams neatkl\u0101j, vai ASV pl\u0101no konfisc\u0113t v\u0113l citus ku\u0123us, kas p\u0101rvad\u0101 Venecu\u0113las naftu. Ta\u010du, k\u0101 v\u0113sta a\u0123ent\u016bra &#8220;Reuters&#8221;, atsaucoties uz avotiem, ASV to pl\u0101no dar\u012bt.\u00a0<\/p>\n<\/blockquote>\n<p>\u0160\u012bs ba\u017eas ir liku\u0161as ku\u0123u \u012bpa\u0161niekiem, operatoriem un j\u016bras a\u0123ent\u016br\u0101m, kas iesaist\u012btas Venecu\u0113las j\u0113lnaftas transport\u0113\u0161an\u0101, dom\u0101t par risin\u0101jumiem. L\u012bdz ar to tiek dom\u0101ts, vai tuv\u0101kaj\u0101s dien\u0101s, k\u0101 pl\u0101nots, izbraukt no Venecu\u0113las \u016bde\u0146iem.<\/p>\n<p>T\u0101l\u0101ka ku\u0123u konfisk\u0101cija var\u0113tu b\u016bt v\u0113rsta uz Maduro finansi\u0101l\u0101s ierobe\u017eo\u0161anas pastiprin\u0101\u0161anu. Maduro ir apgalvojis, ka ASV milit\u0101r\u0101s kl\u0101tb\u016btnes pieaugums re\u0123ion\u0101 ir v\u0113rsts uz vi\u0146a g\u0101\u0161anu un valsts naftas resursu kontroles ieg\u016b\u0161anu.<\/p>\n<p><a name=\"2\">Ar Maduro run\u0101 ne tikai Tramps, bet ar\u012b\u00a0Maskava\u00a0un Minska<\/a><\/p>\n<p>A\u0123ent\u016bras &#8220;Reuters&#8221;\u00a0avoti zi\u0146o, ka Maduro 21. novembr\u012b telefonsarun\u0101 Donaldam Trampam pazi\u0146ojis, ka ir gatavs pamest Venecu\u0113lu, ja vi\u0146am un vi\u0146a \u0123imenei tiktu piem\u0113rota piln\u012bga likum\u012bga amnestija.\u00a0<\/p>\n<p>Ar Maduro ceturtdien sazin\u0101j\u0101s Krievija un Baltkrievija. Aleksandrs Luka\u0161enko p\u0113d\u0113jo 17 dienu laik\u0101 otro reizi tik\u0101s ar Venecu\u0113las v\u0113stnieku Maskav\u0101. Luka\u0161enko nor\u0101d\u012bjis, ka Maduro vienm\u0113r ir laipni gaid\u012bts Baltkrievij\u0101 un ka ir pien\u0101cis laiks vi\u0146am apmekl\u0113t valsti.\u00a0<\/p>\n<p>Tikm\u0113r Putins telefonsarun\u0101 ar Venecu\u0113las l\u012bderi atk\u0101rtoti apstiprin\u0101jis atbalstu Maduro vald\u012bbas politikai, kuras m\u0113r\u0137is esot aizsarg\u0101t nacion\u0101l\u0101s intereses un suverenit\u0101ti pieaugo\u0161\u0101 \u0101r\u0113j\u0101 spiediena apst\u0101k\u013cos.<\/p>\n<p><a name=\"3\">Venecu\u0113las opoz\u012bcijas l\u012bdere Ma\u010dado risk\u0113 un izbrauc no valsts<\/a><\/p>\n<p>Tikm\u0113r Norv\u0113\u0123ij\u0101 sagaid\u012bta Nobela Miera pr\u0113mijas laure\u0101te un Venecu\u0113las opoz\u012bcijas l\u012bdere Marija Korina Ma\u010dado, kas sol\u012bjusi, ka dar\u012bs visu iesp\u0113jamo, lai atgrieztos Venecu\u0113l\u0101 un dar\u012btu galu tir\u0101nijai.<\/p>\n<p>Lai gan 10. decembr\u012b Oslo notika Nobela Miera pr\u0113mijas pasnieg\u0161anas ceremonija, Ma\u010dado to apmekl\u0113t nepasp\u0113ja. Nobela Miera pr\u0113miju sa\u0146\u0113ma vi\u0146as meita, bet Ma\u010dado ierad\u0101s Oslo neilgi p\u0113c tam. Nebija skaidrs, vai vi\u0146ai visp\u0101r izdosies tikt l\u012bdz Norv\u0113\u0123ijai, jo vi\u0146a sl\u0113pjas no re\u017e\u012bma un nebija sabiedr\u012bb\u0101 redzama kop\u0161 janv\u0101ra.<\/p>\n<p>&#8220;Pamest Venecu\u0113lu \u0161obr\u012bd ir \u013coti, \u013coti b\u012bstami. T\u0101p\u0113c es tikai v\u0113los pateikt, ka esmu \u0161eit, jo daudzi v\u012brie\u0161i un sievietes risk\u0113ja ar savu dz\u012bv\u012bbu, lai es var\u0113tu ierasties Oslo. Un es ierados \u0161eit vi\u0146u un miljonu anon\u012bmo Venecu\u0113las varo\u0146u v\u0101rd\u0101, lai sa\u0146emtu balvu un nog\u0101d\u0101tu to vi\u0146iem atpaka\u013c, jo t\u0101 ir vi\u0146u,&#8221; pazi\u0146oja Ma\u010dado.<\/p>\n<p>Vi\u0146as izk\u013c\u016b\u0161ana no valsts, kur\u0101 vi\u0146ai pal\u012bdz\u0113ja ASV, tie\u0161\u0101m bijusi sare\u017e\u0123\u012bta un aiz\u0146\u0113ma tr\u012bs dienas. To laik\u0101 vi\u0146ai bija j\u0101valk\u0101 par\u016bka un maska, j\u0101izvair\u0101s no kontrolpunktiem, risk\u0113jot tikt arest\u0113tai. No sl\u0113ptuves Karakas\u0101, p\u0101ri Kar\u012bbu j\u016brai vi\u0146a zvejas ku\u0123\u012b izvesta uz lidma\u0161\u012bnu.<\/p>\n<p>Par sp\u012bti draudiem no re\u017e\u012bma, vi\u0146a apgalvo, ka Venecu\u0113l\u0101 noteikti atgriez\u012bsies, ta\u010du attur\u0113j\u0101s teikt, kad un k\u0101 tas notiks. Venecu\u0113las varas iest\u0101des vi\u0146u aps\u016bdz sazv\u0113rest\u012bbas aktos, naida kurin\u0101\u0161an\u0101, terorism\u0101 un pazi\u0146oja, ka vi\u0146a tiks uzskat\u012bta par b\u0113gu\u013cojo\u0161u personu, ja dosies uz Oslo.<\/p>\n<p>                    Valodas k\u013c\u016bda rakst\u0101?<\/p>\n<p class=\"d-none d-md-block\">Iez\u012bm\u0113jiet tekstu un spiediet Ctrl+Enter, lai nos\u016bt\u012btu labojamo teksta fragmentu redaktoram! Par faktu k\u013c\u016bd\u0101m l\u016bdzam zi\u0146ot e-past\u0101 <a href=\"https:\/\/www.lsm.lv\/cdn-cgi\/l\/email-protection\" class=\"__cf_email__\" data-cfemail=\"3b495e5f5a505852515a7b57485615574d\" rel=\"nofollow noopener\" target=\"_blank\">[email\u00a0protected]<\/a>.<\/p>\n<p class=\"d-md-none\">Iez\u012bm\u0113jiet tekstu un spiediet uz Zi\u0146ot par k\u013c\u016bdu pogas, lai nos\u016bt\u012btu labojamo teksta fragmentu redaktoram!<\/p>\n<p>\n                    Zi\u0146ot par k\u013c\u016bdu\n                <\/p>\n","protected":false},"excerpt":{"rendered":"\u0160odien, 10:10 Papildin\u0101ts \u0161odien, 12:08 ASV, turpinot v\u0113rst spiedienu pret Venecu\u0113las prezidentu Nikolasu Maduro, noteikusi vi\u0146a radiniekiem sankcijas.&hellip;\n","protected":false},"author":2,"featured_media":72344,"comment_status":"","ping_status":"","sticky":false,"template":"","format":"standard","meta":{"footnotes":""},"categories":[14],"tags":[23,57,28,29,32,33,22,30,31,35,39,38,36,37,34,40,20,26,27,24,25,54,55,56,21,58],"class_list":{"0":"post-72343","1":"post","2":"type-post","3":"status-publish","4":"format-standard","5":"has-post-thumbnail","7":"category-zinas-no-arvalstim","8":"tag-aktualitates","9":"tag-arvalstim","10":"tag-breaking-news","11":"tag-breakingnews","12":"tag-featured-news","13":"tag-featurednews","14":"tag-headlines","15":"tag-latest-news","16":"tag-latestnews","17":"tag-latvia","18":"tag-latvian","19":"tag-latviesu","20":"tag-latviesu-valoda","21":"tag-latviesuvaloda","22":"tag-latvija","23":"tag-lv","24":"tag-news","25":"tag-popularakas-zinas","26":"tag-popularakaszinas","27":"tag-top-stories","28":"tag-topstories","29":"tag-world","30":"tag-world-news","31":"tag-worldnews","32":"tag-zinas","33":"tag-zinas-no-arvalstim"},"share_on_mastodon":{"url":"https:\/\/pubeurope.com\/@lv\/115706206808462382","error":""},"_links":{"self":[{"href":"https:\/\/www.europesays.com\/lv\/wp-json\/wp\/v2\/posts\/72343","targetHints":{"allow":["GET"]}}],"collection":[{"href":"https:\/\/www.europesays.com\/lv\/wp-json\/wp\/v2\/posts"}],"about":[{"href":"https:\/\/www.europesays.com\/lv\/wp-json\/wp\/v2\/types\/post"}],"author":[{"embeddable":true,"href":"https:\/\/www.europesays.com\/lv\/wp-json\/wp\/v2\/users\/2"}],"replies":[{"embeddable":true,"href":"https:\/\/www.europesays.com\/lv\/wp-json\/wp\/v2\/comments?post=72343"}],"version-history":[{"count":0,"href":"https:\/\/www.europesays.com\/lv\/wp-json\/wp\/v2\/posts\/72343\/revisions"}],"wp:featuredmedia":[{"embeddable":true,"href":"https:\/\/www.europesays.com\/lv\/wp-json\/wp\/v2\/media\/72344"}],"wp:attachment":[{"href":"https:\/\/www.europesays.com\/lv\/wp-json\/wp\/v2\/media?parent=72343"}],"wp:term":[{"taxonomy":"category","embeddable":true,"href":"https:\/\/www.europesays.com\/lv\/wp-json\/wp\/v2\/categories?post=72343"},{"taxonomy":"post_tag","embeddable":true,"href":"https:\/\/www.europesays.com\/lv\/wp-json\/wp\/v2\/tags?post=72343"}],"curies":[{"name":"wp","href":"https:\/\/api.w.org\/{rel}","templated":true}]}}