{"id":72347,"date":"2025-12-12T10:51:22","date_gmt":"2025-12-12T10:51:22","guid":{"rendered":"https:\/\/www.europesays.com\/lv\/72347\/"},"modified":"2025-12-12T10:51:22","modified_gmt":"2025-12-12T10:51:22","slug":"agnese-zeltina-un-dita-grauda-piepilda-mazu-meitenu-sapnus-tik-sieviskigas-davaninas-santa","status":"publish","type":"post","link":"https:\/\/www.europesays.com\/lv\/72347\/","title":{"rendered":"Agnese Zelti\u0146a un Dita Grauda piepilda mazu meite\u0146u sap\u0146us. Tik sievi\u0161\u0137\u012bgas d\u0101vani\u0146as! \u2014 Santa"},"content":{"rendered":"<p>\u00a0<\/p>\n<p>Jau 14. reizi R\u012bgas pa\u0161\u0101 sird\u012b pie Laimas pulkste\u0146a durvis ir v\u0113ris labdar\u012bbas nami\u0146\u0161, kur\u0101 l\u012bdz pat 19. decembrim ikvienam ir iesp\u0113ja piepild\u012bt k\u0101du no 1250 b\u0113rnu sap\u0146iem. Ziemassv\u0113tku r\u016b\u0137u lom\u0101 \u0161ogad iejutu\u0161ies ar\u012b vair\u0101ki sabiedr\u012bb\u0101 atpaz\u012bstami cilv\u0113ki,\u00a0sar\u016bp\u0113jot\u00a0k\u0101da b\u0113rna izsap\u0146oto d\u0101vanu.<\/p>\n<p>\u00abEs izv\u0113l\u0113jos 11 gadus vecai meitenei\u00a0Sol de Janeiro smar\u017eas. Vi\u0146a v\u0113l\u0113j\u0101s \u0161o konkr\u0113to arom\u0101tu, t\u0101d\u0113\u013c sar\u016bp\u0113ju tie\u0161i to,\u00bb atkl\u0101j aktrise Agnese Zelti\u0146a.<\/p>\n<p>Savuk\u0101rt grima meistare Dita Grauda iepriecin\u0101jusi \u010detrgadnieci, kura v\u0113stul\u0113 Ziemassv\u0113tku vec\u012btim bija nor\u0101d\u012bjusi \u2013 gribot\u00a0le\u013c\u013cu m\u0101ju vai kosm\u0113tikas komplektu. Grauda izl\u0113musi par labu kosm\u0113tikai.\u00a0<\/p>\n<blockquote><p>&#13;<\/p>\n<p>\u00abT\u0101 k\u0101 man pa\u0161ai ir \u010detrgadniece, zinu, cik \u013coti \u0161\u0101d\u0101 vecum\u0101 pat\u012bk puc\u0113ties. Piemekl\u0113ju \u012bpa\u0161u eko kosm\u0113tiku,<\/p>\n<p>&#13;\n<\/p><\/blockquote>\n<p>ko ieliku Lanc\u00f4me maisi\u0146\u0101, pievienojot kl\u0101t ar\u012b kaut ko no \u0161\u012b z\u012bmola produktiem. Varb\u016bt vi\u0146ai tas noder\u0113s p\u0113c p\u0101ris gadiem. Ieliku ar\u012b kosm\u0113tikas no\u0146em\u0161anas salvetes,\u00bb smaidot pav\u0113sta Dita.<\/p>\n<p>Labdar\u012bbas nami\u0146\u0101 joproj\u0101m atrodas nepiepild\u012bto v\u0113lmju karti\u0146as. T\u0101s uz R\u012bgu atce\u013coju\u0161a no devi\u0146u Latvijas novadu soci\u0101lajiem dienestiem \u2013 Saldus, Ogres, C\u0113su, Madonas, Balvu, L\u012bv\u0101nu, R\u0113zeknes, Ludzas un Siguldas.<\/p>\n<p>J\u0101piebilst, ka b\u0113rni liel\u0101koties zem Ziemassv\u0113tku egl\u012btes alkst ieraudz\u012bt\u00a0pavisam ikdieni\u0161\u0137as mantas, bet da\u017eiem sirds tv\u012bkst p\u0113c liel\u0101k\u0101m\u00a0d\u0101van\u0101m\u00a0\u2013 k\u0101ds v\u0113las elektrosk\u016bteri, cits mini kvadraciklu. Muzik\u0101l\u0101k noska\u0146otie b\u0113rni v\u0113l\u0113tos\u00a0sintezatoru, akustisko bungu komplektu, vijoli. Ir ar\u012b\u00a0plan\u0161etdatoru, batutu, iPhone telefonu un Playstation sp\u0113\u013cu konso\u013cu grib\u0113t\u0101ji.<\/p>\n","protected":false},"excerpt":{"rendered":"\u00a0 Jau 14. reizi R\u012bgas pa\u0161\u0101 sird\u012b pie Laimas pulkste\u0146a durvis ir v\u0113ris labdar\u012bbas nami\u0146\u0161, kur\u0101 l\u012bdz pat&hellip;\n","protected":false},"author":2,"featured_media":72348,"comment_status":"","ping_status":"","sticky":false,"template":"","format":"standard","meta":{"footnotes":""},"categories":[19],"tags":[89,90,35,39,38,36,37,34,40],"class_list":{"0":"post-72347","1":"post","2":"type-post","3":"status-publish","4":"format-standard","5":"has-post-thumbnail","7":"category-izklaide","8":"tag-entertainment","9":"tag-izklaide","10":"tag-latvia","11":"tag-latvian","12":"tag-latviesu","13":"tag-latviesu-valoda","14":"tag-latviesuvaloda","15":"tag-latvija","16":"tag-lv"},"share_on_mastodon":{"url":"https:\/\/pubeurope.com\/@lv\/115706218710574547","error":""},"_links":{"self":[{"href":"https:\/\/www.europesays.com\/lv\/wp-json\/wp\/v2\/posts\/72347","targetHints":{"allow":["GET"]}}],"collection":[{"href":"https:\/\/www.europesays.com\/lv\/wp-json\/wp\/v2\/posts"}],"about":[{"href":"https:\/\/www.europesays.com\/lv\/wp-json\/wp\/v2\/types\/post"}],"author":[{"embeddable":true,"href":"https:\/\/www.europesays.com\/lv\/wp-json\/wp\/v2\/users\/2"}],"replies":[{"embeddable":true,"href":"https:\/\/www.europesays.com\/lv\/wp-json\/wp\/v2\/comments?post=72347"}],"version-history":[{"count":0,"href":"https:\/\/www.europesays.com\/lv\/wp-json\/wp\/v2\/posts\/72347\/revisions"}],"wp:featuredmedia":[{"embeddable":true,"href":"https:\/\/www.europesays.com\/lv\/wp-json\/wp\/v2\/media\/72348"}],"wp:attachment":[{"href":"https:\/\/www.europesays.com\/lv\/wp-json\/wp\/v2\/media?parent=72347"}],"wp:term":[{"taxonomy":"category","embeddable":true,"href":"https:\/\/www.europesays.com\/lv\/wp-json\/wp\/v2\/categories?post=72347"},{"taxonomy":"post_tag","embeddable":true,"href":"https:\/\/www.europesays.com\/lv\/wp-json\/wp\/v2\/tags?post=72347"}],"curies":[{"name":"wp","href":"https:\/\/api.w.org\/{rel}","templated":true}]}}