{"id":72349,"date":"2025-12-12T10:52:07","date_gmt":"2025-12-12T10:52:07","guid":{"rendered":"https:\/\/www.europesays.com\/lv\/72349\/"},"modified":"2025-12-12T10:52:07","modified_gmt":"2025-12-12T10:52:07","slug":"jurmala-pasniedz-gada-balvas-sporta","status":"publish","type":"post","link":"https:\/\/www.europesays.com\/lv\/72349\/","title":{"rendered":"J\u016brmala pasniedz Gada balvas sport\u0101"},"content":{"rendered":"<p>Ceturtdien, 11.\u00a0decembr\u012b, svin\u012bg\u0101 sar\u012bkojum\u0101 Dzintaru koncertz\u0101l\u0113 tika pasniegtas J\u016brmalas Gada balvas sport\u0101\u00a02025. J\u016brmalas gada sportistu tituls pie\u0161\u0137irts dambretistam Guntim Valnerim un pludmales volejbolistei T\u012bnai Laurai Graudi\u0146ai.<\/p>\n<p>Balvas tika pie\u0161\u0137irtas 13\u00a0nomin\u0101cij\u0101s. Apbalvojumu laure\u0101tus sveica un balvas pasniedza J\u016brmalas domes priek\u0161s\u0113d\u0113t\u0101ja vietnieks Rom\u0101ns Me\u017eeckis un Latvijas Olimpisk\u0101s komitejas (LOK) prezidents Raimonds Lazdi\u0146\u0161.<\/p>\n<p>J\u016brmalas domes priek\u0161s\u0113d\u0113t\u0101ja vietnieks Rom\u0101ns Me\u017eeckis: \u201cCien\u012bjamie sporta balvas laure\u0101ti! V\u0113los pateikt J\u016brmalas domes un visas J\u016brmalas pils\u0113tas v\u0101rd\u0101, ka m\u0113s esam neizsak\u0101mi lepni par jums, par j\u016bsu sasniegumiem un par to, ka j\u016bs nesat pasaul\u0113 J\u016brmalas v\u0101rdu. Paldies jums par to! Mums ir j\u0101izmaina un m\u0113s izmain\u012bsim valsts attieksmi pret sportu. M\u0113s padar\u012bsim to daudz daudz lab\u0101ku un m\u0113s par to c\u012bn\u012bsimies. M\u0113s c\u012bn\u012bsimies pludmal\u0113s, volejbola laukumos, stadionos, m\u0113s c\u012bn\u012bsimies ministru kabinetos, un m\u0113s to pan\u0101ksim. M\u016bsu lielais m\u0113r\u0137is ir pan\u0101kt, lai J\u016brmala b\u016btu lab\u0101k\u0101 pils\u0113ta Latvij\u0101 daudz\u0101s jom\u0101s, un ar\u012b sport\u0101. M\u0113s b\u016bv\u0113jam sporta objektus, atbalst\u0101m sporta veidus un feder\u0101cijas un savus talant\u012bgos sportistus. M\u0113s lepojamies ar saviem varo\u0146iem, un m\u0113s str\u0101d\u0101sim, lai sports b\u016btu pieejam\u0101ks visiem un m\u016bsu sportisti var\u0113tu sasniegt v\u0113l augst\u0101kas virsotnes.\u201d <\/p>\n<p>LOK prezidents Raimonds Lazdi\u0146\u0161: \u201cIzsaku visdzi\u013c\u0101ko cie\u0146u un pateic\u012bbu visiem sporta skolot\u0101jiem &#8211; j\u016bs esat pirmie, kuri b\u0113rniem atver durvis uz sporta pasauli un pal\u012bdz spert pirmos so\u013cus ce\u013c\u0101 uz pan\u0101kumiem. Sporta dz\u012bve nav iedom\u0101jama bez vec\u0101kiem un \u0123imen\u0113m, treneriem, medic\u012bnisk\u0101 un tehnisk\u0101 person\u0101la, feder\u0101ciju darba, k\u0101 ar\u012b pa\u0161vald\u012bbu un valsts atbalsta. M\u016bsu kop\u012bgais uzdevums ir nodro\u0161in\u0101t, lai sportists, gatavojoties sacens\u012bb\u0101m, justos nov\u0113rt\u0113ts, sa\u0146emtu pien\u0101c\u012bgu finansi\u0101lu atbalstu un var\u0113tu sasniegt savu augst\u0101ko potenci\u0101lu.\u201d<\/p>\n<p>Nomin\u0101cij\u0101 \u201cPar m\u016b\u017ea ieguld\u012bjumu J\u016brmalas sporta att\u012bst\u012bb\u0101\u201d apbalvota ilggad\u0113j\u0101 sporta un soci\u0101lo zin\u012bbu skolot\u0101ja Zane Vilne, kura vair\u0101k nek\u0101 40\u00a0gadu garum\u0101 devusi noz\u012bm\u012bgu ieguld\u012bjumu J\u016brmalas un Latvijas izgl\u012bt\u012bb\u0101, savu darba m\u016b\u017eu veltot jaun\u0101s paaudzes izgl\u012bto\u0161anai un vesel\u012bga dz\u012bvesveida v\u0113rt\u012bbu nostiprin\u0101\u0161anai, iedvesmojot skol\u0113nus uz person\u012bgo izaugsmi, savstarp\u0113ju cie\u0146u un v\u0113rt\u012bbu orient\u0113tu audzin\u0101\u0161anu, nodro\u0161inot emocion\u0101li pozit\u012bvu m\u0101c\u012bbu vidi. <\/p>\n<p>Pedago\u0123isko darbu Zane\u00a0Vilne uzs\u0101kusi 1982.\u00a0gad\u0101 J\u016brmalas 1.\u00a0vidusskol\u0101, v\u0113l\u0101k str\u0101d\u0101jusi J\u016brmalas B\u0113rnu un jaunatnes sporta skol\u0101, bet kop\u0161 1998.\u00a0gada \u2013 J\u016brmalas Majoru vidusskol\u0101. Ilgus gadus vi\u0146a bijusi klases audzin\u0101t\u0101ja, vi\u0146as rado\u0161umu, pozit\u012bvo attieksmi augstu nov\u0113rt\u0113ju\u0161i gan skol\u0113ni, gan pedagogi. Kol\u0113\u0123i, skol\u0113ni un audz\u0113k\u0146u vec\u0101ki Zani Vilni raksturo k\u0101 pras\u012bgu, augsti profesion\u0101lu un iedvesmojo\u0161u person\u012bbu, uz kuru vienm\u0113r var pa\u013cauties.<\/p>\n<p>Tituls\u00a0\u201cGada sportiste\u201d pie\u0161\u0137irts pasaules \u010dempionei pludmales volejbol\u0101 T\u012bnai Laurai Graudi\u0146ai, kura \u0161\u0101 gada novembr\u012b p\u0101r\u012b ar Anastasiju Samoilovu Adelaid\u0113, Austr\u0101lij\u0101, tr\u012bs setu c\u012b\u0146\u0101 izc\u012bn\u012bja zelta meda\u013cas, k\u013c\u016bstot par pasaules lab\u0101ko pludmales volejbola p\u0101ri sieviet\u0113m. Graudi\u0146a ar 10,6% pretinie\u010du neat\u0146emt\u0101m serv\u0113m atz\u012bta par Pasaules t\u016bres lab\u0101ko serv\u0113t\u0101ju, k\u0101 ar\u012b ierindojas augstaj\u0101 2.\u00a0viet\u0101 pasaules efekt\u012bv\u0101k\u0101s uzbruc\u0113jas rang\u0101 un 3.\u00a0viet\u0101 blo\u0137\u0113t\u0101jas rang\u0101.<\/p>\n<p>Titulu \u201cGada sportists\u201d ieguva starptautiskais lielmeistars dambret\u0113 Guntis Valneris, kur\u0161 \u0161aj\u0101 gad\u0101 izc\u012bn\u012bja 1.\u00a0vietu Pasaules \u010dempion\u0101t\u0101 \u0101trsp\u0113l\u0113 100\u00a0lauci\u0146u dambret\u0113, 3.\u00a0vietu Pasaules \u010dempion\u0101t\u0101 rapid\u0101 100\u00a0lauci\u0146u dambret\u0113 v\u012brie\u0161iem un 3.\u00a0vietu Eiropas \u010dempion\u0101t\u0101 klasiskaj\u0101 100\u00a0lauci\u0146u dambret\u0113. <\/p>\n<p>Nomin\u0101cij\u0101 \u201cGada treneris\u201d balva pie\u0161\u0137irta karat\u0113 trenerim Andrejam Ozerovam, kura audz\u0113k\u0146i ar augstiem pan\u0101kumiem vis\u0101s vecuma grup\u0101s start\u0113 Latvijas un starptautiska m\u0113roga sacens\u012bb\u0101s, izc\u012bnot godalgotas vietas, gan individu\u0101los startos, gan komandu v\u0113rt\u0113jumos.<\/p>\n<p>Par \u201cGada komandu\u201d \u0161ogad atz\u012bta J\u016brmalas Sporta skolas M\u0101kslas vingro\u0161anas komanda. Jaun\u0101s sportistes Ren\u0101te Erba, Stef\u0101nija Belova, Linda Ievi\u0146a, Katr\u012bna Ju\u0161kovska, Anastasija And\u017e\u0101ne izc\u012bn\u012bja zelta meda\u013cu Latvijas \u010dempion\u0101t\u0101 grupu vingrojumos. 2025.\u00a0gad\u0101 Latvijas izlases komanda pasaules junioru \u010dempion\u0101t\u0101 \u201c3rd\u00a0Ritmic Gimnastics Junior World Championship\u201d piln\u012bb\u0101 sast\u0101v\u0113ja no J\u016brmalas sportist\u0113m un 35\u00a0valstu komandu konkurenc\u0113 j\u016brmalnieces izc\u012bn\u012bja 27.\u00a0vietu.<\/p>\n<p>Nomin\u0101cij\u0101\u00a0\u201cGada sporta skolot\u0101js\u201d balvu sa\u0146\u0113ma J\u016brmalas Kauguru vidusskolas sporta skolot\u0101js Vladimirs Antonovs.<\/p>\n<p>Titulu \u201cGada uzleco\u0161\u0101 zvaigzne sport\u0101\u201d ieguva jaun\u0101 karatiste Simona Fjodorova, kura izc\u012bn\u012bjusi 2.\u00a0vietu Eiropas \u010dempion\u0101t\u0101 kumit\u0113 kategorij\u0101 vecuma grup\u0101 l\u012bdz 12\u00a0gadiem. Sportiste izc\u012bn\u012bjusi ar\u012b vair\u0101kas zelta un sudraba meda\u013cas Latvijas m\u0113roga un starptautisk\u0101s sacens\u012bb\u0101s. <\/p>\n<p>Nomin\u0101cij\u0101 \u201cGada sporta seniors\u201d apbalvots air\u0113t\u0101js Juris Meikali\u0161s, kas izc\u012bn\u012bjis vienu 1.\u00a0vietu, divas 2.\u00a0vietas, 3.\u00a0un 5.\u00a0vietu pasaules liel\u0101kaj\u0101s air\u0113\u0161anas sacens\u012bb\u0101s veter\u0101niem \u201cWorld Rowing Masters Regatta\u00a02025\u201d. Meikali\u0161s izc\u012bn\u012bjis divas uzvaras Latvijas \u010dempion\u0101tos, ieguvis pirm\u0101s un otr\u0101s vietas starptautisk\u0101s sacens\u012bb\u0101s Lietuv\u0101. <\/p>\n<p>\u201cGada sporta notikums J\u016brmal\u0101\u201d\u00a0\u2013 basketbola entuziastu un profesion\u0101\u013cu sporta sv\u0113tki \u201cJ\u016brmalas 3X3 basketbola \u010dempion\u0101ts\u201d. Tas norisin\u0101j\u0101s vasaras period\u0101 \u010detros posmos, no kuriem viens tika aizvad\u012bts J\u016brmalas pludmal\u0113. Sp\u0113l\u0113t\u0101jiem, kas sasniegu\u0161i 13\u00a0gadu vecumu, bija iesp\u0113ja kr\u0101t punktus individu\u0101lajam Starptautisk\u0101s Basketbola feder\u0101cijas (FIBA) 3&#215;3 basketbola pasaules rangam. Kopum\u0101 visos J\u016brmalas posmos piedal\u012bj\u0101s vair\u0101k nek\u0101 180\u00a0pui\u0161u un meite\u0146u komandu. <\/p>\n<p>Par lab\u0101ko nomin\u0101cij\u0101\u00a0\u201cGada sportists tehniskajos sporta veidos\u201d tika atz\u012bts \u0101trumlaivu pilots Nikita Lijcs, kur\u0161 izc\u012bn\u012bjis 1.\u00a0vietu Eiropas \u010dempion\u0101t\u0101 \u0101trumlaiv\u0101m \u201cFormula 2\u201d.<\/p>\n<p>Titulu \u201cGada sportists paraolimpiskajos sporta veidos\u201d ceturto gadu p\u0113c k\u0101rtas sa\u0146\u0113ma rati\u0146tenisiste \u017danete Vasaraudze-Gail\u012bte. Sportiste izc\u012bn\u012bjusi 2.\u00a0vietu viensp\u0113l\u0113 un 2.\u00a0vietu dubultsp\u0113l\u0113s Starptautisk\u0101s Tenisa feder\u0101cijas\u00a0(ITF) \u201cP\u0142ock Orlen Polish Open\u201d gandar\u012bjuma turn\u012bra fin\u0101l\u0101 un 3.\u00a0vietu dubultsp\u0113l\u0113s\u00a0ITF \u201cP\u0142ock Open\u201d.<\/p>\n<p>Nomin\u0101cij\u0101 \u201cGada sportists jaunie\u0161iem\u201d tika apbalvots d\u017eudists \u0112riks Homka. Vi\u0146\u0161 izc\u012bn\u012bjis 1.\u00a0vietu \u201cMillennium Team\u201d Eiropas kadetu d\u017eudo kaus\u0101 1.\u00a0vietu Baltijas D\u017eudo \u010dempion\u0101t\u0101 un 2.\u00a0vietu Starptautiskaj\u0101 d\u017eudo turn\u012br\u0101. <\/p>\n<p>Par\u00a0\u201cGada sportisti jauniet\u0113m\u201d atz\u012bta jaun\u0101 basketboliste Marta P\u0113tersone. Sportiste Latvijas U16 izlases sast\u0101v\u0101 izc\u012bn\u012bjusi 4.\u00a0vietu Eiropas \u010dempion\u0101t\u0101. Start\u0113jot Latvijas Jaunatnes basketbola \u010dempion\u0101tos U15 un U16 vecuma grup\u0101s, k\u0101 ar\u012b Latvijas Sievie\u0161u basketbola l\u012bgas 2.\u00a0div\u012bzij\u0101, J\u016brmalas Sporta skolas komand\u0101 izc\u012bn\u012btas otr\u0101s vietas, k\u0101 ar\u012b 2.\u00a0vieta Baltijas meite\u0146u Basketbola l\u012bgas (BGBL) posm\u0101 U15 vecuma grup\u0101.<\/p>\n<p>Gada balvas sport\u0101 J\u016brmal\u0101 tiek pie\u0161\u0137irtas jau 26.\u00a0gadu. Apbalvojumu m\u0113r\u0137is ir godin\u0101t sportistus par izciliem pan\u0101kumiem un izteikt atzin\u012bbu tiem, kuri veicin\u0101ju\u0161i vesel\u012bgu un sportisku dz\u012bvesveidu J\u016brmalas iedz\u012bvot\u0101jiem.<\/p>\n","protected":false},"excerpt":{"rendered":"Ceturtdien, 11.\u00a0decembr\u012b, svin\u012bg\u0101 sar\u012bkojum\u0101 Dzintaru koncertz\u0101l\u0113 tika pasniegtas J\u016brmalas Gada balvas sport\u0101\u00a02025. J\u016brmalas gada sportistu tituls pie\u0161\u0137irts dambretistam&hellip;\n","protected":false},"author":2,"featured_media":72350,"comment_status":"","ping_status":"","sticky":false,"template":"","format":"standard","meta":{"footnotes":""},"categories":[17],"tags":[35,39,38,36,37,34,40,67],"class_list":{"0":"post-72349","1":"post","2":"type-post","3":"status-publish","4":"format-standard","5":"has-post-thumbnail","7":"category-sports","8":"tag-latvia","9":"tag-latvian","10":"tag-latviesu","11":"tag-latviesu-valoda","12":"tag-latviesuvaloda","13":"tag-latvija","14":"tag-lv","15":"tag-sports"},"share_on_mastodon":{"url":"https:\/\/pubeurope.com\/@lv\/115706222519356726","error":""},"_links":{"self":[{"href":"https:\/\/www.europesays.com\/lv\/wp-json\/wp\/v2\/posts\/72349","targetHints":{"allow":["GET"]}}],"collection":[{"href":"https:\/\/www.europesays.com\/lv\/wp-json\/wp\/v2\/posts"}],"about":[{"href":"https:\/\/www.europesays.com\/lv\/wp-json\/wp\/v2\/types\/post"}],"author":[{"embeddable":true,"href":"https:\/\/www.europesays.com\/lv\/wp-json\/wp\/v2\/users\/2"}],"replies":[{"embeddable":true,"href":"https:\/\/www.europesays.com\/lv\/wp-json\/wp\/v2\/comments?post=72349"}],"version-history":[{"count":0,"href":"https:\/\/www.europesays.com\/lv\/wp-json\/wp\/v2\/posts\/72349\/revisions"}],"wp:featuredmedia":[{"embeddable":true,"href":"https:\/\/www.europesays.com\/lv\/wp-json\/wp\/v2\/media\/72350"}],"wp:attachment":[{"href":"https:\/\/www.europesays.com\/lv\/wp-json\/wp\/v2\/media?parent=72349"}],"wp:term":[{"taxonomy":"category","embeddable":true,"href":"https:\/\/www.europesays.com\/lv\/wp-json\/wp\/v2\/categories?post=72349"},{"taxonomy":"post_tag","embeddable":true,"href":"https:\/\/www.europesays.com\/lv\/wp-json\/wp\/v2\/tags?post=72349"}],"curies":[{"name":"wp","href":"https:\/\/api.w.org\/{rel}","templated":true}]}}