{"id":72351,"date":"2025-12-12T10:54:07","date_gmt":"2025-12-12T10:54:07","guid":{"rendered":"https:\/\/www.europesays.com\/lv\/72351\/"},"modified":"2025-12-12T10:54:07","modified_gmt":"2025-12-12T10:54:07","slug":"bulgarijas-valdiba-atkapjas-prieksa-neskaidrs-politiskais-periods","status":"publish","type":"post","link":"https:\/\/www.europesays.com\/lv\/72351\/","title":{"rendered":"Bulg\u0101rijas vald\u012bba atk\u0101pjas; priek\u0161\u0101 neskaidrs politiskais periods &#8211;"},"content":{"rendered":"<p style=\"text-align: justify;\">Bulg\u0101rijas vald\u012bbas atk\u0101p\u0161an\u0101s 11.decembr\u012b pieliek punktu nepopul\u0101rajai koal\u012bcijai, tom\u0113r visticam\u0101k aizs\u0101ks politiski \u013coti nestabilu periodu vien da\u017eas ned\u0113\u013cas pirms valsts pievieno\u0161an\u0101s eirozonai, raksta zi\u0146u a\u0123ent\u016bra \u201cReuters.\u201d<\/p>\n<p style=\"text-align: justify;\">Eiropas Savien\u012bbas un NATO dal\u012bbvalsts Bulg\u0101rija p\u0113d\u0113jo \u010detru gadu laik\u0101 pieredz\u0113jusi jau septi\u0146as parlamenta v\u0113l\u0113\u0161anas, un politiskaj\u0101 ain\u0101 domin\u0113 sa\u0161\u0137elt\u012bba, kas ne\u013cauj ilgsto\u0161i notur\u0113t sasaukumus. Aizejo\u0161\u0101 vald\u012bba s\u0101ka darbu janv\u0101r\u012b, un cer\u0113ja vismaz sagaid\u012bt eiro ievie\u0161anu 2026.gada 1.janv\u0101r\u012b, tom\u0113r p\u0113c ned\u0113\u013c\u0101m ilgiem protestiem pret korupciju jauno bud\u017eetu premjerministrs Rosens \u017de\u013cazkovs pazi\u0146ojis par vald\u012bbas atk\u0101p\u0161anos.<\/p>\n<p style=\"text-align: justify;\">\u017de\u013cazkova atk\u0101p\u0161anos piepras\u012bja ar\u012b Buld\u0101rijas prezidents Rumens Radevs.<\/p>\n<p style=\"text-align: justify;\">Reakcija galvaspils\u0113tas Sofijas iel\u0101s p\u0113c vald\u012bbas atk\u0101p\u0161an\u0101s bija pieklusin\u0101ta, tom\u0113r da\u017ei bija piesardz\u012bgi optimistiski vismaz par vienu jaut\u0101jumu \u2013 vald\u012bba uzklaus\u012bja protest\u0113t\u0101jus. Viens no protestu dal\u012bbniekiem sac\u012bja, ka sen bija laiks atk\u0101pties. Vi\u0146\u0161 ne\u0161auboties, ka vald\u012bb\u0101 ir ar\u012b sapr\u0101t\u012bgi, inteli\u0123enti cilv\u0113ki, kas var izdom\u0101t ko j\u0113dz\u012bgu un izbeigt p\u0101rk\u0101pumus, kas nov\u0113roti.<\/p>\n<p style=\"text-align: justify;\">Ja netiks izveidota jauna vald\u012bba, Bulg\u0101rijai ir priek\u0161\u0101 k\u0101rt\u0113j\u0101s v\u0113l\u0113\u0161anas. Demokr\u0101tijas p\u0113t\u012bjumu centra Likumu programmas direktors Dimitars Markovs sac\u012bja, ka past\u0101v risks non\u0101kt pie k\u0101rt\u0113j\u0101s v\u0113l\u0113\u0161anu s\u0113rijas.<\/p>\n<blockquote>\n<p style=\"text-align: center;\">Protesti s\u0101k\u0101s novembra beig\u0101s, kad \u017de\u013cazkova tr\u012bs partiju vald\u012bba iepaz\u012bstin\u0101ja ar bud\u017eeta projektu,<\/p>\n<\/blockquote>\n<p style=\"text-align: justify;\">kur\u0161 paredz\u0113ja soci\u0101lo iemaksu palielin\u0101\u0161anu un liel\u0101kus nodok\u013cus no dividend\u0113m, lai segtu valsts pieaugo\u0161os t\u0113ri\u0146us. Tos paaugstin\u0101ja liel\u0101ku l\u012bdzek\u013cu novirz\u012b\u0161ana policijai, dro\u0161\u012bbas dienestiem un tieslietu sist\u0113mai \u2013 instit\u016bcij\u0101m, kas bulg\u0101ru ac\u012bs gadu gait\u0101 zaud\u0113ju\u0161as uzticam\u012bbu, un Bulg\u0101rija tiek uzskat\u012bta par vienu no korump\u0113t\u0101kaj\u0101m ES valst\u012bm. Bud\u017eeta projekts tika atsaukts, bet sa\u0161utums palika.<\/p>\n<p style=\"text-align: justify;\">Daudzus jau bija sar\u016bgtin\u0101ju\u0161i citi vald\u012bbas l\u0113mumi, tostarp c\u012b\u0146a pret eiropeiski virz\u012bto opoz\u012bciju. T\u0101s rezult\u0101t\u0101 piej\u016bras pils\u0113tas Varnas m\u0113rs Blagomirs Kocevs vair\u0101kus m\u0113ne\u0161us pavad\u012bja cietum\u0101, aps\u016bdz\u0113ts par korupciju. Blagomirs savu vainu noliedz.<\/p>\n<p style=\"text-align: justify;\">Protesti pastiprin\u0101j\u0101s 10.decembr\u012b, kad desmitiem t\u016bksto\u0161i bulg\u0101ru izg\u0101ja iel\u0101s, lai pras\u012btu vald\u012bbas atk\u0101p\u0161anos. Protesti iez\u012bm\u0113ja vienu no liel\u0101kaj\u0101m pret vald\u012bbu v\u0113rstaj\u0101m akcij\u0101m kop\u0161 komunisma kri\u0161anas 1989.gad\u0101, un protest\u0113t\u0101ju daudzveid\u012bgais demogr\u0101fiskais un politiskais sast\u0101vs tos at\u0161\u0137\u012bra no iepriek\u0161 notiku\u0161ajiem protestiem.<\/p>\n<p style=\"text-align: justify;\">Markovs nor\u0101d\u012bja, ka spriedze auga jau ilgu laiku, un bud\u017eeta projekts bija p\u0113d\u0113jais piliens.<\/p>\n<blockquote>\n<p style=\"text-align: center;\">Daudzi no protestu dal\u012bbniekiem bija pils\u0113t\u0101s dz\u012bvojo\u0161i profesion\u0101\u013ci, kuri atbalsta eiro ievie\u0161anu,<\/p>\n<\/blockquote>\n<p style=\"text-align: justify;\">un v\u0113las, lai valsts iek\u013caujas Eiropas politikas ain\u0101 p\u0113c gr\u016bt\u0101s p\u0101rejas uz demokr\u0101tiju, ko ap\u0113noja organiz\u0113t\u0101 noziedz\u012bba un korump\u0113ti politi\u0137i. Tom\u0113r starp demostr\u0101ciju dal\u012bbniekiem bija ar\u012b eiroskepti\u0137i, kuri baid\u0101s, ka eiro ievie\u0161ana palielin\u0101s infl\u0101ciju, un uzskata, ka Sofijai nepiecie\u0161ams saglab\u0101t saikni ar Maskavu.<\/p>\n<p style=\"text-align: justify;\">Tagad prezidents dos parlamenta liel\u0101kajai partijai GERB iesp\u0113ju veidot jaunu vald\u012bbu, tom\u0113r jau tagad skaidrs, ka b\u016bs sare\u017e\u0123\u012bti g\u016bt tai atbalstu devi\u0146u partiju veidotaj\u0101 parlament\u0101. Ja GERB neizdosies izveidot vald\u012bbu, vai t\u0101 attieksies to dar\u012bt, iesp\u0113ja tiks dota div\u0101m cit\u0101m liel\u0101kaj\u0101m partij\u0101m. Ja ar\u012b tas neizdosies, Radevs noz\u012bm\u0113s pagaidu vald\u012bbu un izsludin\u0101s \u0101rk\u0101rtas v\u0113l\u0113\u0161anas. Tas var iegr\u016bst Bulg\u0101riju n\u0101kamaj\u0101 atk\u0101rtotu v\u0113l\u0113\u0161anu cikla, ja neviens nesp\u0113s izveidot funkcion\u0113jo\u0161u koal\u012bciju.<\/p>\n<p style=\"text-align: justify;\"><a href=\"https:\/\/bnn.lv\/bulgarija-uzliesmo-protesti-tukstosi-pieprasa-valdibas-atkapsanos-67534\" target=\"_blank\" rel=\"noopener nofollow\">Lasiet ar\u012b: Bulg\u0101rij\u0101 uzliesmo protesti; t\u016bksto\u0161i pieprasa vald\u012bbas atk\u0101p\u0161anos<\/a><\/p>\n<p>Seko mums ar\u012b\u00a0<a href=\"https:\/\/www.facebook.com\/bnnlv\" rel=\"nofollow noopener\" target=\"_blank\">Facebook<\/a>,\u00a0<a href=\"https:\/\/www.draugiem.lv\/bnn.lv\/\" rel=\"nofollow noopener\" target=\"_blank\">Draugiem<\/a>\u00a0un\u00a0<a href=\"https:\/\/twitter.com\/home\" rel=\"nofollow noopener\" target=\"_blank\">X!<\/a><\/p>\n<p><script async src=\"https:\/\/platform.twitter.com\/widgets.js\" charset=\"utf-8\"><\/script><\/p>\n","protected":false},"excerpt":{"rendered":"Bulg\u0101rijas vald\u012bbas atk\u0101p\u0161an\u0101s 11.decembr\u012b pieliek punktu nepopul\u0101rajai koal\u012bcijai, tom\u0113r visticam\u0101k aizs\u0101ks politiski \u013coti nestabilu periodu vien da\u017eas ned\u0113\u013cas&hellip;\n","protected":false},"author":2,"featured_media":72352,"comment_status":"","ping_status":"","sticky":false,"template":"","format":"standard","meta":{"footnotes":""},"categories":[14],"tags":[23,57,28,29,32,33,22,30,31,35,39,38,36,37,34,40,20,26,27,24,25,54,55,56,21,58],"class_list":{"0":"post-72351","1":"post","2":"type-post","3":"status-publish","4":"format-standard","5":"has-post-thumbnail","7":"category-zinas-no-arvalstim","8":"tag-aktualitates","9":"tag-arvalstim","10":"tag-breaking-news","11":"tag-breakingnews","12":"tag-featured-news","13":"tag-featurednews","14":"tag-headlines","15":"tag-latest-news","16":"tag-latestnews","17":"tag-latvia","18":"tag-latvian","19":"tag-latviesu","20":"tag-latviesu-valoda","21":"tag-latviesuvaloda","22":"tag-latvija","23":"tag-lv","24":"tag-news","25":"tag-popularakas-zinas","26":"tag-popularakaszinas","27":"tag-top-stories","28":"tag-topstories","29":"tag-world","30":"tag-world-news","31":"tag-worldnews","32":"tag-zinas","33":"tag-zinas-no-arvalstim"},"share_on_mastodon":{"url":"https:\/\/pubeurope.com\/@lv\/115706230380403629","error":""},"_links":{"self":[{"href":"https:\/\/www.europesays.com\/lv\/wp-json\/wp\/v2\/posts\/72351","targetHints":{"allow":["GET"]}}],"collection":[{"href":"https:\/\/www.europesays.com\/lv\/wp-json\/wp\/v2\/posts"}],"about":[{"href":"https:\/\/www.europesays.com\/lv\/wp-json\/wp\/v2\/types\/post"}],"author":[{"embeddable":true,"href":"https:\/\/www.europesays.com\/lv\/wp-json\/wp\/v2\/users\/2"}],"replies":[{"embeddable":true,"href":"https:\/\/www.europesays.com\/lv\/wp-json\/wp\/v2\/comments?post=72351"}],"version-history":[{"count":0,"href":"https:\/\/www.europesays.com\/lv\/wp-json\/wp\/v2\/posts\/72351\/revisions"}],"wp:featuredmedia":[{"embeddable":true,"href":"https:\/\/www.europesays.com\/lv\/wp-json\/wp\/v2\/media\/72352"}],"wp:attachment":[{"href":"https:\/\/www.europesays.com\/lv\/wp-json\/wp\/v2\/media?parent=72351"}],"wp:term":[{"taxonomy":"category","embeddable":true,"href":"https:\/\/www.europesays.com\/lv\/wp-json\/wp\/v2\/categories?post=72351"},{"taxonomy":"post_tag","embeddable":true,"href":"https:\/\/www.europesays.com\/lv\/wp-json\/wp\/v2\/tags?post=72351"}],"curies":[{"name":"wp","href":"https:\/\/api.w.org\/{rel}","templated":true}]}}