{"id":72384,"date":"2025-12-12T11:40:08","date_gmt":"2025-12-12T11:40:08","guid":{"rendered":"https:\/\/www.europesays.com\/lv\/72384\/"},"modified":"2025-12-12T11:40:08","modified_gmt":"2025-12-12T11:40:08","slug":"latvijas-futbola-izlases-galvenais-treneris-nikolato-tiek-atalgots-ar-jaunu-ligumu","status":"publish","type":"post","link":"https:\/\/www.europesays.com\/lv\/72384\/","title":{"rendered":"Latvijas futbola izlases galvenais treneris Nikolato tiek atalgots ar jaunu l\u012bgumu"},"content":{"rendered":"<p>                                <img decoding=\"async\" src=\"https:\/\/www.europesays.com\/lv\/wp-content\/uploads\/2025\/12\/lff_ni_md-1_and-lva_20.03.2025-112-750x450.jpg\"   alt=\"Paolo Nikolato\" class=\"post-featured-image\"\/><\/p>\n<p>Paolo Nikolato | Foto: LFF<\/p>\n<p>Latvijas futbola izlases galvenais treneris <a href=\"https:\/\/www.sportazinas.com\/atsl\u0113gv\u0101rdi\/paolo-nikolato\/\" rel=\"nofollow noopener\" target=\"_blank\">Paolo Nikolato<\/a> paliks amat\u0101 vismaz l\u012bdz apr\u012blim. Piektdien Latvijas Futbola feder\u0101cijas (LFF) valde <a href=\"https:\/\/lff.lv\/zinas\/18679\/jauns-ligums-ar-paolo-nikolato\/\" target=\"_blank\" rel=\"noreferrer noopener nofollow\">l\u0113ma<\/a> pagarin\u0101t l\u012bgumu ar it\u0101\u013cu speci\u0101listu l\u012bdz 2026. gada apr\u012blim.<\/p>\n<p>K\u0101 zin\u0101ms, 2026. gada 26. un 31. mart\u0101 Latvijas izlasi gaida izsl\u0113g\u0161anas sp\u0113les par vietas saglab\u0101\u0161anu UEFA N\u0101ciju C l\u012bg\u0101, aizvadot divas sp\u0113les ar Gibralt\u0101ru.<\/p>\n<p>It\u0101\u013cu speci\u0101lists Paolo Nikolato par Latvijas izlases galveno treneri k\u013cuva 2024. gada s\u0101kum\u0101. Vi\u0146am izvirz\u012btais minim\u0101lais uzdevums darba pirmaj\u0101 gad\u0101 bija nosarg\u0101t vietu UEFA N\u0101ciju l\u012bgas C div\u012bzij\u0101. \u0160\u012b uzdevuma izpilde v\u0113l ir iesp\u0113jama gaid\u0101maj\u0101s marta sp\u0113l\u0113s ar Gibralt\u0101ru.<\/p>\n<p>\u201cP\u0113c abpus\u0113jas vieno\u0161an\u0101s ar treneri m\u0113s nol\u0113m\u0101m pagarin\u0101t l\u012bgumu l\u012bdz UEFA N\u0101ciju l\u012bgas\u00a0play-off\u00a0ma\u010du beig\u0101m. P\u0113c tam m\u0113s v\u0113lreiz s\u0113d\u012bsimies pie galda un kop\u012bgi apspried\u012bsim strat\u0113\u0123iju n\u0101kotnei,\u201d nor\u0101d\u012bja LFF prezidents Vadims \u013ba\u0161enko.<\/p>\n<p>\u201cGaid\u0101m\u0101 nometne mart\u0101 sniedz mums lielisku iesp\u0113ju. Esmu priec\u012bgs, ka mums izdevies pan\u0101kt vieno\u0161anos, kas \u013cauj mums turpin\u0101t tikt\u0101l labi ies\u0101kto darbu. Pateicos LFF valdei un prezidentam,\u201d l\u012bguma pagarin\u0101\u0161anu uz \u010detriem m\u0113ne\u0161iem koment\u0113ja Paolo Nikolato.<\/p>\n<p>20 ma\u010dos Nikolato vad\u012bb\u0101 Latvijas izlase izc\u012bn\u012bjusi tr\u012bs uzvaras un septi\u0146us neiz\u0161\u0137irtus. 2026. gada febru\u0101r\u012b izloz\u0113 noskaidrosies Latvijas izlases iesp\u0113jamie pretinieki ruden\u012b notieko\u0161aj\u0101 UEFA N\u0101ciju l\u012bg\u0101.<\/p>\n","protected":false},"excerpt":{"rendered":"Paolo Nikolato | Foto: LFF Latvijas futbola izlases galvenais treneris Paolo Nikolato paliks amat\u0101 vismaz l\u012bdz apr\u012blim. Piektdien&hellip;\n","protected":false},"author":2,"featured_media":72385,"comment_status":"","ping_status":"","sticky":false,"template":"","format":"standard","meta":{"footnotes":""},"categories":[17],"tags":[35,39,38,36,37,34,40,67],"class_list":{"0":"post-72384","1":"post","2":"type-post","3":"status-publish","4":"format-standard","5":"has-post-thumbnail","7":"category-sports","8":"tag-latvia","9":"tag-latvian","10":"tag-latviesu","11":"tag-latviesu-valoda","12":"tag-latviesuvaloda","13":"tag-latvija","14":"tag-lv","15":"tag-sports"},"share_on_mastodon":{"url":"https:\/\/pubeurope.com\/@lv\/115706411428612323","error":""},"_links":{"self":[{"href":"https:\/\/www.europesays.com\/lv\/wp-json\/wp\/v2\/posts\/72384","targetHints":{"allow":["GET"]}}],"collection":[{"href":"https:\/\/www.europesays.com\/lv\/wp-json\/wp\/v2\/posts"}],"about":[{"href":"https:\/\/www.europesays.com\/lv\/wp-json\/wp\/v2\/types\/post"}],"author":[{"embeddable":true,"href":"https:\/\/www.europesays.com\/lv\/wp-json\/wp\/v2\/users\/2"}],"replies":[{"embeddable":true,"href":"https:\/\/www.europesays.com\/lv\/wp-json\/wp\/v2\/comments?post=72384"}],"version-history":[{"count":0,"href":"https:\/\/www.europesays.com\/lv\/wp-json\/wp\/v2\/posts\/72384\/revisions"}],"wp:featuredmedia":[{"embeddable":true,"href":"https:\/\/www.europesays.com\/lv\/wp-json\/wp\/v2\/media\/72385"}],"wp:attachment":[{"href":"https:\/\/www.europesays.com\/lv\/wp-json\/wp\/v2\/media?parent=72384"}],"wp:term":[{"taxonomy":"category","embeddable":true,"href":"https:\/\/www.europesays.com\/lv\/wp-json\/wp\/v2\/categories?post=72384"},{"taxonomy":"post_tag","embeddable":true,"href":"https:\/\/www.europesays.com\/lv\/wp-json\/wp\/v2\/tags?post=72384"}],"curies":[{"name":"wp","href":"https:\/\/api.w.org\/{rel}","templated":true}]}}