{"id":72386,"date":"2025-12-12T11:43:11","date_gmt":"2025-12-12T11:43:11","guid":{"rendered":"https:\/\/www.europesays.com\/lv\/72386\/"},"modified":"2025-12-12T11:43:11","modified_gmt":"2025-12-12T11:43:11","slug":"ir-uzsakta-bilesu-tirdznieciba-uz-maza-princa-ziemassvetku-muzikalo-tramvaju","status":"publish","type":"post","link":"https:\/\/www.europesays.com\/lv\/72386\/","title":{"rendered":"Ir uzs\u0101kta bi\u013ce\u0161u tirdzniec\u012bba uz &#8220;Maz\u0101 prin\u010da Ziemassv\u0113tku muzik\u0101lo tramvaju&#8221;"},"content":{"rendered":"<p>\t\t        \t<a href=\"https:\/\/www.daugavpils.lv\/assets\/upload\/news\/2025\/12\/muzikalais-tramvajs-002-max_max.jpg\" rel=\"nofollow noopener\" target=\"_blank\"><img decoding=\"async\" src=\"https:\/\/www.europesays.com\/lv\/wp-content\/uploads\/2025\/12\/muzikalais-tramvajs-002-max_sml.jpg\" class=\"news-image\" title=\"Ir uzs\u0101kta bi\u013ce\u0161u tirdzniec\u012bba uz \" maz=\"\" prin=\"\" ziemassv=\"\" muzik=\"\" tramvaju=\"\" alt=\"Ir uzs\u0101kta bi\u013ce\u0161u tirdzniec\u012bba uz \"\/><\/a><\/p>\n<p>No \u0161odienas, 12. decembra, ir uzs\u0101kta bi\u013ce\u0161u tirdzniec\u012bba uz Retro tramvaja Ziemassv\u0113tku laika braucieniem &#8220;Maz\u0101 prin\u010da Ziemassv\u0113tku muzik\u0101lais tramvajs&#8221;.<\/p>\n<p>&#13;<\/p>\n<p>Ar\u012b \u0161ogad Daugavpil\u012b notiks Retro tramvaja Ziemassv\u0113tku laika braucieni, kuru laik\u0101 \u0161oreiz iepaz\u012bsimies ar Mazo princi un vi\u0146a kosmiskajiem piedz\u012bvojumiem, kas k\u0101rt\u0113jo reizi liks nov\u0113rt\u0113t \u012bstu draudz\u012bbu, l\u012bdzj\u016bt\u012bbu un tic\u012bbu labajam. Par muzik\u0101lo atmosf\u0113ru par\u016bp\u0113sies dzied\u0101t\u0101ja Lidija Breska un \u0123it\u0101rists P\u0101vels Golubevs.<\/p>\n<p>&#13;<\/p>\n<p>Bi\u013cetes var ieg\u0101d\u0101ties \u201cBi\u013ce\u0161u parad\u012bze\u201d\u00a0kas\u0113s un\u00a0<a href=\"https:\/\/www.bilesuparadize.lv\/lv\/performance\/37041\" rel=\"nofollow noopener\" target=\"_blank\">internet\u0101<\/a>.<\/p>\n<p>&#13;<\/p>\n<p>Ce\u013cojums s\u0101ksies no pieturas \u201cVien\u012bbas nams\u201d (pie te\u0101tra), turpin\u0101sies tramvaja Nr. 1 mar\u0161rut\u0101, ilgs vienu stundu un nosl\u0113gsies pietur\u0101 \u201cVien\u012bbas nams\u201d (pie te\u0101tra).<\/p>\n<p>&#13;<\/p>\n<p>Braucienu laiki \u2013<\/p>\n<p>&#13;<\/p>\n<p>27.12. plkst. 17.00 un 18.00<br \/>30.12. plkst. 17.00 un 18.00<br \/>05.01. plkst. 17.00 un 18.00<\/p>\n<p>&#13;<\/p>\n<p>Braucienus organiz\u0113 DVPI \u201cVien\u012bbas nams\u201d Latvie\u0161u un latgalie\u0161u kult\u016bras centrs sadarb\u012bb\u0101 ar SIA \u201cDaugavpils satiksme\u201d.<br \/>Inform\u0113jam, ka pas\u0101kumu laik\u0101 notiks film\u0113\u0161ana un fotograf\u0113\u0161ana publicit\u0101tes un v\u0113sturiskaj\u0101m vajadz\u012bb\u0101m.<\/p>\n<p>&#13;<\/p>\n<p>Papildu inform\u0101cija:<br \/>DVPI \u201cVien\u012bbas nams\u201d<br \/>Latvie\u0161u un latgalie\u0161u kult\u016bras centrs<br \/>t.: +371 654 27552<br \/><a href=\"http:\/\/www.vienibasnams.lv\/\" rel=\"nofollow noopener\" target=\"_blank\">www.vienibasnams.lv<\/a><\/p>\n<p>&#13;<\/p>\n<p><img loading=\"lazy\" decoding=\"async\" src=\"https:\/\/www.europesays.com\/lv\/wp-content\/uploads\/2025\/12\/20251227_20260105_muzikalais_tramvajs-22222.jpg\" alt=\"\" width=\"500\" height=\"700\"\/><\/p>\n","protected":false},"excerpt":{"rendered":"No \u0161odienas, 12. decembra, ir uzs\u0101kta bi\u013ce\u0161u tirdzniec\u012bba uz Retro tramvaja Ziemassv\u0113tku laika braucieniem &#8220;Maz\u0101 prin\u010da Ziemassv\u0113tku muzik\u0101lais&hellip;\n","protected":false},"author":2,"featured_media":72387,"comment_status":"","ping_status":"","sticky":false,"template":"","format":"standard","meta":{"footnotes":""},"categories":[12],"tags":[23,28,29,32,33,22,30,31,35,39,38,36,37,34,40,20,26,27,24,25,21],"class_list":{"0":"post-72386","1":"post","2":"type-post","3":"status-publish","4":"format-standard","5":"has-post-thumbnail","7":"category-latvija","8":"tag-aktualitates","9":"tag-breaking-news","10":"tag-breakingnews","11":"tag-featured-news","12":"tag-featurednews","13":"tag-headlines","14":"tag-latest-news","15":"tag-latestnews","16":"tag-latvia","17":"tag-latvian","18":"tag-latviesu","19":"tag-latviesu-valoda","20":"tag-latviesuvaloda","21":"tag-latvija","22":"tag-lv","23":"tag-news","24":"tag-popularakas-zinas","25":"tag-popularakaszinas","26":"tag-top-stories","27":"tag-topstories","28":"tag-zinas"},"share_on_mastodon":{"url":"https:\/\/pubeurope.com\/@lv\/115706423298380748","error":""},"_links":{"self":[{"href":"https:\/\/www.europesays.com\/lv\/wp-json\/wp\/v2\/posts\/72386","targetHints":{"allow":["GET"]}}],"collection":[{"href":"https:\/\/www.europesays.com\/lv\/wp-json\/wp\/v2\/posts"}],"about":[{"href":"https:\/\/www.europesays.com\/lv\/wp-json\/wp\/v2\/types\/post"}],"author":[{"embeddable":true,"href":"https:\/\/www.europesays.com\/lv\/wp-json\/wp\/v2\/users\/2"}],"replies":[{"embeddable":true,"href":"https:\/\/www.europesays.com\/lv\/wp-json\/wp\/v2\/comments?post=72386"}],"version-history":[{"count":0,"href":"https:\/\/www.europesays.com\/lv\/wp-json\/wp\/v2\/posts\/72386\/revisions"}],"wp:featuredmedia":[{"embeddable":true,"href":"https:\/\/www.europesays.com\/lv\/wp-json\/wp\/v2\/media\/72387"}],"wp:attachment":[{"href":"https:\/\/www.europesays.com\/lv\/wp-json\/wp\/v2\/media?parent=72386"}],"wp:term":[{"taxonomy":"category","embeddable":true,"href":"https:\/\/www.europesays.com\/lv\/wp-json\/wp\/v2\/categories?post=72386"},{"taxonomy":"post_tag","embeddable":true,"href":"https:\/\/www.europesays.com\/lv\/wp-json\/wp\/v2\/tags?post=72386"}],"curies":[{"name":"wp","href":"https:\/\/api.w.org\/{rel}","templated":true}]}}