{"id":72388,"date":"2025-12-12T11:44:07","date_gmt":"2025-12-12T11:44:07","guid":{"rendered":"https:\/\/www.europesays.com\/lv\/72388\/"},"modified":"2025-12-12T11:44:07","modified_gmt":"2025-12-12T11:44:07","slug":"tiesas-prieksa-stasies-mate-kuras-nolaidibas-del-ropazu-novada-diki-noslika-sesus-gadus-veca-meita","status":"publish","type":"post","link":"https:\/\/www.europesays.com\/lv\/72388\/","title":{"rendered":"Tiesas priek\u0161\u0101 st\u0101sies m\u0101te, kuras nolaid\u012bbas d\u0113\u013c Ropa\u017eu novad\u0101 d\u012b\u0137\u012b nosl\u012bka se\u0161us gadus veca meita"},"content":{"rendered":"<p>Aps\u016bdz\u012bba celta par cietsird\u012bbu pret mazgad\u012bgo, nodarot fiziskas cie\u0161anas, un prettiesisku non\u0101v\u0113\u0161anu aiz neuzman\u012bbas.<\/p>\n<p>Aps\u016bdz\u0113t\u0101 bija palaidusi mazgad\u012bgo meitu \u0101r\u0101 pagalm\u0101 vienu sp\u0113l\u0113ties, bet pati palika dz\u012bvesviet\u0101. Aps\u016bdz\u0113t\u0101 bijusi psihotropo vielu ietekm\u0113, l\u012bdz ar to atst\u0101jusi b\u0113rnu bez uzraudz\u012bbas. Aps\u016bdz\u0113t\u0101 pie\u013c\u0101vusi, ka mazgad\u012bg\u0101 meita viena pati ilgsto\u0161i atrodas \u0101rpus dz\u012bvesvietas ziem\u0101, diennakts tum\u0161aj\u0101 laik\u0101.<\/p>\n<p>N\u0101kam\u0101s dienas r\u012bt\u0101 meitene tika atrasta bez dz\u012bv\u012bbas paz\u012bm\u0113m piem\u0101jas teritorij\u0101 eso\u0161aj\u0101 d\u012b\u0137\u012b.<\/p>\n<p>Aps\u016bdz\u0113t\u0101 savu vainu vi\u0146ai inkrimin\u0113to noziedz\u012bgo nodar\u012bjumu izdar\u012b\u0161an\u0101 atzinusi piln\u012bb\u0101.<\/p>\n<p>Prokurat\u016bra atz\u012bm\u0113, ka \u0161\u012b lieta apliecina, ka vec\u0101ku nolaid\u012bga r\u012bc\u012bba attiec\u012bb\u0101 pret b\u0113rnu var novest pie krimin\u0101latbild\u012bbas iest\u0101\u0161an\u0101s.<\/p>\n","protected":false},"excerpt":{"rendered":"Aps\u016bdz\u012bba celta par cietsird\u012bbu pret mazgad\u012bgo, nodarot fiziskas cie\u0161anas, un prettiesisku non\u0101v\u0113\u0161anu aiz neuzman\u012bbas. Aps\u016bdz\u0113t\u0101 bija palaidusi mazgad\u012bgo&hellip;\n","protected":false},"author":2,"featured_media":72389,"comment_status":"","ping_status":"","sticky":false,"template":"","format":"standard","meta":{"footnotes":""},"categories":[5],"tags":[23,18409,28,29,32,33,22,30,31,35,39,38,36,37,34,40,20,26,27,375,24,25,21],"class_list":{"0":"post-72388","1":"post","2":"type-post","3":"status-publish","4":"format-standard","5":"has-post-thumbnail","7":"category-aktualitates","8":"tag-aktualitates","9":"tag-berni-vienaldziba","10":"tag-breaking-news","11":"tag-breakingnews","12":"tag-featured-news","13":"tag-featurednews","14":"tag-headlines","15":"tag-latest-news","16":"tag-latestnews","17":"tag-latvia","18":"tag-latvian","19":"tag-latviesu","20":"tag-latviesu-valoda","21":"tag-latviesuvaloda","22":"tag-latvija","23":"tag-lv","24":"tag-news","25":"tag-popularakas-zinas","26":"tag-popularakaszinas","27":"tag-tiesa","28":"tag-top-stories","29":"tag-topstories","30":"tag-zinas"},"share_on_mastodon":{"url":"https:\/\/pubeurope.com\/@lv\/115706427021213186","error":""},"_links":{"self":[{"href":"https:\/\/www.europesays.com\/lv\/wp-json\/wp\/v2\/posts\/72388","targetHints":{"allow":["GET"]}}],"collection":[{"href":"https:\/\/www.europesays.com\/lv\/wp-json\/wp\/v2\/posts"}],"about":[{"href":"https:\/\/www.europesays.com\/lv\/wp-json\/wp\/v2\/types\/post"}],"author":[{"embeddable":true,"href":"https:\/\/www.europesays.com\/lv\/wp-json\/wp\/v2\/users\/2"}],"replies":[{"embeddable":true,"href":"https:\/\/www.europesays.com\/lv\/wp-json\/wp\/v2\/comments?post=72388"}],"version-history":[{"count":0,"href":"https:\/\/www.europesays.com\/lv\/wp-json\/wp\/v2\/posts\/72388\/revisions"}],"wp:featuredmedia":[{"embeddable":true,"href":"https:\/\/www.europesays.com\/lv\/wp-json\/wp\/v2\/media\/72389"}],"wp:attachment":[{"href":"https:\/\/www.europesays.com\/lv\/wp-json\/wp\/v2\/media?parent=72388"}],"wp:term":[{"taxonomy":"category","embeddable":true,"href":"https:\/\/www.europesays.com\/lv\/wp-json\/wp\/v2\/categories?post=72388"},{"taxonomy":"post_tag","embeddable":true,"href":"https:\/\/www.europesays.com\/lv\/wp-json\/wp\/v2\/tags?post=72388"}],"curies":[{"name":"wp","href":"https:\/\/api.w.org\/{rel}","templated":true}]}}