{"id":72390,"date":"2025-12-12T11:46:08","date_gmt":"2025-12-12T11:46:08","guid":{"rendered":"https:\/\/www.europesays.com\/lv\/72390\/"},"modified":"2025-12-12T11:46:08","modified_gmt":"2025-12-12T11:46:08","slug":"sandis-ozolins-atgriezas-asv-uz-stenlija-kausa-jubilejas-ceremoniju-pirms-nhl-speles","status":"publish","type":"post","link":"https:\/\/www.europesays.com\/lv\/72390\/","title":{"rendered":"Sandis Ozoli\u0146\u0161 atgrie\u017eas ASV uz Stenlija kausa jubilejas ceremoniju pirms NHL sp\u0113les"},"content":{"rendered":"<p>Jau v\u0113st\u012bts, ka latvie\u0161u aizsarga Uvja J\u0101\u0146a Balinska p\u0101rst\u0101v\u0113t\u0101 Nacion\u0101l\u0101s hokeja l\u012bgas (<a href=\"https:\/\/www.apollo.lv\/term\/10077\/nhl\" class=\"topicLink\" target=\"_blank\" rel=\"nofollow noopener\">NHL<\/a>) \u010dempione Floridas &#8220;Panthers&#8221; ceturtdien viesos ar rezult\u0101tu 2:6 (1:2, 0:3, 1:1) piek\u0101p\u0101s Kolor\u0101do &#8220;Avalanche&#8221;.<\/p>\n<p>\u0160aj\u0101 ma\u010d\u0101 tik\u0101s iepriek\u0161\u0113jo divu sezonu Stenlija kausa izc\u012b\u0146as uzvar\u0113t\u0101ja ar \u0161\u012bs sezonas regul\u0101r\u0101 \u010dempion\u0101ta l\u012bdervien\u012bbu.<\/p>\n<p>Balinskis ir iepriek\u0161\u0113jo divu sezonu NHL \u010dempions, bet 2023. gad\u0101 Stenlija kausu Vegasas &#8220;Golden Knights&#8221; sast\u0101v\u0101 izc\u012bn\u012bja Latvijas uzbruc\u0113js Teodors B\u013cugers.<\/p>\n<p>Savuk\u0101rt pirmais Latvijas hokejists, kuram izdev\u0101s izc\u012bn\u012bt Stenlija kausu, ir aizsargs <a href=\"https:\/\/www.apollo.lv\/term\/557778\/sandis-ozolins\" class=\"topicLink\" target=\"_blank\" rel=\"nofollow noopener\">Sandis Ozoli\u0146\u0161<\/a>, kur\u0161 to paveica 1996. gad\u0101 &#8220;Avalanche&#8221; komand\u0101, kas fin\u0101l\u0101 p\u0101rsp\u0113ja tie\u0161i &#8220;Panthers&#8221;.<\/p>\n<p>1996. gada NHL &#8220;play-off&#8221; turn\u012br\u0101 Ozoli\u0146\u0161 piedal\u012bj\u0101s 22 sp\u0113l\u0113s un sakr\u0101ja 19 rezultativit\u0101tes punktus (5 v\u0101rti + 14 piesp\u0113les). Stenlija kausa izc\u012b\u0146\u0101 vi\u0146\u0161 bija rezultat\u012bv\u0101kais aizsargs un kopum\u0101 dev\u012btais rezultat\u012bv\u0101kais sp\u0113l\u0113t\u0101js.<\/p>\n","protected":false},"excerpt":{"rendered":"Jau v\u0113st\u012bts, ka latvie\u0161u aizsarga Uvja J\u0101\u0146a Balinska p\u0101rst\u0101v\u0113t\u0101 Nacion\u0101l\u0101s hokeja l\u012bgas (NHL) \u010dempione Floridas &#8220;Panthers&#8221; ceturtdien viesos&hellip;\n","protected":false},"author":2,"featured_media":72391,"comment_status":"","ping_status":"","sticky":false,"template":"","format":"standard","meta":{"footnotes":""},"categories":[17],"tags":[836,394,721,8970,35,39,38,36,37,34,40,835,3474,67,10954],"class_list":{"0":"post-72390","1":"post","2":"type-post","3":"status-publish","4":"format-standard","5":"has-post-thumbnail","7":"category-sports","8":"tag-hokeja-jaunumi","9":"tag-hokejs","10":"tag-hokejs-pasaule","11":"tag-kolorado-avalanche","12":"tag-latvia","13":"tag-latvian","14":"tag-latviesu","15":"tag-latviesu-valoda","16":"tag-latviesuvaloda","17":"tag-latvija","18":"tag-lv","19":"tag-nhl","20":"tag-sandis-ozolins","21":"tag-sports","22":"tag-stenlija-kauss"},"share_on_mastodon":{"url":"https:\/\/pubeurope.com\/@lv\/115706434871718780","error":""},"_links":{"self":[{"href":"https:\/\/www.europesays.com\/lv\/wp-json\/wp\/v2\/posts\/72390","targetHints":{"allow":["GET"]}}],"collection":[{"href":"https:\/\/www.europesays.com\/lv\/wp-json\/wp\/v2\/posts"}],"about":[{"href":"https:\/\/www.europesays.com\/lv\/wp-json\/wp\/v2\/types\/post"}],"author":[{"embeddable":true,"href":"https:\/\/www.europesays.com\/lv\/wp-json\/wp\/v2\/users\/2"}],"replies":[{"embeddable":true,"href":"https:\/\/www.europesays.com\/lv\/wp-json\/wp\/v2\/comments?post=72390"}],"version-history":[{"count":0,"href":"https:\/\/www.europesays.com\/lv\/wp-json\/wp\/v2\/posts\/72390\/revisions"}],"wp:featuredmedia":[{"embeddable":true,"href":"https:\/\/www.europesays.com\/lv\/wp-json\/wp\/v2\/media\/72391"}],"wp:attachment":[{"href":"https:\/\/www.europesays.com\/lv\/wp-json\/wp\/v2\/media?parent=72390"}],"wp:term":[{"taxonomy":"category","embeddable":true,"href":"https:\/\/www.europesays.com\/lv\/wp-json\/wp\/v2\/categories?post=72390"},{"taxonomy":"post_tag","embeddable":true,"href":"https:\/\/www.europesays.com\/lv\/wp-json\/wp\/v2\/tags?post=72390"}],"curies":[{"name":"wp","href":"https:\/\/api.w.org\/{rel}","templated":true}]}}