{"id":72392,"date":"2025-12-12T11:48:11","date_gmt":"2025-12-12T11:48:11","guid":{"rendered":"https:\/\/www.europesays.com\/lv\/72392\/"},"modified":"2025-12-12T11:48:11","modified_gmt":"2025-12-12T11:48:11","slug":"italu-virtuve-ieklauta-unesco-mantojuma-saraksta-raksts","status":"publish","type":"post","link":"https:\/\/www.europesays.com\/lv\/72392\/","title":{"rendered":"It\u0101\u013cu virtuve iek\u013cauta UNESCO mantojuma sarakst\u0101 \/ Raksts"},"content":{"rendered":"<p>It\u0101\u013cu virtuve guvusi \u012bpa\u0161u atzin\u012bbu, k\u013c\u016bstot par pirmo \u0113dienu virtuvi, kas iek\u013cauta UNESCO nemateri\u0101l\u0101 kult\u016bras mantojuma sarakst\u0101.\u00a0<\/p>\n<p>Romas iedz\u012bvot\u0101ja Mirella nor\u0101d\u012bja: &#8220;S\u0113d\u0113t pie galda kop\u0101 ar \u0123imeni vai draugiem \u2013 tas mums ir \u013coti svar\u012bgi. T\u0101 ir kop\u0101 b\u016b\u0161anas trad\u012bcija, k\u0101du neatrad\u012bsiet nekur citur pasaul\u0113.&#8221;<\/p>\n<p>Katram, kas bijis It\u0101lij\u0101, \u0101tri k\u013c\u016bst skaidrs, ka \u0113diens tik tie\u0161\u0101m tur ir trad\u012bcija. Un lai to saglab\u0101tu, trad\u012bcijas j\u0101nodod no paaudzes paaudz\u0113.<\/p>\n<p>Studente no Bari Emma sac\u012bja: &#8220;J\u0101, man vecm\u0101mi\u0146a iem\u0101c\u012bja gatavot. Esmu no Ap\u016blijas, mana vecmamma ir laba pav\u0101re, un jau no mazotnes st\u0101v\u0113ju vi\u0146ai blakus un skat\u012bjos, k\u0101 vi\u0146a gatavo. Vi\u0146a man iem\u0101c\u012bja ar\u012b \u013coti daudzas receptes.&#8221;\u00a0<\/p>\n<p>Ne tikai parastiem it\u0101\u013cu iedz\u012bvot\u0101jiem vec\u0101ki vai vecvec\u0101ki m\u0101c\u012bja \u0113diena gatavo\u0161anas trad\u012bcijas. Ar\u012b pla\u0161i paz\u012bstamiem pav\u0101riem viss s\u0101k\u0101s mammas virtuv\u0113 un ar mammas gatavotiem \u0113dieniem.\u00a0<\/p>\n<p>It\u0101\u013cu virtuves \u0161efpav\u0101rs Vi\u010denco Patti sac\u012bja, ka &#8220;It\u0101\u013cu virtuve past\u0101v, pateicoties m\u016bsu m\u0101t\u0113m un trad\u012bcij\u0101m, kas nodotas no paaudzes paaudz\u0113. Ir \u013coti daudz recep\u0161u, kas nav zudu\u0161as. Katru reizi, kad gatavoju \u0161os \u0113dienus, dzirdu savu mammu sak\u0101m \u2013 pasta ir par cietu, pielej vair\u0101k \u016bdeni, pielej maz\u0101k \u016bdeni. Vi\u0146as vairs nav, ta\u010du vi\u0146a palikusi atmi\u0146\u0101&#8221;.<\/p>\n<p>\u0112diens un \u0113\u0161ana It\u0101lij\u0101 nudien ir kas \u012bpa\u0161s \u2013 un tagad tas ir da\u013ca no UNESCO pasaules mantojuma.<\/p>\n<p>                    Valodas k\u013c\u016bda rakst\u0101?<\/p>\n<p class=\"d-none d-md-block\">Iez\u012bm\u0113jiet tekstu un spiediet Ctrl+Enter, lai nos\u016bt\u012btu labojamo teksta fragmentu redaktoram! Par faktu k\u013c\u016bd\u0101m l\u016bdzam zi\u0146ot e-past\u0101 <a href=\"https:\/\/www.lsm.lv\/cdn-cgi\/l\/email-protection\" class=\"__cf_email__\" data-cfemail=\"7b091e1f1a101812111a3b17081655170d\" rel=\"nofollow noopener\" target=\"_blank\">[email\u00a0protected]<\/a>.<\/p>\n<p class=\"d-md-none\">Iez\u012bm\u0113jiet tekstu un spiediet uz Zi\u0146ot par k\u013c\u016bdu pogas, lai nos\u016bt\u012btu labojamo teksta fragmentu redaktoram!<\/p>\n<p>\n                    Zi\u0146ot par k\u013c\u016bdu\n                <\/p>\n","protected":false},"excerpt":{"rendered":"It\u0101\u013cu virtuve guvusi \u012bpa\u0161u atzin\u012bbu, k\u013c\u016bstot par pirmo \u0113dienu virtuvi, kas iek\u013cauta UNESCO nemateri\u0101l\u0101 kult\u016bras mantojuma sarakst\u0101.\u00a0 Romas&hellip;\n","protected":false},"author":2,"featured_media":72393,"comment_status":"","ping_status":"","sticky":false,"template":"","format":"standard","meta":{"footnotes":""},"categories":[14],"tags":[23,57,28,29,32,33,22,30,31,35,39,38,36,37,34,40,20,26,27,24,25,54,55,56,21,58],"class_list":{"0":"post-72392","1":"post","2":"type-post","3":"status-publish","4":"format-standard","5":"has-post-thumbnail","7":"category-zinas-no-arvalstim","8":"tag-aktualitates","9":"tag-arvalstim","10":"tag-breaking-news","11":"tag-breakingnews","12":"tag-featured-news","13":"tag-featurednews","14":"tag-headlines","15":"tag-latest-news","16":"tag-latestnews","17":"tag-latvia","18":"tag-latvian","19":"tag-latviesu","20":"tag-latviesu-valoda","21":"tag-latviesuvaloda","22":"tag-latvija","23":"tag-lv","24":"tag-news","25":"tag-popularakas-zinas","26":"tag-popularakaszinas","27":"tag-top-stories","28":"tag-topstories","29":"tag-world","30":"tag-world-news","31":"tag-worldnews","32":"tag-zinas","33":"tag-zinas-no-arvalstim"},"share_on_mastodon":{"url":"https:\/\/pubeurope.com\/@lv\/115706442876827192","error":""},"_links":{"self":[{"href":"https:\/\/www.europesays.com\/lv\/wp-json\/wp\/v2\/posts\/72392","targetHints":{"allow":["GET"]}}],"collection":[{"href":"https:\/\/www.europesays.com\/lv\/wp-json\/wp\/v2\/posts"}],"about":[{"href":"https:\/\/www.europesays.com\/lv\/wp-json\/wp\/v2\/types\/post"}],"author":[{"embeddable":true,"href":"https:\/\/www.europesays.com\/lv\/wp-json\/wp\/v2\/users\/2"}],"replies":[{"embeddable":true,"href":"https:\/\/www.europesays.com\/lv\/wp-json\/wp\/v2\/comments?post=72392"}],"version-history":[{"count":0,"href":"https:\/\/www.europesays.com\/lv\/wp-json\/wp\/v2\/posts\/72392\/revisions"}],"wp:featuredmedia":[{"embeddable":true,"href":"https:\/\/www.europesays.com\/lv\/wp-json\/wp\/v2\/media\/72393"}],"wp:attachment":[{"href":"https:\/\/www.europesays.com\/lv\/wp-json\/wp\/v2\/media?parent=72392"}],"wp:term":[{"taxonomy":"category","embeddable":true,"href":"https:\/\/www.europesays.com\/lv\/wp-json\/wp\/v2\/categories?post=72392"},{"taxonomy":"post_tag","embeddable":true,"href":"https:\/\/www.europesays.com\/lv\/wp-json\/wp\/v2\/tags?post=72392"}],"curies":[{"name":"wp","href":"https:\/\/api.w.org\/{rel}","templated":true}]}}