{"id":72394,"date":"2025-12-12T11:49:10","date_gmt":"2025-12-12T11:49:10","guid":{"rendered":"https:\/\/www.europesays.com\/lv\/72394\/"},"modified":"2025-12-12T11:49:10","modified_gmt":"2025-12-12T11:49:10","slug":"bezmaksas-sabiedriskais-transports-riga-jauni-grozijumi-paredz-lielakas-atlaides","status":"publish","type":"post","link":"https:\/\/www.europesays.com\/lv\/72394\/","title":{"rendered":"Bezmaksas sabiedriskais transports R\u012bg\u0101: jauni groz\u012bjumi paredz liel\u0101kas atlaides"},"content":{"rendered":"<p>    <img decoding=\"async\" src=\"https:\/\/www.europesays.com\/lv\/wp-content\/uploads\/2025\/12\/LET_24632021-1-800x542.jpg\" alt=\"&#10;\"\/><\/p>\n<p>Foto:  Zane Bitere\/LETA\n<\/p>\n<p>12:05, 12. decembris 2025<\/p>\n<p>R\u012bgas domes Satiksmes un transporta lietu komiteja piektdien akcept\u0113ja groz\u012bjumus saisto\u0161ajos noteikumos par brauk\u0161anas maksas atvieglojumiem galvaspils\u0113tas sabiedrisk\u0101 transporta mar\u0161rutu t\u012bkl\u0101.<\/p>\n<p>        Las\u012bt\u0101kie<br \/>\n        <a data-imagesrc=\"{&quot;300&quot;:&quot;https:\\\/\\\/lastatic.ams3.cdn.digitaloceanspaces.com\\\/2025\\\/12\\\/LET_24813581-300x201.jpg&quot;,&quot;1024&quot;:&quot;https:\\\/\\\/lastatic.ams3.cdn.digitaloceanspaces.com\\\/2025\\\/12\\\/LET_24813581-1024x687.jpg&quot;,&quot;1536&quot;:&quot;https:\\\/\\\/lastatic.ams3.cdn.digitaloceanspaces.com\\\/2025\\\/12\\\/LET_24813581-1536x1031.jpg&quot;,&quot;500&quot;:&quot;https:\\\/\\\/lastatic.ams3.cdn.digitaloceanspaces.com\\\/2025\\\/12\\\/LET_24813581-500x335.jpg&quot;,&quot;800&quot;:&quot;https:\\\/\\\/lastatic.ams3.cdn.digitaloceanspaces.com\\\/2025\\\/12\\\/LET_24813581-800x537.jpg&quot;,&quot;2560&quot;:&quot;https:\\\/\\\/lastatic.ams3.cdn.digitaloceanspaces.com\\\/2025\\\/12\\\/LET_24813581-scaled.jpg&quot;}\" data-focuspoint=\"&quot;&quot;\" data-p=\"2479144\" href=\"https:\/\/www.la.lv\/esam-vienojusies-izskan-baumas-ka-eksprezidentes-vairas-vikes-freibergas-virs-nonacis-pansionata\" class=\"content-item lazy-load\" wp_automatic_readability=\"27\" rel=\"nofollow noopener\" target=\"_blank\"><\/p>\n<p>                                <img decoding=\"async\" src=\"\" alt=\"\" style=\"\" data-imageid=\"\"\/><\/p>\n<p>                                Kokteilis<\/p>\n<p>\n                                                \u201cEsam vienoju\u0161ies.\u201d Izskan baumas, ka eksprezidentes Vairas V\u012b\u0137es-Freibergas v\u012brs non\u0101cis pansion\u0101t\u0101\n                            <\/p>\n<p><\/a><a data-imagesrc=\"{&quot;300&quot;:&quot;https:\\\/\\\/lastatic.ams3.cdn.digitaloceanspaces.com\\\/2024\\\/07\\\/pexels-olly-3831552-300x200.jpg&quot;,&quot;1024&quot;:&quot;https:\\\/\\\/lastatic.ams3.cdn.digitaloceanspaces.com\\\/2024\\\/07\\\/pexels-olly-3831552-1024x683.jpg&quot;,&quot;768&quot;:&quot;https:\\\/\\\/lastatic.ams3.cdn.digitaloceanspaces.com\\\/2024\\\/07\\\/pexels-olly-3831552-768x512.jpg&quot;,&quot;1536&quot;:&quot;https:\\\/\\\/lastatic.ams3.cdn.digitaloceanspaces.com\\\/2024\\\/07\\\/pexels-olly-3831552-1536x1024.jpg&quot;,&quot;2048&quot;:&quot;https:\\\/\\\/lastatic.ams3.cdn.digitaloceanspaces.com\\\/2024\\\/07\\\/pexels-olly-3831552-2048x1365.jpg&quot;,&quot;200&quot;:&quot;https:\\\/\\\/lastatic.ams3.cdn.digitaloceanspaces.com\\\/2024\\\/07\\\/pexels-olly-3831552-200x133.jpg&quot;,&quot;400&quot;:&quot;https:\\\/\\\/lastatic.ams3.cdn.digitaloceanspaces.com\\\/2024\\\/07\\\/pexels-olly-3831552-400x267.jpg&quot;,&quot;500&quot;:&quot;https:\\\/\\\/lastatic.ams3.cdn.digitaloceanspaces.com\\\/2024\\\/07\\\/pexels-olly-3831552-500x333.jpg&quot;,&quot;800&quot;:&quot;https:\\\/\\\/lastatic.ams3.cdn.digitaloceanspaces.com\\\/2024\\\/07\\\/pexels-olly-3831552-800x533.jpg&quot;,&quot;1000&quot;:&quot;https:\\\/\\\/lastatic.ams3.cdn.digitaloceanspaces.com\\\/2024\\\/07\\\/pexels-olly-3831552-1000x667.jpg&quot;,&quot;2560&quot;:&quot;https:\\\/\\\/lastatic.ams3.cdn.digitaloceanspaces.com\\\/2024\\\/07\\\/pexels-olly-3831552-scaled.jpg&quot;}\" data-focuspoint=\"&quot;&quot;\" data-p=\"2272579\" href=\"https:\/\/www.la.lv\/eksperti-ir-nosaukusi-9-automasinas-no-kuram-vajadzetu-izvairities-pensionariem\" class=\"content-item lazy-load\" wp_automatic_readability=\"26.5\" rel=\"nofollow noopener\" target=\"_blank\"><\/p>\n<p>                                <img decoding=\"async\" src=\"\" alt=\"\" style=\"\" data-imageid=\"\"\/><\/p>\n<p>\n                                                Eksperti ir nosauku\u0161i 9 automa\u0161\u012bnas, no kur\u0101m vajadz\u0113tu izvair\u012bties pension\u0101riem\n                            <\/p>\n<p><\/a><a data-imagesrc=\"{&quot;300&quot;:&quot;https:\\\/\\\/lastatic.ams3.cdn.digitaloceanspaces.com\\\/2021\\\/10\\\/magone234-300x184.jpg&quot;,&quot;768&quot;:&quot;https:\\\/\\\/lastatic.ams3.cdn.digitaloceanspaces.com\\\/2021\\\/10\\\/magone234-768x472.jpg&quot;,&quot;200&quot;:&quot;https:\\\/\\\/lastatic.ams3.cdn.digitaloceanspaces.com\\\/2021\\\/10\\\/magone234-200x123.jpg&quot;,&quot;400&quot;:&quot;https:\\\/\\\/lastatic.ams3.cdn.digitaloceanspaces.com\\\/2021\\\/10\\\/magone234-400x246.jpg&quot;,&quot;500&quot;:&quot;https:\\\/\\\/lastatic.ams3.cdn.digitaloceanspaces.com\\\/2021\\\/10\\\/magone234-500x307.jpg&quot;,&quot;800&quot;:&quot;https:\\\/\\\/lastatic.ams3.cdn.digitaloceanspaces.com\\\/2021\\\/10\\\/magone234-800x492.jpg&quot;,&quot;1000&quot;:&quot;https:\\\/\\\/lastatic.ams3.cdn.digitaloceanspaces.com\\\/2021\\\/10\\\/magone234-1000x615.jpg&quot;,&quot;1017&quot;:&quot;https:\\\/\\\/lastatic.ams3.cdn.digitaloceanspaces.com\\\/2021\\\/10\\\/magone234.jpg&quot;}\" data-focuspoint=\"&quot;&quot;\" data-p=\"2479706\" href=\"https:\/\/www.la.lv\/sviez-edienu-te-pa-galdu-magone-vairs-nekluse-un-atklaj-ko-sova-kameras-vinas-attiecibas-ar-edgaru-nenofilmeja\" class=\"content-item lazy-load\" wp_automatic_readability=\"27\" rel=\"nofollow noopener\" target=\"_blank\"><\/p>\n<p>                                <img decoding=\"async\" src=\"\" alt=\"\" style=\"\" data-imageid=\"\"\/><\/p>\n<p>\n                                                \u201cSvie\u017e \u0113dienu te pa galdu\u2026\u201d Magone vairs neklus\u0113 un atkl\u0101j, ko \u0161ova kameras vi\u0146as attiec\u012bb\u0101s ar Edgaru nenofilm\u0113ja\n                            <\/p>\n<p><\/a><br \/>\n        <a class=\"read-more\" href=\"https:\/\/www.la.lv\/top\" rel=\"nofollow noopener\" target=\"_blank\">Las\u012bt citas zi\u0146as<\/a><\/p>\n<p>Groz\u012bjumi paredz noteikt, ka nacion\u0101l\u0101s preto\u0161an\u0101s kust\u012bbas dal\u012bbniekiem brauk\u0161anas maksas atvieglojums ir 100% apm\u0113r\u0101 no bi\u013cetes cenas. L\u012bdz \u0161im saisto\u0161ie noteikumi noteica, ka galvaspils\u0113tas sabiedriskaj\u0101 transport\u0101 bez maksas var braukt tikai tie nacion\u0101l\u0101s preto\u0161an\u0101s kust\u012bbas dal\u012bbnieki, kuri deklar\u0113ti R\u012bg\u0101.<\/p>\n<p>Savuk\u0101rt p\u0113c saisto\u0161o noteikumu groz\u012bjumu pie\u0146em\u0161anas bez maksas galvaspils\u0113t\u0101 var\u0113s braukt ar\u012b cit\u0101s pa\u0161vald\u012bb\u0101s deklar\u0113ti nacion\u0101l\u0101s preto\u0161an\u0101s kust\u012bbas dal\u012bbnieki.<\/p>\n<p>    CITI \u0160OBR\u012aD LASA<\/p>\n<p>Atlaidi 50% apm\u0113r\u0101 pl\u0101nots noteikt Labkl\u0101j\u012bbas departamenta pak\u013caut\u012bbas iest\u0101\u017eu tehniskajiem darbiniekiem, kuru ned\u0113\u013cas darba laiks ir vismaz 20 stundas.<\/p>\n<p>Patlaban \u0161\u0101da atlaide piem\u0113rota Labkl\u0101j\u012bbas departamenta pak\u013caut\u012bbas iest\u0101\u017eu soci\u0101l\u0101 darba speci\u0101listiem, apr\u016bp\u0113t\u0101jiem, vesel\u012bbas apr\u016bpes person\u0101lam, audzin\u0101t\u0101jiem un aukl\u0113m.<\/p>\n<p>Papildus iepriek\u0161 noteiktaj\u0101m dien\u0101m, kad visi pasa\u017eieri R\u012bgas sabiedriskaj\u0101 transport\u0101 var braukt bez maksas, pl\u0101nots noteikt, ka bez maksas var\u0113s braukt m\u0101c\u012bbu gada pirmaj\u0101 dien\u0101.<\/p>\n<p>T\u0101pat l\u012bdz n\u0101kam\u0101 gada 30. j\u016bnijam pagarin\u0101ta iesp\u0113ja Ukrainas b\u0113g\u013ciem braukt bez maksas sabiedriskaj\u0101 transport\u0101. Pa\u0161laik \u0161ie atvieglojumi ir sp\u0113k\u0101 l\u012bdz 2025. gada beig\u0101m.<\/p>\n<p>K\u0101 nor\u0101d\u012bts saisto\u0161o noteikumu projekta paskaidrojumu rakst\u0101, pie\u0161\u0137irot brauk\u0161anas maksas atvieglojumus R\u012bgas sabiedrisk\u0101 transporta mar\u0161rutu t\u012bkl\u0101 nacion\u0101l\u0101s preto\u0161an\u0101s kust\u012bbas dal\u012bbniekiem, pa\u0161vald\u012bbas dot\u0101cija b\u016btu j\u0101palielina l\u012bdz 43 567 eiro.<\/p>\n<p>Atlaides Labkl\u0101j\u012bbas departamenta pak\u013caut\u012bbas iest\u0101\u017eu soci\u0101l\u0101 darba tehniskajiem darbiniekiem var\u0113tu izmaks\u0101t 136 254 eiro.<\/p>\n<p>Nosakot bezmaksas brauk\u0161anu m\u0101c\u012bbu gada s\u0101kuma dien\u0101, pa\u0161vald\u012bbai b\u016bs j\u0101samaks\u0101 uz\u0146\u0113mumam \u201cR\u012bgas satiksme\u201d 707 057 eiro.<\/p>\n<p>Savuk\u0101rt bezmaksas brauk\u0161anas pagarin\u0101\u0161ana par pusgadu Ukrainas b\u0113g\u013ciem izmaks\u0101s 3,5 miljonus eiro.<\/p>\n<p>Gala l\u0113mums par groz\u012bjumiem saisto\u0161ajos noteikumos j\u0101pie\u0146em R\u012bgas domei.<\/p>\n<p>T\u0113mas<\/p>\n<p>    SAIST\u012aTIE RAKSTI<\/p>\n","protected":false},"excerpt":{"rendered":"Foto: Zane Bitere\/LETA 12:05, 12. decembris 2025 R\u012bgas domes Satiksmes un transporta lietu komiteja piektdien akcept\u0113ja groz\u012bjumus saisto\u0161ajos&hellip;\n","protected":false},"author":2,"featured_media":72395,"comment_status":"","ping_status":"","sticky":false,"template":"","format":"standard","meta":{"footnotes":""},"categories":[12],"tags":[23,28,29,32,33,22,30,31,35,39,38,36,37,34,40,20,26,27,24,25,21],"class_list":{"0":"post-72394","1":"post","2":"type-post","3":"status-publish","4":"format-standard","5":"has-post-thumbnail","7":"category-latvija","8":"tag-aktualitates","9":"tag-breaking-news","10":"tag-breakingnews","11":"tag-featured-news","12":"tag-featurednews","13":"tag-headlines","14":"tag-latest-news","15":"tag-latestnews","16":"tag-latvia","17":"tag-latvian","18":"tag-latviesu","19":"tag-latviesu-valoda","20":"tag-latviesuvaloda","21":"tag-latvija","22":"tag-lv","23":"tag-news","24":"tag-popularakas-zinas","25":"tag-popularakaszinas","26":"tag-top-stories","27":"tag-topstories","28":"tag-zinas"},"share_on_mastodon":{"url":"https:\/\/pubeurope.com\/@lv\/115706446964262686","error":""},"_links":{"self":[{"href":"https:\/\/www.europesays.com\/lv\/wp-json\/wp\/v2\/posts\/72394","targetHints":{"allow":["GET"]}}],"collection":[{"href":"https:\/\/www.europesays.com\/lv\/wp-json\/wp\/v2\/posts"}],"about":[{"href":"https:\/\/www.europesays.com\/lv\/wp-json\/wp\/v2\/types\/post"}],"author":[{"embeddable":true,"href":"https:\/\/www.europesays.com\/lv\/wp-json\/wp\/v2\/users\/2"}],"replies":[{"embeddable":true,"href":"https:\/\/www.europesays.com\/lv\/wp-json\/wp\/v2\/comments?post=72394"}],"version-history":[{"count":0,"href":"https:\/\/www.europesays.com\/lv\/wp-json\/wp\/v2\/posts\/72394\/revisions"}],"wp:featuredmedia":[{"embeddable":true,"href":"https:\/\/www.europesays.com\/lv\/wp-json\/wp\/v2\/media\/72395"}],"wp:attachment":[{"href":"https:\/\/www.europesays.com\/lv\/wp-json\/wp\/v2\/media?parent=72394"}],"wp:term":[{"taxonomy":"category","embeddable":true,"href":"https:\/\/www.europesays.com\/lv\/wp-json\/wp\/v2\/categories?post=72394"},{"taxonomy":"post_tag","embeddable":true,"href":"https:\/\/www.europesays.com\/lv\/wp-json\/wp\/v2\/tags?post=72394"}],"curies":[{"name":"wp","href":"https:\/\/api.w.org\/{rel}","templated":true}]}}